{"id":1342,"date":"2015-09-28T08:13:04","date_gmt":"2015-09-28T08:13:04","guid":{"rendered":"http:\/\/ecolecaritas.be\/new\/?p=1342"},"modified":"2015-09-28T08:13:55","modified_gmt":"2015-09-28T08:13:55","slug":"le-cerceau-magique-2","status":"publish","type":"post","link":"https:\/\/ecolecaritas.be\/new\/le-cerceau-magique-2\/","title":{"rendered":"Le cerceau magique"},"content":{"rendered":"<p>En cette rentr\u00e9e des classes, les nouveaux \u00e9l\u00e8ves de l&rsquo;\u00e9cole ont \u00e9t\u00e9 \u00ab\u00a0intronis\u00e9s\u00a0\u00bb dans le cerceau magique de Caritas.<\/p>\n<p>Ce cerceau mat\u00e9rialise l&rsquo;espace personnel de chaque enfant: j&rsquo;ai le droit de d\u00e9fendre cet espace, j&rsquo;ai le devoir de respecter le cerceau des autres enfants (ne pas agresser, chiper les jouets, faire des c\u00e2lins et des bisous si l&rsquo;autre enfant ne veut pas,&#8230;).<\/p>\n<div class=\"rl-gallery-container \" id=\"rl-gallery-container-1\" data-gallery_id=\"0\"> <div class=\"rl-gallery rl-basicgrid-gallery \" id=\"rl-gallery-1\" data-gallery_no=\"1\"> <div class=\"rl-gallery-item\"><a href=\"https:\/\/ecolecaritas.be\/new\/wp-content\/uploads\/2015\/09\/DSC01912.jpg\" title=\"\" data-rl_title=\"\" class=\"rl-gallery-link\" data-rl_caption=\"\" data-rel=\"lightbox-gallery-1\"><img loading=\"lazy\" decoding=\"async\" src=\"https:\/\/ecolecaritas.be\/new\/wp-content\/uploads\/2015\/09\/DSC01912-300x225.jpg\" width=\"300\" height=\"225\" alt=\"\" \/><\/a><\/div><div class=\"rl-gallery-item\"><a href=\"https:\/\/ecolecaritas.be\/new\/wp-content\/uploads\/2015\/09\/DSC01913.jpg\" title=\"\" data-rl_title=\"\" class=\"rl-gallery-link\" data-rl_caption=\"\" data-rel=\"lightbox-gallery-1\"><img loading=\"lazy\" decoding=\"async\" src=\"https:\/\/ecolecaritas.be\/new\/wp-content\/uploads\/2015\/09\/DSC01913-300x225.jpg\" width=\"300\" height=\"225\" alt=\"\" \/><\/a><\/div> <\/div> <\/div>\n","protected":false},"excerpt":{"rendered":"<div class=\"mh-excerpt\"><p>En cette rentr\u00e9e des classes, les nouveaux \u00e9l\u00e8ves de l&rsquo;\u00e9cole ont \u00e9t\u00e9 \u00ab\u00a0intronis\u00e9s\u00a0\u00bb dans le cerceau magique de Caritas. Ce cerceau mat\u00e9rialise l&rsquo;espace personnel de <a class=\"mh-excerpt-more\" href=\"https:\/\/ecolecaritas.be\/new\/le-cerceau-magique-2\/\" title=\"Le cerceau magique\">[&#8230;]<\/a><\/p>\n<\/div>","protected":false},"author":4,"featured_media":1344,"comment_status":"closed","ping_status":"closed","sticky":false,"template":"","format":"standard","meta":{"footnotes":""},"categories":[7,8,9,10,6],"tags":[],"class_list":["post-1342","post","type-post","status-publish","format-standard","has-post-thumbnail","hentry","category-mat","category-p12","category-p34","category-p56","category-general"],"_links":{"self":[{"href":"https:\/\/ecolecaritas.be\/new\/wp-json\/wp\/v2\/posts\/1342","targetHints":{"allow":["GET"]}}],"collection":[{"href":"https:\/\/ecolecaritas.be\/new\/wp-json\/wp\/v2\/posts"}],"about":[{"href":"https:\/\/ecolecaritas.be\/new\/wp-json\/wp\/v2\/types\/post"}],"author":[{"embeddable":true,"href":"https:\/\/ecolecaritas.be\/new\/wp-json\/wp\/v2\/users\/4"}],"replies":[{"embeddable":true,"href":"https:\/\/ecolecaritas.be\/new\/wp-json\/wp\/v2\/comments?post=1342"}],"version-history":[{"count":1,"href":"https:\/\/ecolecaritas.be\/new\/wp-json\/wp\/v2\/posts\/1342\/revisions"}],"predecessor-version":[{"id":1345,"href":"https:\/\/ecolecaritas.be\/new\/wp-json\/wp\/v2\/posts\/1342\/revisions\/1345"}],"wp:featuredmedia":[{"embeddable":true,"href":"https:\/\/ecolecaritas.be\/new\/wp-json\/wp\/v2\/media\/1344"}],"wp:attachment":[{"href":"https:\/\/ecolecaritas.be\/new\/wp-json\/wp\/v2\/media?parent=1342"}],"wp:term":[{"taxonomy":"category","embeddable":true,"href":"https:\/\/ecolecaritas.be\/new\/wp-json\/wp\/v2\/categories?post=1342"},{"taxonomy":"post_tag","embeddable":true,"href":"https:\/\/ecolecaritas.be\/new\/wp-json\/wp\/v2\/tags?post=1342"}],"curies":[{"name":"wp","href":"https:\/\/api.w.org\/{rel}","templated":true}]}}