{"id":144909,"date":"2017-03-24T08:38:27","date_gmt":"2017-03-24T08:38:27","guid":{"rendered":"http:\/\/ecolecaritas.be\/new\/?p=144909"},"modified":"2017-03-24T08:38:27","modified_gmt":"2017-03-24T08:38:27","slug":"nous-voici-rentres","status":"publish","type":"post","link":"https:\/\/ecolecaritas.be\/new\/nous-voici-rentres\/","title":{"rendered":"Nous voici rentr\u00e9s"},"content":{"rendered":"<p>Bonjour \u00e0 tous,<\/p>\n<p>Le site semble \u00e0 nouveau op\u00e9rationnel (merci \u00e0 Karen qui travaille d&rsquo;arrache-pieds depuis plusieurs jours).<\/p>\n<p>Entre-temps, nous voici de retour, fatigu\u00e9s et&#8230; tr\u00e8s heureux de notre s\u00e9jour. Il faut dire que tout \u00e9tait de notre c\u00f4t\u00e9: m\u00e9t\u00e9o fabuleuse, h\u00f4tel plein de charme, la cuisine d\u00e9licieuse de Genevi\u00e8ve, les cours de ski avec nos chouettes moniteurs (et tout le domaine \u00e9tait encore ouvert), et puis surtout un groupe d&rsquo;enfants EXTRA: quel plaisir de faire d\u00e9couvrir cette r\u00e9gion et le milieu de la montagne \u00e0 des enfants qui ont envie de savoir, qui sont attentifs et qui \u00e9coutent la personne qui donne des explications (guides, professeurs, ou Mme Renault).<\/p>\n<p>Un \u00e9norme MERCI \u00e0 tous les enfants, \u00e0 Mme Claire et \u00e0 Mme Marie Caroline, et \u00e0 nos deux stagiaires, Am\u00e9lie et Charlotte.<\/p>\n","protected":false},"excerpt":{"rendered":"<div class=\"mh-excerpt\"><p>Bonjour \u00e0 tous, Le site semble \u00e0 nouveau op\u00e9rationnel (merci \u00e0 Karen qui travaille d&rsquo;arrache-pieds depuis plusieurs jours). Entre-temps, nous voici de retour, fatigu\u00e9s et&#8230; <a class=\"mh-excerpt-more\" href=\"https:\/\/ecolecaritas.be\/new\/nous-voici-rentres\/\" title=\"Nous voici rentr\u00e9s\">[&#8230;]<\/a><\/p>\n<\/div>","protected":false},"author":4,"featured_media":138009,"comment_status":"closed","ping_status":"closed","sticky":false,"template":"","format":"standard","meta":{"footnotes":""},"categories":[10],"tags":[],"class_list":["post-144909","post","type-post","status-publish","format-standard","has-post-thumbnail","hentry","category-p56"],"_links":{"self":[{"href":"https:\/\/ecolecaritas.be\/new\/wp-json\/wp\/v2\/posts\/144909","targetHints":{"allow":["GET"]}}],"collection":[{"href":"https:\/\/ecolecaritas.be\/new\/wp-json\/wp\/v2\/posts"}],"about":[{"href":"https:\/\/ecolecaritas.be\/new\/wp-json\/wp\/v2\/types\/post"}],"author":[{"embeddable":true,"href":"https:\/\/ecolecaritas.be\/new\/wp-json\/wp\/v2\/users\/4"}],"replies":[{"embeddable":true,"href":"https:\/\/ecolecaritas.be\/new\/wp-json\/wp\/v2\/comments?post=144909"}],"version-history":[{"count":1,"href":"https:\/\/ecolecaritas.be\/new\/wp-json\/wp\/v2\/posts\/144909\/revisions"}],"predecessor-version":[{"id":144910,"href":"https:\/\/ecolecaritas.be\/new\/wp-json\/wp\/v2\/posts\/144909\/revisions\/144910"}],"wp:featuredmedia":[{"embeddable":true,"href":"https:\/\/ecolecaritas.be\/new\/wp-json\/wp\/v2\/media\/138009"}],"wp:attachment":[{"href":"https:\/\/ecolecaritas.be\/new\/wp-json\/wp\/v2\/media?parent=144909"}],"wp:term":[{"taxonomy":"category","embeddable":true,"href":"https:\/\/ecolecaritas.be\/new\/wp-json\/wp\/v2\/categories?post=144909"},{"taxonomy":"post_tag","embeddable":true,"href":"https:\/\/ecolecaritas.be\/new\/wp-json\/wp\/v2\/tags?post=144909"}],"curies":[{"name":"wp","href":"https:\/\/api.w.org\/{rel}","templated":true}]}}