{"id":144952,"date":"2017-04-19T10:01:05","date_gmt":"2017-04-19T10:01:05","guid":{"rendered":"http:\/\/ecolecaritas.be\/new\/?p=144952"},"modified":"2017-04-19T10:01:05","modified_gmt":"2017-04-19T10:01:05","slug":"cest-le-printemps","status":"publish","type":"post","link":"https:\/\/ecolecaritas.be\/new\/cest-le-printemps\/","title":{"rendered":"C&rsquo;est le printemps !"},"content":{"rendered":"<p>Les classes maternelles se montrent cr\u00e9atives pour f\u00eater le printemps !<\/p>\n<p>Vivement les semis, l&rsquo;\u00e9volution des t\u00eatards de la mare et l&rsquo;observations des petites b\u00eates !<\/p>\n<div class=\"rl-gallery-container \" id=\"rl-gallery-container-1\" data-gallery_id=\"0\"> <div class=\"rl-gallery rl-basicgrid-gallery \" id=\"rl-gallery-1\" data-gallery_no=\"1\"> <div class=\"rl-gallery-item\"><a href=\"https:\/\/ecolecaritas.be\/new\/wp-content\/uploads\/2017\/04\/2017-03-21-09.31.09.jpg\" title=\"\" data-rl_title=\"\" class=\"rl-gallery-link\" data-rl_caption=\"\" data-rel=\"lightbox-gallery-1\"><img loading=\"lazy\" decoding=\"async\" src=\"https:\/\/ecolecaritas.be\/new\/wp-content\/uploads\/2017\/04\/2017-03-21-09.31.09-300x225.jpg\" width=\"300\" height=\"225\" alt=\"\" \/><\/a><\/div><div class=\"rl-gallery-item\"><a href=\"https:\/\/ecolecaritas.be\/new\/wp-content\/uploads\/2017\/04\/2017-03-21-09.38.14-e1491474953261.jpg\" title=\"\" data-rl_title=\"\" class=\"rl-gallery-link\" data-rl_caption=\"\" data-rel=\"lightbox-gallery-1\"><img loading=\"lazy\" decoding=\"async\" src=\"https:\/\/ecolecaritas.be\/new\/wp-content\/uploads\/2017\/04\/2017-03-21-09.38.14-e1491474953261-225x300.jpg\" width=\"225\" height=\"300\" alt=\"\" \/><\/a><\/div><div class=\"rl-gallery-item\"><a href=\"https:\/\/ecolecaritas.be\/new\/wp-content\/uploads\/2017\/04\/2017-03-21-09.38.10-e1491474972525.jpg\" title=\"\" data-rl_title=\"\" class=\"rl-gallery-link\" data-rl_caption=\"\" data-rel=\"lightbox-gallery-1\"><img loading=\"lazy\" decoding=\"async\" src=\"https:\/\/ecolecaritas.be\/new\/wp-content\/uploads\/2017\/04\/2017-03-21-09.38.10-e1491474972525-225x300.jpg\" width=\"225\" height=\"300\" alt=\"\" \/><\/a><\/div><div class=\"rl-gallery-item\"><a href=\"https:\/\/ecolecaritas.be\/new\/wp-content\/uploads\/2017\/04\/2017-03-21-09.38.00-e1491474990906.jpg\" title=\"\" data-rl_title=\"\" class=\"rl-gallery-link\" data-rl_caption=\"\" data-rel=\"lightbox-gallery-1\"><img loading=\"lazy\" decoding=\"async\" src=\"https:\/\/ecolecaritas.be\/new\/wp-content\/uploads\/2017\/04\/2017-03-21-09.38.00-e1491474990906-225x300.jpg\" width=\"225\" height=\"300\" alt=\"\" \/><\/a><\/div><div class=\"rl-gallery-item\"><a href=\"https:\/\/ecolecaritas.be\/new\/wp-content\/uploads\/2017\/04\/2017-03-21-09.37.55-e1491475009583.jpg\" title=\"\" data-rl_title=\"\" class=\"rl-gallery-link\" data-rl_caption=\"\" data-rel=\"lightbox-gallery-1\"><img loading=\"lazy\" decoding=\"async\" src=\"https:\/\/ecolecaritas.be\/new\/wp-content\/uploads\/2017\/04\/2017-03-21-09.37.55-e1491475009583-225x300.jpg\" width=\"225\" height=\"300\" alt=\"\" \/><\/a><\/div><div class=\"rl-gallery-item\"><a href=\"https:\/\/ecolecaritas.be\/new\/wp-content\/uploads\/2017\/04\/2017-03-21-09.35.20-e1491475031292.jpg\" title=\"\" data-rl_title=\"\" class=\"rl-gallery-link\" data-rl_caption=\"\" data-rel=\"lightbox-gallery-1\"><img loading=\"lazy\" decoding=\"async\" src=\"https:\/\/ecolecaritas.be\/new\/wp-content\/uploads\/2017\/04\/2017-03-21-09.35.20-e1491475031292-225x300.jpg\" width=\"225\" height=\"300\" alt=\"\" \/><\/a><\/div><div class=\"rl-gallery-item\"><a href=\"https:\/\/ecolecaritas.be\/new\/wp-content\/uploads\/2017\/04\/2017-03-21-09.38.25.jpg\" title=\"\" data-rl_title=\"\" class=\"rl-gallery-link\" data-rl_caption=\"\" data-rel=\"lightbox-gallery-1\"><img loading=\"lazy\" decoding=\"async\" src=\"https:\/\/ecolecaritas.be\/new\/wp-content\/uploads\/2017\/04\/2017-03-21-09.38.25-300x225.jpg\" width=\"300\" height=\"225\" alt=\"\" \/><\/a><\/div><div class=\"rl-gallery-item\"><a href=\"https:\/\/ecolecaritas.be\/new\/wp-content\/uploads\/2017\/04\/2017-03-21-09.37.43.jpg\" title=\"\" data-rl_title=\"\" class=\"rl-gallery-link\" data-rl_caption=\"\" data-rel=\"lightbox-gallery-1\"><img loading=\"lazy\" decoding=\"async\" src=\"https:\/\/ecolecaritas.be\/new\/wp-content\/uploads\/2017\/04\/2017-03-21-09.37.43-300x225.jpg\" width=\"300\" height=\"225\" alt=\"\" \/><\/a><\/div><div class=\"rl-gallery-item\"><a href=\"https:\/\/ecolecaritas.be\/new\/wp-content\/uploads\/2017\/04\/2017-03-21-09.37.39.jpg\" title=\"\" data-rl_title=\"\" class=\"rl-gallery-link\" data-rl_caption=\"\" data-rel=\"lightbox-gallery-1\"><img loading=\"lazy\" decoding=\"async\" src=\"https:\/\/ecolecaritas.be\/new\/wp-content\/uploads\/2017\/04\/2017-03-21-09.37.39-300x225.jpg\" width=\"300\" height=\"225\" alt=\"\" \/><\/a><\/div><div class=\"rl-gallery-item\"><a href=\"https:\/\/ecolecaritas.be\/new\/wp-content\/uploads\/2017\/04\/2017-03-21-09.37.14.jpg\" title=\"\" data-rl_title=\"\" class=\"rl-gallery-link\" data-rl_caption=\"\" data-rel=\"lightbox-gallery-1\"><img loading=\"lazy\" decoding=\"async\" src=\"https:\/\/ecolecaritas.be\/new\/wp-content\/uploads\/2017\/04\/2017-03-21-09.37.14-300x225.jpg\" width=\"300\" height=\"225\" alt=\"\" \/><\/a><\/div><div class=\"rl-gallery-item\"><a href=\"https:\/\/ecolecaritas.be\/new\/wp-content\/uploads\/2017\/04\/2017-03-21-09.37.08.jpg\" title=\"\" data-rl_title=\"\" class=\"rl-gallery-link\" data-rl_caption=\"\" data-rel=\"lightbox-gallery-1\"><img loading=\"lazy\" decoding=\"async\" src=\"https:\/\/ecolecaritas.be\/new\/wp-content\/uploads\/2017\/04\/2017-03-21-09.37.08-300x225.jpg\" width=\"300\" height=\"225\" alt=\"\" \/><\/a><\/div><div class=\"rl-gallery-item\"><a href=\"https:\/\/ecolecaritas.be\/new\/wp-content\/uploads\/2017\/04\/2017-03-21-09.36.02.jpg\" title=\"\" data-rl_title=\"\" class=\"rl-gallery-link\" data-rl_caption=\"\" data-rel=\"lightbox-gallery-1\"><img loading=\"lazy\" decoding=\"async\" src=\"https:\/\/ecolecaritas.be\/new\/wp-content\/uploads\/2017\/04\/2017-03-21-09.36.02-300x225.jpg\" width=\"300\" height=\"225\" alt=\"\" \/><\/a><\/div><div class=\"rl-gallery-item\"><a href=\"https:\/\/ecolecaritas.be\/new\/wp-content\/uploads\/2017\/04\/2017-03-21-09.35.39.jpg\" title=\"\" data-rl_title=\"\" class=\"rl-gallery-link\" data-rl_caption=\"\" data-rel=\"lightbox-gallery-1\"><img loading=\"lazy\" decoding=\"async\" src=\"https:\/\/ecolecaritas.be\/new\/wp-content\/uploads\/2017\/04\/2017-03-21-09.35.39-300x225.jpg\" width=\"300\" height=\"225\" alt=\"\" \/><\/a><\/div><div class=\"rl-gallery-item\"><a href=\"https:\/\/ecolecaritas.be\/new\/wp-content\/uploads\/2017\/04\/2017-03-21-09.32.39.jpg\" title=\"\" data-rl_title=\"\" class=\"rl-gallery-link\" data-rl_caption=\"\" data-rel=\"lightbox-gallery-1\"><img loading=\"lazy\" decoding=\"async\" src=\"https:\/\/ecolecaritas.be\/new\/wp-content\/uploads\/2017\/04\/2017-03-21-09.32.39-300x225.jpg\" width=\"300\" height=\"225\" alt=\"\" \/><\/a><\/div><div class=\"rl-gallery-item\"><a href=\"https:\/\/ecolecaritas.be\/new\/wp-content\/uploads\/2017\/04\/2017-03-21-09.32.14.jpg\" title=\"\" data-rl_title=\"\" class=\"rl-gallery-link\" data-rl_caption=\"\" data-rel=\"lightbox-gallery-1\"><img loading=\"lazy\" decoding=\"async\" src=\"https:\/\/ecolecaritas.be\/new\/wp-content\/uploads\/2017\/04\/2017-03-21-09.32.14-300x225.jpg\" width=\"300\" height=\"225\" alt=\"\" \/><\/a><\/div><div class=\"rl-gallery-item\"><a href=\"https:\/\/ecolecaritas.be\/new\/wp-content\/uploads\/2017\/04\/2017-03-21-09.31.49.jpg\" title=\"\" data-rl_title=\"\" class=\"rl-gallery-link\" data-rl_caption=\"\" data-rel=\"lightbox-gallery-1\"><img loading=\"lazy\" decoding=\"async\" src=\"https:\/\/ecolecaritas.be\/new\/wp-content\/uploads\/2017\/04\/2017-03-21-09.31.49-300x225.jpg\" width=\"300\" height=\"225\" alt=\"\" \/><\/a><\/div><div class=\"rl-gallery-item\"><a href=\"https:\/\/ecolecaritas.be\/new\/wp-content\/uploads\/2017\/04\/2017-03-21-09.31.35.jpg\" title=\"\" data-rl_title=\"\" class=\"rl-gallery-link\" data-rl_caption=\"\" data-rel=\"lightbox-gallery-1\"><img loading=\"lazy\" decoding=\"async\" src=\"https:\/\/ecolecaritas.be\/new\/wp-content\/uploads\/2017\/04\/2017-03-21-09.31.35-300x225.jpg\" width=\"300\" height=\"225\" alt=\"\" \/><\/a><\/div><div class=\"rl-gallery-item\"><a href=\"https:\/\/ecolecaritas.be\/new\/wp-content\/uploads\/2017\/04\/2017-03-21-09.30.36.jpg\" title=\"\" data-rl_title=\"\" class=\"rl-gallery-link\" data-rl_caption=\"\" data-rel=\"lightbox-gallery-1\"><img loading=\"lazy\" decoding=\"async\" src=\"https:\/\/ecolecaritas.be\/new\/wp-content\/uploads\/2017\/04\/2017-03-21-09.30.36-300x225.jpg\" width=\"300\" height=\"225\" alt=\"\" \/><\/a><\/div> <\/div> <\/div>\n","protected":false},"excerpt":{"rendered":"<div class=\"mh-excerpt\"><p>Les classes maternelles se montrent cr\u00e9atives pour f\u00eater le printemps ! Vivement les semis, l&rsquo;\u00e9volution des t\u00eatards de la mare et l&rsquo;observations des petites b\u00eates <a class=\"mh-excerpt-more\" href=\"https:\/\/ecolecaritas.be\/new\/cest-le-printemps\/\" title=\"C&rsquo;est le printemps !\">[&#8230;]<\/a><\/p>\n<\/div>","protected":false},"author":5,"featured_media":144935,"comment_status":"closed","ping_status":"closed","sticky":false,"template":"","format":"standard","meta":{"footnotes":""},"categories":[7],"tags":[],"class_list":["post-144952","post","type-post","status-publish","format-standard","has-post-thumbnail","hentry","category-mat"],"_links":{"self":[{"href":"https:\/\/ecolecaritas.be\/new\/wp-json\/wp\/v2\/posts\/144952","targetHints":{"allow":["GET"]}}],"collection":[{"href":"https:\/\/ecolecaritas.be\/new\/wp-json\/wp\/v2\/posts"}],"about":[{"href":"https:\/\/ecolecaritas.be\/new\/wp-json\/wp\/v2\/types\/post"}],"author":[{"embeddable":true,"href":"https:\/\/ecolecaritas.be\/new\/wp-json\/wp\/v2\/users\/5"}],"replies":[{"embeddable":true,"href":"https:\/\/ecolecaritas.be\/new\/wp-json\/wp\/v2\/comments?post=144952"}],"version-history":[{"count":2,"href":"https:\/\/ecolecaritas.be\/new\/wp-json\/wp\/v2\/posts\/144952\/revisions"}],"predecessor-version":[{"id":144954,"href":"https:\/\/ecolecaritas.be\/new\/wp-json\/wp\/v2\/posts\/144952\/revisions\/144954"}],"wp:featuredmedia":[{"embeddable":true,"href":"https:\/\/ecolecaritas.be\/new\/wp-json\/wp\/v2\/media\/144935"}],"wp:attachment":[{"href":"https:\/\/ecolecaritas.be\/new\/wp-json\/wp\/v2\/media?parent=144952"}],"wp:term":[{"taxonomy":"category","embeddable":true,"href":"https:\/\/ecolecaritas.be\/new\/wp-json\/wp\/v2\/categories?post=144952"},{"taxonomy":"post_tag","embeddable":true,"href":"https:\/\/ecolecaritas.be\/new\/wp-json\/wp\/v2\/tags?post=144952"}],"curies":[{"name":"wp","href":"https:\/\/api.w.org\/{rel}","templated":true}]}}