{"id":145029,"date":"2017-05-21T20:14:56","date_gmt":"2017-05-21T20:14:56","guid":{"rendered":"http:\/\/ecolecaritas.be\/new\/?p=145029"},"modified":"2017-05-21T20:14:56","modified_gmt":"2017-05-21T20:14:56","slug":"80-ans-de-lecole-les-deux-personnalites-qui-ont-fonde-lecole-caritas-a-hamme-mille","status":"publish","type":"post","link":"https:\/\/ecolecaritas.be\/new\/80-ans-de-lecole-les-deux-personnalites-qui-ont-fonde-lecole-caritas-a-hamme-mille\/","title":{"rendered":"80 ans de l&rsquo;\u00e9cole: les deux personnalit\u00e9s qui ont fond\u00e9 l\u2019\u00e9cole Caritas \u00e0 Hamme-Mille"},"content":{"rendered":"<p><em>Un article pour les 80 ans de l\u2019\u00e9cole Caritas, par Bruno Van de Casteele, membre du Pouvoir Organisateur, printemps 2017. <\/em><\/p>\n<p>Le 15 septembre 1937, il y a donc 80 ans, l\u2019\u00e9cole Caritas organisait ses premi\u00e8res classes, dans les b\u00e2timents des actuelles maternelles de Caritas. Les origines de l\u2019\u00e9cole vont bien au-del\u00e0 de cette date\u2026 Pour mieux comprendre les origines de l\u2019\u00e9cole, je dois mettre en \u00e9vidence deux personnes, sans qui il n\u2019y aurait pas eu d\u2019\u00e9cole Caritas ni m\u00eame une \u00e9cole libre \u00e0 Hamme-Mille. Il s\u2019agit de S\u0153ur Caritas des Annonciades d\u2019Heverlee (1878-1942) et du cur\u00e9 de la paroisse Van Gucht (1882-1967).<\/p>\n<figure id=\"attachment_145030\" aria-describedby=\"caption-attachment-145030\" style=\"width: 419px\" class=\"wp-caption alignnone\"><a href=\"https:\/\/ecolecaritas.be\/new\/wp-content\/uploads\/2017\/05\/new-doc-2017-05-13-22.38.04_1-e1495397083602.jpg\" data-rel=\"lightbox-image-0\" data-rl_title=\"\" data-rl_caption=\"\" title=\"\"><img loading=\"lazy\" decoding=\"async\" class=\"wp-image-145030 \" src=\"https:\/\/ecolecaritas.be\/new\/wp-content\/uploads\/2017\/05\/new-doc-2017-05-13-22.38.04_1-e1495397083602-788x1024.jpg\" alt=\"\" width=\"419\" height=\"544\" srcset=\"https:\/\/ecolecaritas.be\/new\/wp-content\/uploads\/2017\/05\/new-doc-2017-05-13-22.38.04_1-e1495397083602-788x1024.jpg 788w, https:\/\/ecolecaritas.be\/new\/wp-content\/uploads\/2017\/05\/new-doc-2017-05-13-22.38.04_1-e1495397083602-231x300.jpg 231w, https:\/\/ecolecaritas.be\/new\/wp-content\/uploads\/2017\/05\/new-doc-2017-05-13-22.38.04_1-e1495397083602-768x998.jpg 768w, https:\/\/ecolecaritas.be\/new\/wp-content\/uploads\/2017\/05\/new-doc-2017-05-13-22.38.04_1-e1495397083602-600x780.jpg 600w, https:\/\/ecolecaritas.be\/new\/wp-content\/uploads\/2017\/05\/new-doc-2017-05-13-22.38.04_1-e1495397083602.jpg 1319w\" sizes=\"auto, (max-width: 419px) 100vw, 419px\" \/><\/a><figcaption id=\"caption-attachment-145030\" class=\"wp-caption-text\">S\u0153ur Caritas<\/figcaption><\/figure>\n<p>S\u0153ur Caritas a donn\u00e9 son nom \u00e0 l\u2019\u00e9cole, mais elle n\u2019y a jamais enseign\u00e9. En fait, elle \u00e9tait d\u00e9j\u00e0 \u00e0 la retraite quand l\u2019\u00e9cole a \u00e9t\u00e9 fond\u00e9e, bien qu\u2019elle ait encore habit\u00e9 dans la petite communaut\u00e9 des s\u0153urs de l\u2019\u00e9cole pendant quelques ann\u00e9es jusqu\u2019\u00e0 sa mort en 1942. S\u0153ur Caritas, de son vrai nom Aline Van De Gaer, a \u00e9t\u00e9 institutrice \u00e0 l\u2019\u00e9cole \u2026 communale de 1912 \u00e0 1936.<\/p>\n<figure id=\"attachment_145031\" aria-describedby=\"caption-attachment-145031\" style=\"width: 640px\" class=\"wp-caption alignnone\"><a href=\"https:\/\/ecolecaritas.be\/new\/wp-content\/uploads\/2017\/05\/new-doc-2017-05-13-22.29.22_4.jpg\" data-rel=\"lightbox-image-1\" data-rl_title=\"\" data-rl_caption=\"\" title=\"\"><img loading=\"lazy\" decoding=\"async\" class=\"size-large wp-image-145031\" src=\"https:\/\/ecolecaritas.be\/new\/wp-content\/uploads\/2017\/05\/new-doc-2017-05-13-22.29.22_4-640x1024.jpg\" alt=\"\" width=\"640\" height=\"1024\" srcset=\"https:\/\/ecolecaritas.be\/new\/wp-content\/uploads\/2017\/05\/new-doc-2017-05-13-22.29.22_4-640x1024.jpg 640w, https:\/\/ecolecaritas.be\/new\/wp-content\/uploads\/2017\/05\/new-doc-2017-05-13-22.29.22_4-188x300.jpg 188w, https:\/\/ecolecaritas.be\/new\/wp-content\/uploads\/2017\/05\/new-doc-2017-05-13-22.29.22_4-768x1229.jpg 768w, https:\/\/ecolecaritas.be\/new\/wp-content\/uploads\/2017\/05\/new-doc-2017-05-13-22.29.22_4-600x960.jpg 600w, https:\/\/ecolecaritas.be\/new\/wp-content\/uploads\/2017\/05\/new-doc-2017-05-13-22.29.22_4.jpg 960w\" sizes=\"auto, (max-width: 640px) 100vw, 640px\" \/><\/a><figcaption id=\"caption-attachment-145031\" class=\"wp-caption-text\">S\u0153ur Caritas lors de son jubil\u00e9<\/figcaption><\/figure>\n<p>Avant son arriv\u00e9e, des s\u0153urs franciscaines (de Wavre) travaillaient dans cette \u00e9cole. Au moment de leur d\u00e9part, le cur\u00e9 Van Gucht (l\u2019oncle du cur\u00e9 dont on parlera ci-dessous) demanda aux s\u0153urs d\u2019Heverlee l\u2019aide d\u2019une s\u0153ur pour continuer un enseignement catholique. S\u0153ur Caritas fut donc nomm\u00e9e \u00e0 l\u2019\u00e9cole communale en 1912 et y a travaill\u00e9 jusqu\u2019\u00e0 sa retraite pour raisons de sant\u00e9, en 1936. Elle \u00e9tait bien plus qu\u2019une \u00ab\u00a0aide\u00a0\u00bb \u2026 elle tenait au d\u00e9but la seule classe avec pas moins de 80 \u00e9l\u00e8ves\u00a0! Heureusement de l\u2019aide viendra car, selon la description que j\u2019ai pu lire dans un article pour les 60 ans de l\u2019\u00e9cole, les enfants \u00e9taient \u00ab\u00a0peu disciplin\u00e9s\u00a0\u00bb. Certainement elle m\u00e9ritait son surnom donn\u00e9 par ses coll\u00e8gues par apr\u00e8s, la \u00ab\u00a0bonne s\u0153ur Caritas\u00a0\u00bb\u00a0!<\/p>\n<p>Passons maintenant \u00e0 la personne encore plus fondamentale pour l\u2019\u00e9cole Caritas, le cur\u00e9 Van Gucht (1882-1967). Il \u00e9tait chanoine pr\u00e9montr\u00e9 de l\u2019Abbaye du Parc (aussi \u00e0 Heverlee) mais a surtout marqu\u00e9 la vie catholique \u00e0 Hamme-Mille car il y a \u00e9t\u00e9 cur\u00e9 de 1927 \u00e0 1962.<\/p>\n<figure id=\"attachment_145042\" aria-describedby=\"caption-attachment-145042\" style=\"width: 325px\" class=\"wp-caption alignnone\"><a href=\"https:\/\/ecolecaritas.be\/new\/wp-content\/uploads\/2017\/05\/avis-mortuaire-cure-van-gucht-AMW-PETIT.jpg\" data-rel=\"lightbox-image-2\" data-rl_title=\"\" data-rl_caption=\"\" title=\"\"><img loading=\"lazy\" decoding=\"async\" class=\" wp-image-145042\" src=\"https:\/\/ecolecaritas.be\/new\/wp-content\/uploads\/2017\/05\/avis-mortuaire-cure-van-gucht-AMW-PETIT.jpg\" alt=\"\" width=\"325\" height=\"520\" srcset=\"https:\/\/ecolecaritas.be\/new\/wp-content\/uploads\/2017\/05\/avis-mortuaire-cure-van-gucht-AMW-PETIT.jpg 617w, https:\/\/ecolecaritas.be\/new\/wp-content\/uploads\/2017\/05\/avis-mortuaire-cure-van-gucht-AMW-PETIT-188x300.jpg 188w, https:\/\/ecolecaritas.be\/new\/wp-content\/uploads\/2017\/05\/avis-mortuaire-cure-van-gucht-AMW-PETIT-600x959.jpg 600w\" sizes=\"auto, (max-width: 325px) 100vw, 325px\" \/><\/a><figcaption id=\"caption-attachment-145042\" class=\"wp-caption-text\">Le cur\u00e9 Van Gught<\/figcaption><\/figure>\n<p>Les informations et archives \u00e0 son sujet sont un peu maigres, surtout si on compare avec les s\u0153urs qui maintiennent des bonnes archives. Toutefois dans les quelques sources contemporaines on peut y retracer le caract\u00e8re d\u2019un homme qui savait entreprendre et qui avait une vision \u00e0 long terme. Sans lui, il n\u2019y aurait pas eu l\u2019\u00e9cole Caritas telle qu\u2019on la conna\u00eet actuellement. En 1938, dans une allocution lors des festivit\u00e9s pour le jubil\u00e9 d\u2019argent d\u2019apostolat de S\u0153ur Caritas, le ministre Janssen (ch\u00e2telain au ch\u00e2teau de Valduc) parle du cur\u00e9 Van Gucht comme d\u2019un \u00ab\u00a0tr\u00e9sor de d\u00e9vouement\u00a0\u00bb, un cur\u00e9 \u00ab\u00a0d\u00e9vou\u00e9 et z\u00e9l\u00e9\u00a0\u00bb. Sa fille, Elisabeth Janssen, parlait \u00e0 la m\u00eame f\u00eate du \u00ab\u00a0talent d\u2019organisateur\u00a0\u00bb et de son \u00ab\u00a0g\u00e9n\u00e9reux apostolat\u00a0\u00bb. Ces deux points deviendront tr\u00e8s clairs dans ce qui suit \u2026<\/p>\n<p>Quand S\u0153ur Caritas allait prendre sa retraite comme institutrice communale en 1936 pour des raisons de sant\u00e9, le cur\u00e9 Van Gucht souhaita que l\u2019enseignement catholique puisse continuer dans sa paroisse. Il n\u2019\u00e9tait apparemment plus possible d\u2019avoir une institutrice religieuse \u00e0 l\u2019\u00e9cole (les esprits ayant \u00e9volu\u00e9 entretemps \u2026). Il se d\u00e9pla\u00e7a donc, avec le ministre Janssen, \u00e0 l\u2019archev\u00each\u00e9, o\u00f9 il obtiendra un accord et m\u00eame un encouragement d\u2019ouvrir une \u00e9cole libre, \u00ab\u00a0m\u00eame s\u2019il n\u2019y a que deux \u00e9l\u00e8ves\u00a0\u00bb.<\/p>\n<p>Avec cet encouragement, il n\u2019y avait \u00ab\u00a0qu\u2019\u00e0\u00a0\u00bb commencer l\u2019\u00e9cole. Des Annonciades, le cur\u00e9 s\u2019assura le soutien de deux s\u0153urs qui devaient donc venir habiter Hamme-Mille. En dehors des institutrices, il avait aussi besoin d\u2019une maison pour les loger et bien sur de locaux pour organiser des classes. Son choix tomba sur la propri\u00e9t\u00e9 sise Chauss\u00e9e de Namur 4, l\u00e0 o\u00f9 l\u2019\u00e9cole se trouve toujours.<\/p>\n<p>Ce b\u00e2timent, qui date de la fin du 18e si\u00e8cle, a \u00e9t\u00e9 fortement r\u00e9nov\u00e9 dans les ann\u00e9es 1870 par le ch\u00e2telain de Valduc de l\u2019\u00e9poque, le Baron Craninckx (pas de relation avec le ministre Janssen qui ach\u00e8tera le domaine en 1919), lors de la premi\u00e8re \u00ab\u00a0guerre scolaire\u00a0\u00bb en Belgique. Cette petite \u00e9cole n\u2019y restera pas longtemps, et le b\u00e2timent ne sera plus entretenu. Le terrain et la ruine furent donn\u00e9s \u00e0 la fabrique d\u2019\u00e9glise apr\u00e8s la premi\u00e8re guerre mondiale, et le cur\u00e9 Van Gucht (l\u2019oncle d\u00e9j\u00e0 mentionn\u00e9 ci-dessus) la fit restaurer \u00e0 ses frais \u2013 il avait la m\u00eame g\u00e9n\u00e9rosit\u00e9 que son neveu\u00a0! Le b\u00e2timent \u00e9tait donc pr\u00eat \u00e0 accueillir les s\u0153urs et les \u00e9l\u00e8ves.<\/p>\n<p>Il ne restait donc que de donner un nom \u00e0 cette \u00e9cole. Je ne retrouve aucune trace explicite de la raison pour laquelle elle fut appel\u00e9e \u00ab\u00a0Caritas\u00a0\u00bb, mais je pr\u00e9sume que c\u2019\u00e9tait un coup de g\u00e9nie de la part de l\u2019abb\u00e9. Ainsi le nom rappellerait la s\u0153ur qui s\u2019\u00e9tait d\u00e9vou\u00e9e depuis plus d\u2019un quart de si\u00e8cle \u00e0 Hamme-Mille et y avait une bonne r\u00e9putation. Elle y habitera d\u2019ailleurs aussi comme sup\u00e9rieure de la petite congr\u00e9gation jusqu\u2019\u00e0 sa mort en 1942. L\u00e0 aussi, je pr\u00e9sume que le cur\u00e9 a tout fait pour qu\u2019elle reste \u00e0 Hamme-Mille (m\u00eame en mauvaise sant\u00e9) car sa pr\u00e9sence donnait un argument fort pour attirer des \u00e9l\u00e8ves.<\/p>\n<p>Fonder une \u00e9cole ne se fait bien s\u00fbr pas tout seul. Le cur\u00e9 avait trouv\u00e9 un nom, des institutrices, un b\u00e2timent, mais le cur\u00e9 fit porter aussi ce projet par les notables de Hamme-Mille et environs. Elisabeth Janssen (1917-2015) devenait la premi\u00e8re pr\u00e9sidente du Comit\u00e9 Scolaire, pr\u00e9d\u00e9cesseur de l\u2019actuel Pouvoir Organisateur. Elle \u00e9tait la fille du ministre d\u2019Etat Janssen et elle aussi ch\u00e2telaine au ch\u00e2teau de Valduc pendant de tr\u00e8s longues ann\u00e9es. Avec elle, le cur\u00e9 s\u2019assurait non seulement du soutien de cette famille bien connue, mais pouvait en plus compter sur le dynamisme de Mme Janssen dans la cr\u00e9ation de l\u2019\u00e9cole.<\/p>\n<figure id=\"attachment_145033\" aria-describedby=\"caption-attachment-145033\" style=\"width: 369px\" class=\"wp-caption alignnone\"><a href=\"https:\/\/ecolecaritas.be\/new\/wp-content\/uploads\/2017\/05\/A-BARRAS-Cure\u0301-Van-Gucht-devant-palissade-se\u0301parant-filles-et-garc\u0327ons-File1058-e1495397179964.jpg\" data-rel=\"lightbox-image-3\" data-rl_title=\"\" data-rl_caption=\"\" title=\"\"><img loading=\"lazy\" decoding=\"async\" class=\"wp-image-145033 \" src=\"https:\/\/ecolecaritas.be\/new\/wp-content\/uploads\/2017\/05\/A-BARRAS-Cure\u0301-Van-Gucht-devant-palissade-se\u0301parant-filles-et-garc\u0327ons-File1058-e1495397179964-696x1024.jpg\" alt=\"\" width=\"369\" height=\"543\" srcset=\"https:\/\/ecolecaritas.be\/new\/wp-content\/uploads\/2017\/05\/A-BARRAS-Cure\u0301-Van-Gucht-devant-palissade-se\u0301parant-filles-et-garc\u0327ons-File1058-e1495397179964-696x1024.jpg 696w, https:\/\/ecolecaritas.be\/new\/wp-content\/uploads\/2017\/05\/A-BARRAS-Cure\u0301-Van-Gucht-devant-palissade-se\u0301parant-filles-et-garc\u0327ons-File1058-e1495397179964-204x300.jpg 204w, https:\/\/ecolecaritas.be\/new\/wp-content\/uploads\/2017\/05\/A-BARRAS-Cure\u0301-Van-Gucht-devant-palissade-se\u0301parant-filles-et-garc\u0327ons-File1058-e1495397179964-768x1129.jpg 768w, https:\/\/ecolecaritas.be\/new\/wp-content\/uploads\/2017\/05\/A-BARRAS-Cure\u0301-Van-Gucht-devant-palissade-se\u0301parant-filles-et-garc\u0327ons-File1058-e1495397179964-600x882.jpg 600w\" sizes=\"auto, (max-width: 369px) 100vw, 369px\" \/><\/a><figcaption id=\"caption-attachment-145033\" class=\"wp-caption-text\">Le fondateur de l&rsquo;\u00e9cole Caritas, cur\u00e9 Van Gught, dans la cour de \u00ab\u00a0son\u00a0\u00bb \u00e9cole. Remarquez la palissade qui partagait la cour entre filles et gar\u00e7ons &#8230;<\/figcaption><\/figure>\n<p>Toutes ces pr\u00e9parations devaient se faire dans le grand secret\u00a0! La commune de Hamme-Mille n\u2019allait certainement pas aimer cette concurrence, en plus d\u2019une de ses anciennes institutrices\u00a0! Il faut aussi s\u2019imaginer que S\u0153ur Caritas habitait encore \u00e0 l\u2019\u00e9cole communale (elle avait ce droit jusqu\u2019\u00e0 ce que sa retraite soit officialis\u00e9e), et y resterait encore un peu de temps lors des premiers mois de l\u2019\u00e9cole qui portait son nom car les logements n\u2019\u00e9taient pas encore pr\u00eats\u2026 Vraisemblablement le cur\u00e9 avait un peu exag\u00e9r\u00e9 aupr\u00e8s de l\u2019archev\u00eaque concernant la disponibilit\u00e9 des b\u00e2timents \u2026<\/p>\n<p>On ne peut rien reprocher au cur\u00e9. Il a r\u00e9ussi en un court laps de temps \u00e0 organiser une \u00e9cole libre, trouver des institutrices, des locaux mais aussi du mat\u00e9riel scolaire et du financement. L\u2019\u00e9cole ne recevra des subsides qu\u2019en mai 1938.<\/p>\n<p>Quelques jours avant l\u2019ouverture officielle le 15 septembre 1937, le cur\u00e9 devait d\u00e9clarer \u00e0 la commune qu\u2019il commen\u00e7ait une \u00e9cole. Comme il le d\u00e9crivit dans une lettre plus tard \u00e0 la M\u00e8re Sup\u00e9rieure d\u2019Heverlee, ce fut comme une \u00ab\u00a0bombe\u00a0\u00bb \u00e0 la maison communale. Le premier jour de l\u2019\u00e9cole fut aussi un peu d\u00e9cevant. Le bourgmestre avait, lui, rouvert les classes de l\u2019\u00e9cole communale le 14. Donc, n\u2019arriv\u00e8rent le premier jour \u00e0 Caritas que 12 \u00e9l\u00e8ves en primaires et 2 en maternelles. Un peu plus que les \u00ab\u00a0deux\u00a0\u00bb voulus comme minimum par le cardinal, mais quand m\u00eame\u2026 Il semble que les gens aient pr\u00e9f\u00e9r\u00e9 rester (pour diverses raisons probablement) \u00e0 l\u2019\u00e9cole communale.<\/p>\n<p>Dans la lettre cit\u00e9e ci-dessus, le cur\u00e9 Van Gucht d\u00e9crit ces premiers jours. Cette lettre est remarquable pour plusieurs raisons. Ecrite une semaine apr\u00e8s l\u2019ouverture, le cur\u00e9 semble vouloir d\u00e9fendre son projet vis-\u00e0-vis des s\u0153urs. Il d\u00e9crit donc la non-coop\u00e9ration (compr\u00e9hensible) des autorit\u00e9s communales, mais aussi les actions\u00a0qu\u2019il a entreprises : les institutrices ont fait le tour des familles de Hamme-Mille annon\u00e7ant que s\u0153ur Caritas (qui \u00e9tait bien connue et aim\u00e9e) continuait son enseignement (pas faux, mais pas \u00e0 100% correct non plus). Faire le tour des maisons, il n\u2019est pas facile de s\u2019imaginer ceci de nous jours\u2026 Le cur\u00e9 faisait aussi travailler son r\u00e9seau car il gardait espoir, ce qui le caract\u00e9rise bien. Avec beaucoup de fiert\u00e9 il annonce \u00e0 la M\u00e8re Sup\u00e9rieure que Mme Janssen (la m\u00e8re de la pr\u00e9sidente du comit\u00e9) \u00e9tait venue faire une inspection des locaux et des moyens didactiques, et en avait \u00e9t\u00e9 ravie\u00a0! Mme la baronne Descamps (de Guertechin) avait aussi promis sa visite \u00e0 l\u2019\u00e9cole \u2026 les m\u0153urs ont chang\u00e9 \u2013 actuellement c\u2019est plut\u00f4t l\u2019inspection de l\u2019AFSCA ou des pompiers qui prouverait la qualit\u00e9 d\u2019une \u00e9cole. Dans le temps, c\u2019\u00e9tait important que des personnalit\u00e9s eussent approuv\u00e9 le travail et l\u2019infrastructure \u00e9ducative\u00a0!<\/p>\n<figure id=\"attachment_145034\" aria-describedby=\"caption-attachment-145034\" style=\"width: 1024px\" class=\"wp-caption alignnone\"><a href=\"https:\/\/ecolecaritas.be\/new\/wp-content\/uploads\/2017\/05\/new-doc-2017-05-13-22.29.22_3.jpg\" data-rel=\"lightbox-image-4\" data-rl_title=\"\" data-rl_caption=\"\" title=\"\"><img loading=\"lazy\" decoding=\"async\" class=\"size-large wp-image-145034\" src=\"https:\/\/ecolecaritas.be\/new\/wp-content\/uploads\/2017\/05\/new-doc-2017-05-13-22.29.22_3-1024x748.jpg\" alt=\"\" width=\"1024\" height=\"748\" srcset=\"https:\/\/ecolecaritas.be\/new\/wp-content\/uploads\/2017\/05\/new-doc-2017-05-13-22.29.22_3-1024x748.jpg 1024w, https:\/\/ecolecaritas.be\/new\/wp-content\/uploads\/2017\/05\/new-doc-2017-05-13-22.29.22_3-300x219.jpg 300w, https:\/\/ecolecaritas.be\/new\/wp-content\/uploads\/2017\/05\/new-doc-2017-05-13-22.29.22_3-768x561.jpg 768w, https:\/\/ecolecaritas.be\/new\/wp-content\/uploads\/2017\/05\/new-doc-2017-05-13-22.29.22_3-600x438.jpg 600w, https:\/\/ecolecaritas.be\/new\/wp-content\/uploads\/2017\/05\/new-doc-2017-05-13-22.29.22_3.jpg 1664w\" sizes=\"auto, (max-width: 1024px) 100vw, 1024px\" \/><\/a><figcaption id=\"caption-attachment-145034\" class=\"wp-caption-text\">Photo prise dans la cour de Caritas, ann\u00e9es 50. A droite, se trouve l&rsquo;actuel b\u00e2timent principal, construit en 1967 et dont le r\u00e9fectoire fut r\u00e9nov\u00e9 en 2015. L&rsquo;auvent au-dessus de la porte est probablement la seule chose encore originale&#8230;<\/figcaption><\/figure>\n<p>La situation ne semble pas \u00eatre r\u00e9tablie d\u00e9but novembre. Dans un rapport de r\u00e9union du comit\u00e9 scolaire, on ne mentionne pas le souci du nombre d\u2019\u00e9l\u00e8ves, mais les actions prises montrent qu\u2019on devait continuer \u00e0 chercher des \u00e9l\u00e8ves. Le comit\u00e9 se chargeait d\u2019\u00e9crire un manifeste \u00e0 envoyer \u00e0 la population d\u2019Hamme-Mille pour \u00e9claircir la situation (apparemment toujours confuse pour les citoyens d\u2019Hamme-Mille). De plus on pr\u00e9para une grande f\u00eate pour le jubil\u00e9 d\u2019argent de S\u0153ur Caritas d\u00e9but 1938. Bien s\u00fbr, ceci serait une f\u00eate de reconnaissance pour son travail avec une remise d\u2019une d\u00e9coration du roi, mais c\u2019\u00e9tait \u00e9galement l\u2019occasion d\u2019apporter un coup de publicit\u00e9 pour l\u2019\u00e9cole. Le d\u00e9roulement de cette f\u00eate a d\u00e9j\u00e0 \u00e9t\u00e9 d\u00e9crit ailleurs (notamment lors des 60 ans de l\u2019\u00e9cole). Je note simplement que c\u2019\u00e9tait un franc succ\u00e8s.<\/p>\n<figure id=\"attachment_145035\" aria-describedby=\"caption-attachment-145035\" style=\"width: 1024px\" class=\"wp-caption alignnone\"><a href=\"https:\/\/ecolecaritas.be\/new\/wp-content\/uploads\/2017\/05\/new-doc-2017-05-13-22.29.22_2.jpg\" data-rel=\"lightbox-image-5\" data-rl_title=\"\" data-rl_caption=\"\" title=\"\"><img loading=\"lazy\" decoding=\"async\" class=\"size-large wp-image-145035\" src=\"https:\/\/ecolecaritas.be\/new\/wp-content\/uploads\/2017\/05\/new-doc-2017-05-13-22.29.22_2-1024x676.jpg\" alt=\"\" width=\"1024\" height=\"676\" srcset=\"https:\/\/ecolecaritas.be\/new\/wp-content\/uploads\/2017\/05\/new-doc-2017-05-13-22.29.22_2-1024x676.jpg 1024w, https:\/\/ecolecaritas.be\/new\/wp-content\/uploads\/2017\/05\/new-doc-2017-05-13-22.29.22_2-300x198.jpg 300w, https:\/\/ecolecaritas.be\/new\/wp-content\/uploads\/2017\/05\/new-doc-2017-05-13-22.29.22_2-768x507.jpg 768w, https:\/\/ecolecaritas.be\/new\/wp-content\/uploads\/2017\/05\/new-doc-2017-05-13-22.29.22_2-600x396.jpg 600w, https:\/\/ecolecaritas.be\/new\/wp-content\/uploads\/2017\/05\/new-doc-2017-05-13-22.29.22_2.jpg 1600w\" sizes=\"auto, (max-width: 1024px) 100vw, 1024px\" \/><\/a><figcaption id=\"caption-attachment-145035\" class=\"wp-caption-text\">Photo prise dans la cour de Caritas lors du jubil\u00e9 de S\u0153ur Caritas (au milieu de la photo) en 1938. Le cur\u00e9 Van Gught se trouve \u00e0 droite au deuxi\u00e8me rang<\/figcaption><\/figure>\n<p>Cette f\u00eate donc, en plus du bouche \u00e0 oreille, commence \u00e0 avoir son effet\u00a0; le nombre d\u2019\u00e9l\u00e8ves augmente pas \u00e0 pas. Les chiffres exacts ne sont plus connus mais en 1950 il y a plus de 70 \u00e9l\u00e8ves en primaire (4e degr\u00e9 compris), et probablement une trentaine d\u2019\u00e9l\u00e8ves en maternelles (en une seule classe\u00a0!). Ce beau r\u00e9sultat est le fruit du travail d\u00e9vou\u00e9 des s\u0153urs, des institutrices la\u00efques qui arrivent \u00e0 partir des ann\u00e9es 50, du comit\u00e9 scolaire pr\u00e9sid\u00e9 par Mlle Janssen (qui restera pr\u00e9sidente du comit\u00e9 m\u00eame apr\u00e8s son mariage avec le comte Plater-Zyberk en 1961), et bien s\u00fbr de l\u2019engagement personnel et financier du cur\u00e9 Van Gucht. On retrouve \u00e0 plusieurs moments qu\u2019il finance ou cofinance des travaux \u00e0 l\u2019\u00e9cole, comme la cour en 1942 ou l\u2019extension des maternelles en 1952.<\/p>\n<p>Le cur\u00e9 reste tr\u00e8s engag\u00e9 pour \u00ab\u00a0son\u00a0\u00bb \u00e9cole. Dans les archives des s\u0153urs, on trouve un brouillon non dat\u00e9 d\u2019une lettre au Cardinal, probablement en \u201960 ou \u201961. Pour rappel, le cur\u00e9 \u00e0 ce moment avait presque 80 ans mais \u00e9tait toujours en fonction \u00e0 la paroisse. Dans la lettre, il pr\u00e9vient ses sup\u00e9rieurs de l\u2019arriv\u00e9e d\u2019une \u00e9cole de l\u2019\u00e9tat, et demande de pouvoir renforcer l\u2019\u00e9cole Caritas avec le pensionnat (francophone) des s\u0153urs \u00e0 Heverlee. Il vante bien s\u00fbr (et correctement) la qualit\u00e9 de l\u2019enseignement mais aussi la bonne situation de l\u2019\u00e9cole \u2026 car il fait aussi r\u00e9f\u00e9rence \u00e0 la \u00ab\u00a0question linguistique\u00a0\u00bbet qu\u2019il serait mieux \u00ab\u00a0d\u2019\u00e9tablir le pensionnat francophone en pays wallon\u00a0\u00bb.<\/p>\n<p>Peut-\u00eatre un effort ind\u00e9pendant (mais pas certain \u2013 le cur\u00e9 pouvait compter sur un grand r\u00e9seau de personnes d\u2019influence), mais, plus ou moins au m\u00eame moment, un inspecteur de l\u2019universit\u00e9 serait venu discuter avec la M\u00e8re Sup\u00e9rieure \u00e0 Heverlee de la cr\u00e9ation d\u2019une \u00e9cole secondaire (francophone) \u00e0 Hamme-Mille, pay\u00e9e par l\u2019universit\u00e9. On ne retrouve qu\u2019un petit \u00ab\u00a0pense-b\u00eate\u00a0\u00bb, et ceci ne sera pas r\u00e9alis\u00e9 pour des raisons inconnues\u2026 mais on peut toujours r\u00eaver sur ce que cela aurait pu \u00eatre ! L\u2019Abb\u00e9 Van Gucht en aurait \u00e9t\u00e9 fier. Par contre, \u00e0 la rentr\u00e9e de septembre 1963, les faits prouvent la bonne pr\u00e9monition du cur\u00e9. Les classes francophones \u00e0 Heverlee furent supprim\u00e9es et, du coup, le nombre d\u2019\u00e9l\u00e8ves \u00e0 Caritas doubla. Pour donner les cours dans de meilleures conditions, le b\u00e2timent \u00ab\u00a0principal\u00a0\u00bb sera construit en 1967 (donc, il y a 50 ans cette ann\u00e9e). Heureusement, car le nombre d\u2019\u00e9l\u00e8ves ne fit qu\u2019augmenter jusqu\u2019\u00e0 atteindre un pic de plus de 350 \u00e9l\u00e8ves dans les ann\u00e9es \u201890.<\/p>\n<p><a href=\"https:\/\/ecolecaritas.be\/new\/wp-content\/uploads\/2017\/05\/IMG_3167-e1495397244895.jpg\" data-rel=\"lightbox-image-6\" data-rl_title=\"\" data-rl_caption=\"\" title=\"\"><img loading=\"lazy\" decoding=\"async\" class=\"alignnone wp-image-145036 \" src=\"https:\/\/ecolecaritas.be\/new\/wp-content\/uploads\/2017\/05\/IMG_3167-e1495397244895-768x1024.jpg\" alt=\"\" width=\"329\" height=\"439\" \/><\/a><\/p>\n<figure id=\"attachment_145038\" aria-describedby=\"caption-attachment-145038\" style=\"width: 326px\" class=\"wp-caption alignnone\"><a href=\"https:\/\/ecolecaritas.be\/new\/wp-content\/uploads\/2017\/05\/IMG_3168.jpg\" data-rel=\"lightbox-image-7\" data-rl_title=\"\" data-rl_caption=\"\" title=\"\"><img loading=\"lazy\" decoding=\"async\" class=\"wp-image-145038 \" src=\"https:\/\/ecolecaritas.be\/new\/wp-content\/uploads\/2017\/05\/IMG_3168-e1495397284434-768x1024.jpg\" alt=\"\" width=\"326\" height=\"434\" srcset=\"https:\/\/ecolecaritas.be\/new\/wp-content\/uploads\/2017\/05\/IMG_3168-e1495397284434-768x1024.jpg 768w, https:\/\/ecolecaritas.be\/new\/wp-content\/uploads\/2017\/05\/IMG_3168-e1495397284434-225x300.jpg 225w, https:\/\/ecolecaritas.be\/new\/wp-content\/uploads\/2017\/05\/IMG_3168-e1495397284434-600x800.jpg 600w\" sizes=\"auto, (max-width: 326px) 100vw, 326px\" \/><\/a><figcaption id=\"caption-attachment-145038\" class=\"wp-caption-text\">Les tombes du cur\u00e9 Van Gught et S\u0153ur Caritas<\/figcaption><\/figure>\n<p>En conclusion, ces deux personnes furent marquantes pour le d\u00e9but de notre \u00e9cole Caritas. Elles se retrouvent aussi au cimeti\u00e8re communal de Hamme-Mille l\u2019une \u00e0 c\u00f4t\u00e9 de l\u2019autre, comme pour d\u00e9montrer une fois de plus leur travail en commun. L\u2019\u00e9cole Caritas les remercie une fois de plus pour leur d\u00e9vouement dans la cr\u00e9ation et l\u2019\u00e9volution de notre \u00e9cole.<\/p>\n<p><em>Sources et photos Cultureel erfgoed annuntiaten Heverlee, auteur, archives Lecluse, Verhoyen et l\u2019\u00e9cole Caritas <\/em><\/p>\n","protected":false},"excerpt":{"rendered":"<div class=\"mh-excerpt\"><p>Un article pour les 80 ans de l\u2019\u00e9cole Caritas, par Bruno Van de Casteele, membre du Pouvoir Organisateur, printemps 2017. Le 15 septembre 1937, il <a class=\"mh-excerpt-more\" href=\"https:\/\/ecolecaritas.be\/new\/80-ans-de-lecole-les-deux-personnalites-qui-ont-fonde-lecole-caritas-a-hamme-mille\/\" title=\"80 ans de l&rsquo;\u00e9cole: les deux personnalit\u00e9s qui ont fond\u00e9 l\u2019\u00e9cole Caritas \u00e0 Hamme-Mille\">[&#8230;]<\/a><\/p>\n<\/div>","protected":false},"author":2,"featured_media":145035,"comment_status":"closed","ping_status":"closed","sticky":false,"template":"","format":"standard","meta":{"footnotes":""},"categories":[6],"tags":[12,15,16,14,13],"class_list":["post-145029","post","type-post","status-publish","format-standard","has-post-thumbnail","hentry","category-general","tag-80-ans","tag-caritas","tag-fondation","tag-soeur-caritas","tag-van-gucht"],"_links":{"self":[{"href":"https:\/\/ecolecaritas.be\/new\/wp-json\/wp\/v2\/posts\/145029","targetHints":{"allow":["GET"]}}],"collection":[{"href":"https:\/\/ecolecaritas.be\/new\/wp-json\/wp\/v2\/posts"}],"about":[{"href":"https:\/\/ecolecaritas.be\/new\/wp-json\/wp\/v2\/types\/post"}],"author":[{"embeddable":true,"href":"https:\/\/ecolecaritas.be\/new\/wp-json\/wp\/v2\/users\/2"}],"replies":[{"embeddable":true,"href":"https:\/\/ecolecaritas.be\/new\/wp-json\/wp\/v2\/comments?post=145029"}],"version-history":[{"count":3,"href":"https:\/\/ecolecaritas.be\/new\/wp-json\/wp\/v2\/posts\/145029\/revisions"}],"predecessor-version":[{"id":145043,"href":"https:\/\/ecolecaritas.be\/new\/wp-json\/wp\/v2\/posts\/145029\/revisions\/145043"}],"wp:featuredmedia":[{"embeddable":true,"href":"https:\/\/ecolecaritas.be\/new\/wp-json\/wp\/v2\/media\/145035"}],"wp:attachment":[{"href":"https:\/\/ecolecaritas.be\/new\/wp-json\/wp\/v2\/media?parent=145029"}],"wp:term":[{"taxonomy":"category","embeddable":true,"href":"https:\/\/ecolecaritas.be\/new\/wp-json\/wp\/v2\/categories?post=145029"},{"taxonomy":"post_tag","embeddable":true,"href":"https:\/\/ecolecaritas.be\/new\/wp-json\/wp\/v2\/tags?post=145029"}],"curies":[{"name":"wp","href":"https:\/\/api.w.org\/{rel}","templated":true}]}}