{"id":145395,"date":"2017-09-04T13:14:05","date_gmt":"2017-09-04T13:14:05","guid":{"rendered":"http:\/\/ecolecaritas.be\/new\/?p=145395"},"modified":"2017-09-12T11:55:16","modified_gmt":"2017-09-12T11:55:16","slug":"une-rentree-ca-se-prepare","status":"publish","type":"post","link":"https:\/\/ecolecaritas.be\/new\/une-rentree-ca-se-prepare\/","title":{"rendered":"Une rentr\u00e9e, \u00e7a se pr\u00e9pare :)"},"content":{"rendered":"<p>La rentr\u00e9e arrive \u00e0 grands pas et toute l&rsquo;\u00e9quipe enseignante s&rsquo;est retrouv\u00e9e afin de pr\u00e9parer l&rsquo;ann\u00e9e scolaire.<\/p>\n<p>C&rsquo;est au cours d&rsquo;une\u00a0promenade p\u00e9dagogique et organisationnelle que nous avons r\u00e9fl\u00e9chi, partag\u00e9 et pris des d\u00e9cisions utiles pour d\u00e9marrer l&rsquo;ann\u00e9e.\u00a0Un bol d&rsquo;air r\u00e9g\u00e9n\u00e9rant et source de beaux projets \u00e0 venir!<\/p>\n<div class=\"rl-gallery-container \" id=\"rl-gallery-container-1\" data-gallery_id=\"0\"> <div class=\"rl-gallery rl-basicgrid-gallery \" id=\"rl-gallery-1\" data-gallery_no=\"1\"> <div class=\"rl-gallery-item\"><a href=\"https:\/\/ecolecaritas.be\/new\/wp-content\/uploads\/2017\/08\/profs.jpg\" title=\"\" data-rl_title=\"\" class=\"rl-gallery-link\" data-rl_caption=\"\" data-rel=\"lightbox-gallery-1\"><img loading=\"lazy\" decoding=\"async\" src=\"https:\/\/ecolecaritas.be\/new\/wp-content\/uploads\/2017\/08\/profs-300x300.jpg\" width=\"300\" height=\"300\" alt=\"\" \/><\/a><\/div><div class=\"rl-gallery-item\"><a href=\"https:\/\/ecolecaritas.be\/new\/wp-content\/uploads\/2017\/08\/profs3.jpg\" title=\"\" data-rl_title=\"\" class=\"rl-gallery-link\" data-rl_caption=\"\" data-rel=\"lightbox-gallery-1\"><img loading=\"lazy\" decoding=\"async\" src=\"https:\/\/ecolecaritas.be\/new\/wp-content\/uploads\/2017\/08\/profs3-300x300.jpg\" width=\"300\" height=\"300\" alt=\"\" \/><\/a><\/div><div class=\"rl-gallery-item\"><a href=\"https:\/\/ecolecaritas.be\/new\/wp-content\/uploads\/2017\/08\/profs4.jpg\" title=\"\" data-rl_title=\"\" class=\"rl-gallery-link\" data-rl_caption=\"\" data-rel=\"lightbox-gallery-1\"><img loading=\"lazy\" decoding=\"async\" src=\"https:\/\/ecolecaritas.be\/new\/wp-content\/uploads\/2017\/08\/profs4-300x300.jpg\" width=\"300\" height=\"300\" alt=\"\" \/><\/a><\/div><div class=\"rl-gallery-item\"><a href=\"https:\/\/ecolecaritas.be\/new\/wp-content\/uploads\/2017\/08\/profs2.jpg\" title=\"\" data-rl_title=\"\" class=\"rl-gallery-link\" data-rl_caption=\"\" data-rel=\"lightbox-gallery-1\"><img loading=\"lazy\" decoding=\"async\" src=\"https:\/\/ecolecaritas.be\/new\/wp-content\/uploads\/2017\/08\/profs2-300x300.jpg\" width=\"300\" height=\"300\" alt=\"\" \/><\/a><\/div> <\/div> <\/div>\n<p>&nbsp;<\/p>\n","protected":false},"excerpt":{"rendered":"<div class=\"mh-excerpt\"><p>La rentr\u00e9e arrive \u00e0 grands pas et toute l&rsquo;\u00e9quipe enseignante s&rsquo;est retrouv\u00e9e afin de pr\u00e9parer l&rsquo;ann\u00e9e scolaire. C&rsquo;est au cours d&rsquo;une\u00a0promenade p\u00e9dagogique et organisationnelle que <a class=\"mh-excerpt-more\" href=\"https:\/\/ecolecaritas.be\/new\/une-rentree-ca-se-prepare\/\" title=\"Une rentr\u00e9e, \u00e7a se pr\u00e9pare :)\">[&#8230;]<\/a><\/p>\n<\/div>","protected":false},"author":5,"featured_media":145528,"comment_status":"closed","ping_status":"closed","sticky":false,"template":"","format":"standard","meta":{"footnotes":""},"categories":[6],"tags":[],"class_list":["post-145395","post","type-post","status-publish","format-standard","has-post-thumbnail","hentry","category-general"],"_links":{"self":[{"href":"https:\/\/ecolecaritas.be\/new\/wp-json\/wp\/v2\/posts\/145395","targetHints":{"allow":["GET"]}}],"collection":[{"href":"https:\/\/ecolecaritas.be\/new\/wp-json\/wp\/v2\/posts"}],"about":[{"href":"https:\/\/ecolecaritas.be\/new\/wp-json\/wp\/v2\/types\/post"}],"author":[{"embeddable":true,"href":"https:\/\/ecolecaritas.be\/new\/wp-json\/wp\/v2\/users\/5"}],"replies":[{"embeddable":true,"href":"https:\/\/ecolecaritas.be\/new\/wp-json\/wp\/v2\/comments?post=145395"}],"version-history":[{"count":4,"href":"https:\/\/ecolecaritas.be\/new\/wp-json\/wp\/v2\/posts\/145395\/revisions"}],"predecessor-version":[{"id":145507,"href":"https:\/\/ecolecaritas.be\/new\/wp-json\/wp\/v2\/posts\/145395\/revisions\/145507"}],"wp:featuredmedia":[{"embeddable":true,"href":"https:\/\/ecolecaritas.be\/new\/wp-json\/wp\/v2\/media\/145528"}],"wp:attachment":[{"href":"https:\/\/ecolecaritas.be\/new\/wp-json\/wp\/v2\/media?parent=145395"}],"wp:term":[{"taxonomy":"category","embeddable":true,"href":"https:\/\/ecolecaritas.be\/new\/wp-json\/wp\/v2\/categories?post=145395"},{"taxonomy":"post_tag","embeddable":true,"href":"https:\/\/ecolecaritas.be\/new\/wp-json\/wp\/v2\/tags?post=145395"}],"curies":[{"name":"wp","href":"https:\/\/api.w.org\/{rel}","templated":true}]}}