{"id":145519,"date":"2017-09-12T11:49:23","date_gmt":"2017-09-12T11:49:23","guid":{"rendered":"http:\/\/ecolecaritas.be\/new\/?p=145519"},"modified":"2017-09-12T11:52:23","modified_gmt":"2017-09-12T11:52:23","slug":"le-petit-sapin-et-les-grands-chenes","status":"publish","type":"post","link":"https:\/\/ecolecaritas.be\/new\/le-petit-sapin-et-les-grands-chenes\/","title":{"rendered":"Le petit sapin et les grands ch\u00eanes"},"content":{"rendered":"<p>Pour d\u00e9marrer l&rsquo;ann\u00e9e en beaut\u00e9, voici une belle histoire illustr\u00e9e par les 3\u00e8mes maternelles au mois de juin.<\/p>\n<p><a href=\"https:\/\/ecolecaritas.be\/new\/wp-content\/uploads\/2017\/09\/Sans-titre.png\" data-rel=\"lightbox-image-0\" data-rl_title=\"\" data-rl_caption=\"\" title=\"\"><img loading=\"lazy\" decoding=\"async\" class=\"alignnone size-medium wp-image-145521\" src=\"https:\/\/ecolecaritas.be\/new\/wp-content\/uploads\/2017\/09\/Sans-titre-226x300.png\" alt=\"\" width=\"226\" height=\"300\" srcset=\"https:\/\/ecolecaritas.be\/new\/wp-content\/uploads\/2017\/09\/Sans-titre-226x300.png 226w, https:\/\/ecolecaritas.be\/new\/wp-content\/uploads\/2017\/09\/Sans-titre.png 377w\" sizes=\"auto, (max-width: 226px) 100vw, 226px\" \/><\/a><\/p>\n<p><a href=\"https:\/\/ecolecaritas.be\/new\/wp-content\/uploads\/2017\/09\/Le-petit-sapin-et-les-grands-ch\u00eanes-1.pdf\">Le petit sapin et les grands ch\u00eanes (1)<\/a><\/p>\n","protected":false},"excerpt":{"rendered":"<div class=\"mh-excerpt\"><p>Pour d\u00e9marrer l&rsquo;ann\u00e9e en beaut\u00e9, voici une belle histoire illustr\u00e9e par les 3\u00e8mes maternelles au mois de juin. Le petit sapin et les grands ch\u00eanes <a class=\"mh-excerpt-more\" href=\"https:\/\/ecolecaritas.be\/new\/le-petit-sapin-et-les-grands-chenes\/\" title=\"Le petit sapin et les grands ch\u00eanes\">[&#8230;]<\/a><\/p>\n<\/div>","protected":false},"author":5,"featured_media":145521,"comment_status":"closed","ping_status":"closed","sticky":false,"template":"","format":"standard","meta":{"footnotes":""},"categories":[7],"tags":[],"class_list":["post-145519","post","type-post","status-publish","format-standard","has-post-thumbnail","hentry","category-mat"],"_links":{"self":[{"href":"https:\/\/ecolecaritas.be\/new\/wp-json\/wp\/v2\/posts\/145519","targetHints":{"allow":["GET"]}}],"collection":[{"href":"https:\/\/ecolecaritas.be\/new\/wp-json\/wp\/v2\/posts"}],"about":[{"href":"https:\/\/ecolecaritas.be\/new\/wp-json\/wp\/v2\/types\/post"}],"author":[{"embeddable":true,"href":"https:\/\/ecolecaritas.be\/new\/wp-json\/wp\/v2\/users\/5"}],"replies":[{"embeddable":true,"href":"https:\/\/ecolecaritas.be\/new\/wp-json\/wp\/v2\/comments?post=145519"}],"version-history":[{"count":2,"href":"https:\/\/ecolecaritas.be\/new\/wp-json\/wp\/v2\/posts\/145519\/revisions"}],"predecessor-version":[{"id":145522,"href":"https:\/\/ecolecaritas.be\/new\/wp-json\/wp\/v2\/posts\/145519\/revisions\/145522"}],"wp:featuredmedia":[{"embeddable":true,"href":"https:\/\/ecolecaritas.be\/new\/wp-json\/wp\/v2\/media\/145521"}],"wp:attachment":[{"href":"https:\/\/ecolecaritas.be\/new\/wp-json\/wp\/v2\/media?parent=145519"}],"wp:term":[{"taxonomy":"category","embeddable":true,"href":"https:\/\/ecolecaritas.be\/new\/wp-json\/wp\/v2\/categories?post=145519"},{"taxonomy":"post_tag","embeddable":true,"href":"https:\/\/ecolecaritas.be\/new\/wp-json\/wp\/v2\/tags?post=145519"}],"curies":[{"name":"wp","href":"https:\/\/api.w.org\/{rel}","templated":true}]}}