{"id":145523,"date":"2017-09-12T11:59:16","date_gmt":"2017-09-12T11:59:16","guid":{"rendered":"http:\/\/ecolecaritas.be\/new\/?p=145523"},"modified":"2017-09-12T11:59:16","modified_gmt":"2017-09-12T11:59:16","slug":"lecole-ou-je-me-sens-bien-autoportraits","status":"publish","type":"post","link":"https:\/\/ecolecaritas.be\/new\/lecole-ou-je-me-sens-bien-autoportraits\/","title":{"rendered":"\u00ab\u00a0L&rsquo;\u00e9cole o\u00f9 je me sens bien\u00a0\u00bb &#038; autoportraits"},"content":{"rendered":"<p>Les 3\u00e8mes maternelles se sont observ\u00e9s longuement avant de se dessiner: chaque d\u00e9tail compte!<\/p>\n<div class=\"rl-gallery-container \" id=\"rl-gallery-container-1\" data-gallery_id=\"0\"> <div class=\"rl-gallery rl-basicgrid-gallery \" id=\"rl-gallery-1\" data-gallery_no=\"1\"> <div class=\"rl-gallery-item\"><a href=\"https:\/\/ecolecaritas.be\/new\/wp-content\/uploads\/2017\/09\/IMG_2758-e1504603244973.jpg\" title=\"\" data-rl_title=\"\" class=\"rl-gallery-link\" data-rl_caption=\"\" data-rel=\"lightbox-gallery-1\"><img loading=\"lazy\" decoding=\"async\" src=\"https:\/\/ecolecaritas.be\/new\/wp-content\/uploads\/2017\/09\/IMG_2758-e1504603244973-225x300.jpg\" width=\"225\" height=\"300\" alt=\"\" \/><\/a><\/div><div class=\"rl-gallery-item\"><a href=\"https:\/\/ecolecaritas.be\/new\/wp-content\/uploads\/2017\/09\/IMG_2763.jpg\" title=\"\" data-rl_title=\"\" class=\"rl-gallery-link\" data-rl_caption=\"\" data-rel=\"lightbox-gallery-1\"><img loading=\"lazy\" decoding=\"async\" src=\"https:\/\/ecolecaritas.be\/new\/wp-content\/uploads\/2017\/09\/IMG_2763-300x225.jpg\" width=\"300\" height=\"225\" alt=\"\" \/><\/a><\/div><div class=\"rl-gallery-item\"><a href=\"https:\/\/ecolecaritas.be\/new\/wp-content\/uploads\/2017\/09\/IMG_2760.jpg\" title=\"\" data-rl_title=\"\" class=\"rl-gallery-link\" data-rl_caption=\"\" data-rel=\"lightbox-gallery-1\"><img loading=\"lazy\" decoding=\"async\" src=\"https:\/\/ecolecaritas.be\/new\/wp-content\/uploads\/2017\/09\/IMG_2760-300x225.jpg\" width=\"300\" height=\"225\" alt=\"\" \/><\/a><\/div><div class=\"rl-gallery-item\"><a href=\"https:\/\/ecolecaritas.be\/new\/wp-content\/uploads\/2017\/09\/IMG_2762-e1504603275733.jpg\" title=\"\" data-rl_title=\"\" class=\"rl-gallery-link\" data-rl_caption=\"\" data-rel=\"lightbox-gallery-1\"><img loading=\"lazy\" decoding=\"async\" src=\"https:\/\/ecolecaritas.be\/new\/wp-content\/uploads\/2017\/09\/IMG_2762-e1504603275733-225x300.jpg\" width=\"225\" height=\"300\" alt=\"\" \/><\/a><\/div> <\/div> <\/div>\n<p>Ils ont ensuite pu s&rsquo;exprimer et d\u00e9crire l&rsquo;\u00e9cole de leur r\u00eave,\u00a0\u00ab\u00a0l&rsquo;\u00e9cole o\u00f9 ils se sentent bien\u00a0\u00bb :<\/p>\n<p>\u00ab\u00a0Les madames sont gentilles\u00a0\u00bb<\/p>\n<p>\u00ab\u00a0On peut jouer, dessiner\u00a0\u00bb<\/p>\n<p>\u00ab\u00a0On travaille puis on va \u00e0 la r\u00e9cr\u00e9ation\u00a0\u00bb<\/p>\n<p>\u00ab\u00a0Jouer ensemble sans se faire mal\u00a0\u00bb<\/p>\n<p>\u00ab\u00a0On fait plein d&rsquo;activit\u00e9s\u00a0\u00bb<\/p>\n<p>\u00ab\u00a0Retrouver son petit fr\u00e8re \u00e0 la r\u00e9cr\u00e9ation\u00a0\u00bb &lt;3<\/p>\n","protected":false},"excerpt":{"rendered":"<div class=\"mh-excerpt\"><p>Les 3\u00e8mes maternelles se sont observ\u00e9s longuement avant de se dessiner: chaque d\u00e9tail compte! Ils ont ensuite pu s&rsquo;exprimer et d\u00e9crire l&rsquo;\u00e9cole de leur r\u00eave,\u00a0\u00ab\u00a0l&rsquo;\u00e9cole <a class=\"mh-excerpt-more\" href=\"https:\/\/ecolecaritas.be\/new\/lecole-ou-je-me-sens-bien-autoportraits\/\" title=\"\u00ab\u00a0L&rsquo;\u00e9cole o\u00f9 je me sens bien\u00a0\u00bb &#038; autoportraits\">[&#8230;]<\/a><\/p>\n<\/div>","protected":false},"author":5,"featured_media":145515,"comment_status":"closed","ping_status":"closed","sticky":false,"template":"","format":"standard","meta":{"footnotes":""},"categories":[7],"tags":[],"class_list":["post-145523","post","type-post","status-publish","format-standard","has-post-thumbnail","hentry","category-mat"],"_links":{"self":[{"href":"https:\/\/ecolecaritas.be\/new\/wp-json\/wp\/v2\/posts\/145523","targetHints":{"allow":["GET"]}}],"collection":[{"href":"https:\/\/ecolecaritas.be\/new\/wp-json\/wp\/v2\/posts"}],"about":[{"href":"https:\/\/ecolecaritas.be\/new\/wp-json\/wp\/v2\/types\/post"}],"author":[{"embeddable":true,"href":"https:\/\/ecolecaritas.be\/new\/wp-json\/wp\/v2\/users\/5"}],"replies":[{"embeddable":true,"href":"https:\/\/ecolecaritas.be\/new\/wp-json\/wp\/v2\/comments?post=145523"}],"version-history":[{"count":4,"href":"https:\/\/ecolecaritas.be\/new\/wp-json\/wp\/v2\/posts\/145523\/revisions"}],"predecessor-version":[{"id":145530,"href":"https:\/\/ecolecaritas.be\/new\/wp-json\/wp\/v2\/posts\/145523\/revisions\/145530"}],"wp:featuredmedia":[{"embeddable":true,"href":"https:\/\/ecolecaritas.be\/new\/wp-json\/wp\/v2\/media\/145515"}],"wp:attachment":[{"href":"https:\/\/ecolecaritas.be\/new\/wp-json\/wp\/v2\/media?parent=145523"}],"wp:term":[{"taxonomy":"category","embeddable":true,"href":"https:\/\/ecolecaritas.be\/new\/wp-json\/wp\/v2\/categories?post=145523"},{"taxonomy":"post_tag","embeddable":true,"href":"https:\/\/ecolecaritas.be\/new\/wp-json\/wp\/v2\/tags?post=145523"}],"curies":[{"name":"wp","href":"https:\/\/api.w.org\/{rel}","templated":true}]}}