{"id":145538,"date":"2017-09-14T07:32:21","date_gmt":"2017-09-14T07:32:21","guid":{"rendered":"http:\/\/ecolecaritas.be\/new\/?p=145538"},"modified":"2017-09-14T07:32:21","modified_gmt":"2017-09-14T07:32:21","slug":"prenons-de-la-hauteur","status":"publish","type":"post","link":"https:\/\/ecolecaritas.be\/new\/prenons-de-la-hauteur\/","title":{"rendered":"Prenons de la hauteur"},"content":{"rendered":"<p>L&rsquo;Ecole Caritas, vue du ciel,\u00a0d\u00e9couvrez les images in\u00e9dites de la f\u00eate de l&rsquo;\u00e9cole !<\/p>\n<p><iframe loading=\"lazy\" title=\"\u00e9cole caritas vue du ciel\" width=\"500\" height=\"281\" src=\"https:\/\/www.youtube.com\/embed\/MQ9Ui0prSVE?feature=oembed\" frameborder=\"0\" allow=\"accelerometer; autoplay; clipboard-write; encrypted-media; gyroscope; picture-in-picture; web-share\" referrerpolicy=\"strict-origin-when-cross-origin\" allowfullscreen><\/iframe><\/p>\n","protected":false},"excerpt":{"rendered":"<div class=\"mh-excerpt\"><p>L&rsquo;Ecole Caritas, vue du ciel,\u00a0d\u00e9couvrez les images in\u00e9dites de la f\u00eate de l&rsquo;\u00e9cole !<\/p>\n<\/div>","protected":false},"author":5,"featured_media":145547,"comment_status":"closed","ping_status":"closed","sticky":false,"template":"","format":"standard","meta":{"footnotes":""},"categories":[6,1],"tags":[],"class_list":["post-145538","post","type-post","status-publish","format-standard","has-post-thumbnail","hentry","category-general","category-uncategorized"],"_links":{"self":[{"href":"https:\/\/ecolecaritas.be\/new\/wp-json\/wp\/v2\/posts\/145538","targetHints":{"allow":["GET"]}}],"collection":[{"href":"https:\/\/ecolecaritas.be\/new\/wp-json\/wp\/v2\/posts"}],"about":[{"href":"https:\/\/ecolecaritas.be\/new\/wp-json\/wp\/v2\/types\/post"}],"author":[{"embeddable":true,"href":"https:\/\/ecolecaritas.be\/new\/wp-json\/wp\/v2\/users\/5"}],"replies":[{"embeddable":true,"href":"https:\/\/ecolecaritas.be\/new\/wp-json\/wp\/v2\/comments?post=145538"}],"version-history":[{"count":3,"href":"https:\/\/ecolecaritas.be\/new\/wp-json\/wp\/v2\/posts\/145538\/revisions"}],"predecessor-version":[{"id":145541,"href":"https:\/\/ecolecaritas.be\/new\/wp-json\/wp\/v2\/posts\/145538\/revisions\/145541"}],"wp:featuredmedia":[{"embeddable":true,"href":"https:\/\/ecolecaritas.be\/new\/wp-json\/wp\/v2\/media\/145547"}],"wp:attachment":[{"href":"https:\/\/ecolecaritas.be\/new\/wp-json\/wp\/v2\/media?parent=145538"}],"wp:term":[{"taxonomy":"category","embeddable":true,"href":"https:\/\/ecolecaritas.be\/new\/wp-json\/wp\/v2\/categories?post=145538"},{"taxonomy":"post_tag","embeddable":true,"href":"https:\/\/ecolecaritas.be\/new\/wp-json\/wp\/v2\/tags?post=145538"}],"curies":[{"name":"wp","href":"https:\/\/api.w.org\/{rel}","templated":true}]}}