{"id":145926,"date":"2017-10-09T10:20:51","date_gmt":"2017-10-09T10:20:51","guid":{"rendered":"http:\/\/ecolecaritas.be\/new\/?p=145926"},"modified":"2017-10-09T10:20:51","modified_gmt":"2017-10-09T10:20:51","slug":"visite-au-musee-de-lecole-dautrefois","status":"publish","type":"post","link":"https:\/\/ecolecaritas.be\/new\/visite-au-musee-de-lecole-dautrefois\/","title":{"rendered":"Visite au Mus\u00e9e de l&rsquo;\u00e9cole d&rsquo;autrefois"},"content":{"rendered":"<p>En f\u00e9vrier dernier, les P3 se sont impr\u00e9gn\u00e9s de l&rsquo;\u00e9cole d&rsquo;autrefois au Mus\u00e9e de Treignes.<\/p>\n<p><a href=\"https:\/\/ecolecaritas.be\/new\/wp-content\/uploads\/2017\/10\/WP_20170207_10_30_03_Pro-e1507389133937.jpg\" data-rel=\"lightbox-image-0\" data-rl_title=\"\" data-rl_caption=\"\" title=\"\"><img loading=\"lazy\" decoding=\"async\" class=\"alignnone size-medium wp-image-145923\" src=\"https:\/\/ecolecaritas.be\/new\/wp-content\/uploads\/2017\/10\/WP_20170207_10_30_03_Pro-e1507389133937-300x169.jpg\" alt=\"\" width=\"300\" height=\"169\" srcset=\"https:\/\/ecolecaritas.be\/new\/wp-content\/uploads\/2017\/10\/WP_20170207_10_30_03_Pro-e1507389133937-300x169.jpg 300w, https:\/\/ecolecaritas.be\/new\/wp-content\/uploads\/2017\/10\/WP_20170207_10_30_03_Pro-e1507389133937-768x433.jpg 768w, https:\/\/ecolecaritas.be\/new\/wp-content\/uploads\/2017\/10\/WP_20170207_10_30_03_Pro-e1507389133937-1024x577.jpg 1024w, https:\/\/ecolecaritas.be\/new\/wp-content\/uploads\/2017\/10\/WP_20170207_10_30_03_Pro-e1507389133937-600x338.jpg 600w, https:\/\/ecolecaritas.be\/new\/wp-content\/uploads\/2017\/10\/WP_20170207_10_30_03_Pro-e1507389133937-678x381.jpg 678w, https:\/\/ecolecaritas.be\/new\/wp-content\/uploads\/2017\/10\/WP_20170207_10_30_03_Pro-e1507389133937.jpg 1632w\" sizes=\"auto, (max-width: 300px) 100vw, 300px\" \/><\/a> <a href=\"https:\/\/ecolecaritas.be\/new\/wp-content\/uploads\/2017\/10\/WP_20170207_10_29_57_Pro-e1507389079531.jpg\" data-rel=\"lightbox-image-1\" data-rl_title=\"\" data-rl_caption=\"\" title=\"\"><img loading=\"lazy\" decoding=\"async\" class=\"alignnone size-medium wp-image-145922\" src=\"https:\/\/ecolecaritas.be\/new\/wp-content\/uploads\/2017\/10\/WP_20170207_10_29_57_Pro-e1507389079531-300x169.jpg\" alt=\"\" width=\"300\" height=\"169\" srcset=\"https:\/\/ecolecaritas.be\/new\/wp-content\/uploads\/2017\/10\/WP_20170207_10_29_57_Pro-e1507389079531-300x169.jpg 300w, https:\/\/ecolecaritas.be\/new\/wp-content\/uploads\/2017\/10\/WP_20170207_10_29_57_Pro-e1507389079531-768x433.jpg 768w, https:\/\/ecolecaritas.be\/new\/wp-content\/uploads\/2017\/10\/WP_20170207_10_29_57_Pro-e1507389079531-1024x577.jpg 1024w, https:\/\/ecolecaritas.be\/new\/wp-content\/uploads\/2017\/10\/WP_20170207_10_29_57_Pro-e1507389079531-600x338.jpg 600w, https:\/\/ecolecaritas.be\/new\/wp-content\/uploads\/2017\/10\/WP_20170207_10_29_57_Pro-e1507389079531-678x381.jpg 678w, https:\/\/ecolecaritas.be\/new\/wp-content\/uploads\/2017\/10\/WP_20170207_10_29_57_Pro-e1507389079531.jpg 1632w\" sizes=\"auto, (max-width: 300px) 100vw, 300px\" \/><\/a> <a href=\"https:\/\/ecolecaritas.be\/new\/wp-content\/uploads\/2017\/10\/WP_20170207_14_33_01_Pro-e1507389167949.jpg\" data-rel=\"lightbox-image-2\" data-rl_title=\"\" data-rl_caption=\"\" title=\"\"><img loading=\"lazy\" decoding=\"async\" class=\"alignnone size-medium wp-image-145910\" src=\"https:\/\/ecolecaritas.be\/new\/wp-content\/uploads\/2017\/10\/WP_20170207_14_33_01_Pro-e1507389167949-300x169.jpg\" alt=\"\" width=\"300\" height=\"169\" srcset=\"https:\/\/ecolecaritas.be\/new\/wp-content\/uploads\/2017\/10\/WP_20170207_14_33_01_Pro-e1507389167949-300x169.jpg 300w, https:\/\/ecolecaritas.be\/new\/wp-content\/uploads\/2017\/10\/WP_20170207_14_33_01_Pro-e1507389167949-768x433.jpg 768w, https:\/\/ecolecaritas.be\/new\/wp-content\/uploads\/2017\/10\/WP_20170207_14_33_01_Pro-e1507389167949-1024x577.jpg 1024w, https:\/\/ecolecaritas.be\/new\/wp-content\/uploads\/2017\/10\/WP_20170207_14_33_01_Pro-e1507389167949-600x338.jpg 600w, https:\/\/ecolecaritas.be\/new\/wp-content\/uploads\/2017\/10\/WP_20170207_14_33_01_Pro-e1507389167949-678x381.jpg 678w, https:\/\/ecolecaritas.be\/new\/wp-content\/uploads\/2017\/10\/WP_20170207_14_33_01_Pro-e1507389167949.jpg 1632w\" sizes=\"auto, (max-width: 300px) 100vw, 300px\" \/><\/a><\/p>\n","protected":false},"excerpt":{"rendered":"<div class=\"mh-excerpt\"><p>En f\u00e9vrier dernier, les P3 se sont impr\u00e9gn\u00e9s de l&rsquo;\u00e9cole d&rsquo;autrefois au Mus\u00e9e de Treignes.<\/p>\n<\/div>","protected":false},"author":5,"featured_media":145910,"comment_status":"closed","ping_status":"closed","sticky":false,"template":"","format":"standard","meta":{"footnotes":""},"categories":[9],"tags":[],"class_list":["post-145926","post","type-post","status-publish","format-standard","has-post-thumbnail","hentry","category-p34"],"_links":{"self":[{"href":"https:\/\/ecolecaritas.be\/new\/wp-json\/wp\/v2\/posts\/145926","targetHints":{"allow":["GET"]}}],"collection":[{"href":"https:\/\/ecolecaritas.be\/new\/wp-json\/wp\/v2\/posts"}],"about":[{"href":"https:\/\/ecolecaritas.be\/new\/wp-json\/wp\/v2\/types\/post"}],"author":[{"embeddable":true,"href":"https:\/\/ecolecaritas.be\/new\/wp-json\/wp\/v2\/users\/5"}],"replies":[{"embeddable":true,"href":"https:\/\/ecolecaritas.be\/new\/wp-json\/wp\/v2\/comments?post=145926"}],"version-history":[{"count":2,"href":"https:\/\/ecolecaritas.be\/new\/wp-json\/wp\/v2\/posts\/145926\/revisions"}],"predecessor-version":[{"id":145945,"href":"https:\/\/ecolecaritas.be\/new\/wp-json\/wp\/v2\/posts\/145926\/revisions\/145945"}],"wp:featuredmedia":[{"embeddable":true,"href":"https:\/\/ecolecaritas.be\/new\/wp-json\/wp\/v2\/media\/145910"}],"wp:attachment":[{"href":"https:\/\/ecolecaritas.be\/new\/wp-json\/wp\/v2\/media?parent=145926"}],"wp:term":[{"taxonomy":"category","embeddable":true,"href":"https:\/\/ecolecaritas.be\/new\/wp-json\/wp\/v2\/categories?post=145926"},{"taxonomy":"post_tag","embeddable":true,"href":"https:\/\/ecolecaritas.be\/new\/wp-json\/wp\/v2\/tags?post=145926"}],"curies":[{"name":"wp","href":"https:\/\/api.w.org\/{rel}","templated":true}]}}