{"id":147206,"date":"2018-06-14T07:43:54","date_gmt":"2018-06-14T07:43:54","guid":{"rendered":"http:\/\/ecolecaritas.be\/new\/?p=147206"},"modified":"2018-06-14T07:43:54","modified_gmt":"2018-06-14T07:43:54","slug":"lecole-caritas-passe-a-la-tele-ce-13-juin","status":"publish","type":"post","link":"https:\/\/ecolecaritas.be\/new\/lecole-caritas-passe-a-la-tele-ce-13-juin\/","title":{"rendered":"L&rsquo;\u00e9cole Caritas passe \u00e0 la t\u00e9l\u00e9 ce 13 juin"},"content":{"rendered":"<p>Ce mercredi matin, des \u00e9l\u00e8ves de P6 ont \u00e9t\u00e9 interview\u00e9s par la t\u00e9l\u00e9vision n\u00e9erlandophone (journal t\u00e9l\u00e9vis\u00e9 \u00ab\u00a0junior\u00a0\u00bb de la VRT: <em>Karrewiet<\/em>) sur le choix de la seconde langue l&rsquo;an prochain, en secondaires.<\/p>\n<p>Vont-ils suivre des cours de n\u00e9erlandais ou d&rsquo;anglais? Et finalement, que pensent-ils du n\u00e9erlandais? Et l&rsquo;anglais?<\/p>\n<p>La vid\u00e9o est accessible sur la page d&rsquo;accueil via le lien suivant<\/p>\n<p><a href=\"https:\/\/www.ketnet.be\/kijken\/karrewiet\">https:\/\/www.ketnet.be\/kijken\/karrewiet<\/a><\/p>\n<p>Jeudi soir elle sera remplac\u00e9e et pourra \u00eatre visionn\u00e9e dans la section \u00b4Meer video\u2019s van Karrewiet\u2019, ensuite \u00b4Karrewiet 13 juni\u2019.<\/p>\n<p>&nbsp;<\/p>\n","protected":false},"excerpt":{"rendered":"<div class=\"mh-excerpt\"><p>Ce mercredi matin, des \u00e9l\u00e8ves de P6 ont \u00e9t\u00e9 interview\u00e9s par la t\u00e9l\u00e9vision n\u00e9erlandophone (journal t\u00e9l\u00e9vis\u00e9 \u00ab\u00a0junior\u00a0\u00bb de la VRT: Karrewiet) sur le choix de <a class=\"mh-excerpt-more\" href=\"https:\/\/ecolecaritas.be\/new\/lecole-caritas-passe-a-la-tele-ce-13-juin\/\" title=\"L&rsquo;\u00e9cole Caritas passe \u00e0 la t\u00e9l\u00e9 ce 13 juin\">[&#8230;]<\/a><\/p>\n<\/div>","protected":false},"author":4,"featured_media":147207,"comment_status":"closed","ping_status":"closed","sticky":false,"template":"","format":"standard","meta":{"footnotes":""},"categories":[10],"tags":[],"class_list":["post-147206","post","type-post","status-publish","format-standard","has-post-thumbnail","hentry","category-p56"],"_links":{"self":[{"href":"https:\/\/ecolecaritas.be\/new\/wp-json\/wp\/v2\/posts\/147206","targetHints":{"allow":["GET"]}}],"collection":[{"href":"https:\/\/ecolecaritas.be\/new\/wp-json\/wp\/v2\/posts"}],"about":[{"href":"https:\/\/ecolecaritas.be\/new\/wp-json\/wp\/v2\/types\/post"}],"author":[{"embeddable":true,"href":"https:\/\/ecolecaritas.be\/new\/wp-json\/wp\/v2\/users\/4"}],"replies":[{"embeddable":true,"href":"https:\/\/ecolecaritas.be\/new\/wp-json\/wp\/v2\/comments?post=147206"}],"version-history":[{"count":1,"href":"https:\/\/ecolecaritas.be\/new\/wp-json\/wp\/v2\/posts\/147206\/revisions"}],"predecessor-version":[{"id":147208,"href":"https:\/\/ecolecaritas.be\/new\/wp-json\/wp\/v2\/posts\/147206\/revisions\/147208"}],"wp:featuredmedia":[{"embeddable":true,"href":"https:\/\/ecolecaritas.be\/new\/wp-json\/wp\/v2\/media\/147207"}],"wp:attachment":[{"href":"https:\/\/ecolecaritas.be\/new\/wp-json\/wp\/v2\/media?parent=147206"}],"wp:term":[{"taxonomy":"category","embeddable":true,"href":"https:\/\/ecolecaritas.be\/new\/wp-json\/wp\/v2\/categories?post=147206"},{"taxonomy":"post_tag","embeddable":true,"href":"https:\/\/ecolecaritas.be\/new\/wp-json\/wp\/v2\/tags?post=147206"}],"curies":[{"name":"wp","href":"https:\/\/api.w.org\/{rel}","templated":true}]}}