{"id":148210,"date":"2018-07-04T11:25:33","date_gmt":"2018-07-04T11:25:33","guid":{"rendered":"http:\/\/ecolecaritas.be\/new\/?p=148210"},"modified":"2018-07-04T11:25:33","modified_gmt":"2018-07-04T11:25:33","slug":"projet-numerique","status":"publish","type":"post","link":"https:\/\/ecolecaritas.be\/new\/projet-numerique\/","title":{"rendered":"Projet num\u00e9rique"},"content":{"rendered":"<p>Les troisi\u00e8mes maternelle ont correspondu pendant 3 mois avec la troisi\u00e8me maternelle de l&rsquo;\u00e9cole de Nodebais.<\/p>\n<p>Envoi de mails, de photos et de films pour se conna\u00eetre en d\u00e9veloppant des comp\u00e9tences en savoir parler, savoir \u00e9crire et savoir lire tout en apprenant \u00e0 utiliser les outils num\u00e9riques.<\/p>\n<p>Une grande aventure qui d\u00e9boucha sur deux rencontres m\u00e9morables des deux classes en fin d&rsquo;ann\u00e9e !<\/p>\n<p>A d\u00e9couvrir en vid\u00e9o !<\/p>\n<p><iframe loading=\"lazy\" title=\"Le projet num\u00e9rique\" width=\"500\" height=\"375\" src=\"https:\/\/www.youtube.com\/embed\/m1D0be6gJQQ?feature=oembed\" frameborder=\"0\" allow=\"accelerometer; autoplay; clipboard-write; encrypted-media; gyroscope; picture-in-picture; web-share\" referrerpolicy=\"strict-origin-when-cross-origin\" allowfullscreen><\/iframe><\/p>\n","protected":false},"excerpt":{"rendered":"<div class=\"mh-excerpt\"><p>Les troisi\u00e8mes maternelle ont correspondu pendant 3 mois avec la troisi\u00e8me maternelle de l&rsquo;\u00e9cole de Nodebais. Envoi de mails, de photos et de films pour <a class=\"mh-excerpt-more\" href=\"https:\/\/ecolecaritas.be\/new\/projet-numerique\/\" title=\"Projet num\u00e9rique\">[&#8230;]<\/a><\/p>\n<\/div>","protected":false},"author":5,"featured_media":148042,"comment_status":"closed","ping_status":"closed","sticky":false,"template":"","format":"standard","meta":{"footnotes":""},"categories":[7],"tags":[],"class_list":["post-148210","post","type-post","status-publish","format-standard","has-post-thumbnail","hentry","category-mat"],"_links":{"self":[{"href":"https:\/\/ecolecaritas.be\/new\/wp-json\/wp\/v2\/posts\/148210","targetHints":{"allow":["GET"]}}],"collection":[{"href":"https:\/\/ecolecaritas.be\/new\/wp-json\/wp\/v2\/posts"}],"about":[{"href":"https:\/\/ecolecaritas.be\/new\/wp-json\/wp\/v2\/types\/post"}],"author":[{"embeddable":true,"href":"https:\/\/ecolecaritas.be\/new\/wp-json\/wp\/v2\/users\/5"}],"replies":[{"embeddable":true,"href":"https:\/\/ecolecaritas.be\/new\/wp-json\/wp\/v2\/comments?post=148210"}],"version-history":[{"count":1,"href":"https:\/\/ecolecaritas.be\/new\/wp-json\/wp\/v2\/posts\/148210\/revisions"}],"predecessor-version":[{"id":148211,"href":"https:\/\/ecolecaritas.be\/new\/wp-json\/wp\/v2\/posts\/148210\/revisions\/148211"}],"wp:featuredmedia":[{"embeddable":true,"href":"https:\/\/ecolecaritas.be\/new\/wp-json\/wp\/v2\/media\/148042"}],"wp:attachment":[{"href":"https:\/\/ecolecaritas.be\/new\/wp-json\/wp\/v2\/media?parent=148210"}],"wp:term":[{"taxonomy":"category","embeddable":true,"href":"https:\/\/ecolecaritas.be\/new\/wp-json\/wp\/v2\/categories?post=148210"},{"taxonomy":"post_tag","embeddable":true,"href":"https:\/\/ecolecaritas.be\/new\/wp-json\/wp\/v2\/tags?post=148210"}],"curies":[{"name":"wp","href":"https:\/\/api.w.org\/{rel}","templated":true}]}}