{"id":148274,"date":"2018-09-24T08:11:21","date_gmt":"2018-09-24T08:11:21","guid":{"rendered":"http:\/\/ecolecaritas.be\/new\/?p=148274"},"modified":"2018-09-24T08:11:21","modified_gmt":"2018-09-24T08:11:21","slug":"le-baguage-des-oiseaux","status":"publish","type":"post","link":"https:\/\/ecolecaritas.be\/new\/le-baguage-des-oiseaux\/","title":{"rendered":"Le baguage des oiseaux"},"content":{"rendered":"<p>Ce mardi 18 septembre, les \u00e9l\u00e8ves des deux classes de\u00a0cinqui\u00e8me ann\u00e9e ont pu assister au baguage des oiseaux migrateurs, r\u00e9alis\u00e9 par Vincent Bulteau, \u00e9co-conseiller de la commune de Beauvechain.\u00a0 Voici quelques informations qu&rsquo;ils ont retenues ainsi que leurs impressions :<\/p>\n<p>\u00ab\u00a0Nous avons rencontr\u00e9 un monsieur tr\u00e8s sympa, il s&rsquo;appelle Vincent Bulteau.\u00a0 Il nous a appris plein de choses sur les oiseaux !\u00a0\u00bb<\/p>\n<p>\u00ab\u00a0C&rsquo;\u00e9tait g\u00e9nial car il y avait beaucoup d&rsquo;esp\u00e8ces que je ne connaissais pas.\u00a0 Vincent Bulteau nous a montr\u00e9 les dents d&rsquo;une poule d&rsquo;eau !\u00a0\u00bb<\/p>\n<p>\u00ab\u00a0Nous sommes all\u00e9s voir Vincent Bulteau.\u00a0 Il a bagu\u00e9, pes\u00e9 et remis les oiseaux en libert\u00e9.\u00a0 C&rsquo;\u00e9tait super chouette !\u00a0\u00bb<\/p>\n<p>\u00ab\u00a0On a pu caresser une poule d&rsquo;eau !\u00a0 Il y avait un oiseau qui n&rsquo;arr\u00eatait pas de mordre Vincent Bulteau : c&rsquo;\u00e9tait rigolo !\u00a0\u00bb<\/p>\n<p>\u00ab\u00a0Nous avons vu comment mesurer, peser et mettre une bague \u00e0 un oiseau.\u00a0 Elle ne lui fait pas mal\u00a0; c&rsquo;est comme un bracelet.\u00a0 Elle permet de suivre l&rsquo;oiseau migrateur.\u00a0 C&rsquo;\u00e9tait impressionnant !\u00a0\u00a0Nous avons pass\u00e9 un bon moment que nous n&rsquo;oublierons pas !\u00a0\u00bb<\/p>\n<p>\u00ab\u00a0Sur le trajet, nous avons vu des paysages magnifiques et beaucoup de champs !\u00a0\u00bb<\/p>\n<div class=\"rl-gallery-container \" id=\"rl-gallery-container-1\" data-gallery_id=\"0\"> <div class=\"rl-gallery rl-basicgrid-gallery \" id=\"rl-gallery-1\" data-gallery_no=\"1\"> <div class=\"rl-gallery-item\"><a href=\"https:\/\/ecolecaritas.be\/new\/wp-content\/uploads\/2018\/09\/20180918_004.jpg\" title=\"\" data-rl_title=\"\" class=\"rl-gallery-link\" data-rl_caption=\"\" data-rel=\"lightbox-gallery-1\"><img loading=\"lazy\" decoding=\"async\" src=\"https:\/\/ecolecaritas.be\/new\/wp-content\/uploads\/2018\/09\/20180918_004-300x180.jpg\" width=\"300\" height=\"180\" alt=\"\" \/><\/a><\/div><div class=\"rl-gallery-item\"><a href=\"https:\/\/ecolecaritas.be\/new\/wp-content\/uploads\/2018\/09\/20180918_001.jpg\" title=\"\" data-rl_title=\"\" class=\"rl-gallery-link\" data-rl_caption=\"\" data-rel=\"lightbox-gallery-1\"><img loading=\"lazy\" decoding=\"async\" src=\"https:\/\/ecolecaritas.be\/new\/wp-content\/uploads\/2018\/09\/20180918_001-300x180.jpg\" width=\"300\" height=\"180\" alt=\"\" \/><\/a><\/div><div class=\"rl-gallery-item\"><a href=\"https:\/\/ecolecaritas.be\/new\/wp-content\/uploads\/2018\/09\/20180918_010.jpg\" title=\"\" data-rl_title=\"\" class=\"rl-gallery-link\" data-rl_caption=\"\" data-rel=\"lightbox-gallery-1\"><img loading=\"lazy\" decoding=\"async\" src=\"https:\/\/ecolecaritas.be\/new\/wp-content\/uploads\/2018\/09\/20180918_010-300x242.jpg\" width=\"300\" height=\"242\" alt=\"\" \/><\/a><\/div><div class=\"rl-gallery-item\"><a href=\"https:\/\/ecolecaritas.be\/new\/wp-content\/uploads\/2018\/09\/20180918_009.jpg\" title=\"\" data-rl_title=\"\" class=\"rl-gallery-link\" data-rl_caption=\"\" data-rel=\"lightbox-gallery-1\"><img loading=\"lazy\" decoding=\"async\" src=\"https:\/\/ecolecaritas.be\/new\/wp-content\/uploads\/2018\/09\/20180918_009-255x300.jpg\" width=\"255\" height=\"300\" alt=\"\" \/><\/a><\/div><div class=\"rl-gallery-item\"><a href=\"https:\/\/ecolecaritas.be\/new\/wp-content\/uploads\/2018\/09\/20180918_008.jpg\" title=\"\" data-rl_title=\"\" class=\"rl-gallery-link\" data-rl_caption=\"\" data-rel=\"lightbox-gallery-1\"><img loading=\"lazy\" decoding=\"async\" src=\"https:\/\/ecolecaritas.be\/new\/wp-content\/uploads\/2018\/09\/20180918_008-300x180.jpg\" width=\"300\" height=\"180\" alt=\"\" \/><\/a><\/div><div class=\"rl-gallery-item\"><a href=\"https:\/\/ecolecaritas.be\/new\/wp-content\/uploads\/2018\/09\/20180918_007.jpg\" title=\"\" data-rl_title=\"\" class=\"rl-gallery-link\" data-rl_caption=\"\" data-rel=\"lightbox-gallery-1\"><img loading=\"lazy\" decoding=\"async\" src=\"https:\/\/ecolecaritas.be\/new\/wp-content\/uploads\/2018\/09\/20180918_007-180x300.jpg\" width=\"180\" height=\"300\" alt=\"\" \/><\/a><\/div><div class=\"rl-gallery-item\"><a href=\"https:\/\/ecolecaritas.be\/new\/wp-content\/uploads\/2018\/09\/20180918_006.jpg\" title=\"\" data-rl_title=\"\" class=\"rl-gallery-link\" data-rl_caption=\"\" data-rel=\"lightbox-gallery-1\"><img loading=\"lazy\" decoding=\"async\" src=\"https:\/\/ecolecaritas.be\/new\/wp-content\/uploads\/2018\/09\/20180918_006-210x300.jpg\" width=\"210\" height=\"300\" alt=\"\" \/><\/a><\/div><div class=\"rl-gallery-item\"><a href=\"https:\/\/ecolecaritas.be\/new\/wp-content\/uploads\/2018\/09\/20180918_005.jpg\" title=\"\" data-rl_title=\"\" class=\"rl-gallery-link\" data-rl_caption=\"\" data-rel=\"lightbox-gallery-1\"><img loading=\"lazy\" decoding=\"async\" src=\"https:\/\/ecolecaritas.be\/new\/wp-content\/uploads\/2018\/09\/20180918_005-300x180.jpg\" width=\"300\" height=\"180\" alt=\"\" \/><\/a><\/div><div class=\"rl-gallery-item\"><a href=\"https:\/\/ecolecaritas.be\/new\/wp-content\/uploads\/2018\/09\/20180918_003.jpg\" title=\"\" data-rl_title=\"\" class=\"rl-gallery-link\" data-rl_caption=\"\" data-rel=\"lightbox-gallery-1\"><img loading=\"lazy\" decoding=\"async\" src=\"https:\/\/ecolecaritas.be\/new\/wp-content\/uploads\/2018\/09\/20180918_003-186x300.jpg\" width=\"186\" height=\"300\" alt=\"\" \/><\/a><\/div><div class=\"rl-gallery-item\"><a href=\"https:\/\/ecolecaritas.be\/new\/wp-content\/uploads\/2018\/09\/20180918_002.jpg\" title=\"\" data-rl_title=\"\" class=\"rl-gallery-link\" data-rl_caption=\"\" data-rel=\"lightbox-gallery-1\"><img loading=\"lazy\" decoding=\"async\" src=\"https:\/\/ecolecaritas.be\/new\/wp-content\/uploads\/2018\/09\/20180918_002-300x180.jpg\" width=\"300\" height=\"180\" alt=\"\" \/><\/a><\/div><div class=\"rl-gallery-item\"><a href=\"https:\/\/ecolecaritas.be\/new\/wp-content\/uploads\/2018\/09\/20180918_155327_resized-1.jpg\" title=\"\" data-rl_title=\"\" class=\"rl-gallery-link\" data-rl_caption=\"\" data-rel=\"lightbox-gallery-1\"><img loading=\"lazy\" decoding=\"async\" src=\"https:\/\/ecolecaritas.be\/new\/wp-content\/uploads\/2018\/09\/20180918_155327_resized-1-180x300.jpg\" width=\"180\" height=\"300\" alt=\"\" \/><\/a><\/div> <\/div> <\/div>\n","protected":false},"excerpt":{"rendered":"<div class=\"mh-excerpt\"><p>Ce mardi 18 septembre, les \u00e9l\u00e8ves des deux classes de\u00a0cinqui\u00e8me ann\u00e9e ont pu assister au baguage des oiseaux migrateurs, r\u00e9alis\u00e9 par Vincent Bulteau, \u00e9co-conseiller de <a class=\"mh-excerpt-more\" href=\"https:\/\/ecolecaritas.be\/new\/le-baguage-des-oiseaux\/\" title=\"Le baguage des oiseaux\">[&#8230;]<\/a><\/p>\n<\/div>","protected":false},"author":5,"featured_media":148264,"comment_status":"closed","ping_status":"closed","sticky":false,"template":"","format":"standard","meta":{"footnotes":""},"categories":[10],"tags":[],"class_list":["post-148274","post","type-post","status-publish","format-standard","has-post-thumbnail","hentry","category-p56"],"_links":{"self":[{"href":"https:\/\/ecolecaritas.be\/new\/wp-json\/wp\/v2\/posts\/148274","targetHints":{"allow":["GET"]}}],"collection":[{"href":"https:\/\/ecolecaritas.be\/new\/wp-json\/wp\/v2\/posts"}],"about":[{"href":"https:\/\/ecolecaritas.be\/new\/wp-json\/wp\/v2\/types\/post"}],"author":[{"embeddable":true,"href":"https:\/\/ecolecaritas.be\/new\/wp-json\/wp\/v2\/users\/5"}],"replies":[{"embeddable":true,"href":"https:\/\/ecolecaritas.be\/new\/wp-json\/wp\/v2\/comments?post=148274"}],"version-history":[{"count":1,"href":"https:\/\/ecolecaritas.be\/new\/wp-json\/wp\/v2\/posts\/148274\/revisions"}],"predecessor-version":[{"id":148275,"href":"https:\/\/ecolecaritas.be\/new\/wp-json\/wp\/v2\/posts\/148274\/revisions\/148275"}],"wp:featuredmedia":[{"embeddable":true,"href":"https:\/\/ecolecaritas.be\/new\/wp-json\/wp\/v2\/media\/148264"}],"wp:attachment":[{"href":"https:\/\/ecolecaritas.be\/new\/wp-json\/wp\/v2\/media?parent=148274"}],"wp:term":[{"taxonomy":"category","embeddable":true,"href":"https:\/\/ecolecaritas.be\/new\/wp-json\/wp\/v2\/categories?post=148274"},{"taxonomy":"post_tag","embeddable":true,"href":"https:\/\/ecolecaritas.be\/new\/wp-json\/wp\/v2\/tags?post=148274"}],"curies":[{"name":"wp","href":"https:\/\/api.w.org\/{rel}","templated":true}]}}