{"id":148566,"date":"2018-10-24T09:28:32","date_gmt":"2018-10-24T09:28:32","guid":{"rendered":"http:\/\/ecolecaritas.be\/new\/?p=148566"},"modified":"2018-10-24T09:28:32","modified_gmt":"2018-10-24T09:28:32","slug":"des-nouvelles-des-classes-vertes","status":"publish","type":"post","link":"https:\/\/ecolecaritas.be\/new\/des-nouvelles-des-classes-vertes\/","title":{"rendered":"Des nouvelles des classes vertes"},"content":{"rendered":"<p>Apr\u00e8s une premi\u00e8re nuit plut\u00f4t mouvement\u00e9e (alarme incendie d\u00e9clar\u00e9e \u00e0 1h45 du matin &#8211; d&rsquo;o\u00f9 adr\u00e9naline pour les profs et frayeurs pour les enfants &#8211; \u00e9vacuation de tout le monde \u00e0 l&rsquo;ext\u00e9rieur avant de constater qu&rsquo;il n&rsquo;y avait rien: apparemment juste une araign\u00e9e qui serait pass\u00e9e devant un d\u00e9tecteur&#8230;), la deuxi\u00e8me nuit s&rsquo;est d\u00e9roul\u00e9e \u00e0 merveille!<\/p>\n<p>Hier, le jeu d&rsquo;orientation \u00e9tait extra.<\/p>\n<p>Ce mercredi, les P3-P4 font un stratego sur le th\u00e8me des cha\u00eenes alimentaires et partent \u00e0 la d\u00e9couverte de la rivi\u00e8re (p\u00eacher des petites b\u00eates, etc.). Les P2, ont, vivront une balade cont\u00e9e et feront du sport cet apr\u00e8s-midi. Les enfants vous raconteront car ils d\u00e9couvrent plein de sports \u00ab\u00a0nouveaux\u00a0\u00bb, inhabituels.<\/p>\n<p>Ce soir, un jeu dans la p\u00e9nombre est pr\u00e9vu: arm\u00e9s de quelques lampes, les enfants tenteront de venir \u00e0 bout de l&rsquo;\u00e9nigme du baron Adolphe-Louis-Egon de F\u00fcrstenberg, dernier propri\u00e9taire du Castel avant que celui-ci ne devienne un centre de classes vertes.<\/p>\n<p>Demain jeudi, Mme Renault les rejoindra pour partager quelques activit\u00e9s et animer une veill\u00e9e chants.<\/p>\n","protected":false},"excerpt":{"rendered":"<div class=\"mh-excerpt\"><p>Apr\u00e8s une premi\u00e8re nuit plut\u00f4t mouvement\u00e9e (alarme incendie d\u00e9clar\u00e9e \u00e0 1h45 du matin &#8211; d&rsquo;o\u00f9 adr\u00e9naline pour les profs et frayeurs pour les enfants &#8211; <a class=\"mh-excerpt-more\" href=\"https:\/\/ecolecaritas.be\/new\/des-nouvelles-des-classes-vertes\/\" title=\"Des nouvelles des classes vertes\">[&#8230;]<\/a><\/p>\n<\/div>","protected":false},"author":4,"featured_media":148567,"comment_status":"closed","ping_status":"closed","sticky":false,"template":"","format":"standard","meta":{"footnotes":""},"categories":[8,9],"tags":[],"class_list":["post-148566","post","type-post","status-publish","format-standard","has-post-thumbnail","hentry","category-p12","category-p34"],"_links":{"self":[{"href":"https:\/\/ecolecaritas.be\/new\/wp-json\/wp\/v2\/posts\/148566","targetHints":{"allow":["GET"]}}],"collection":[{"href":"https:\/\/ecolecaritas.be\/new\/wp-json\/wp\/v2\/posts"}],"about":[{"href":"https:\/\/ecolecaritas.be\/new\/wp-json\/wp\/v2\/types\/post"}],"author":[{"embeddable":true,"href":"https:\/\/ecolecaritas.be\/new\/wp-json\/wp\/v2\/users\/4"}],"replies":[{"embeddable":true,"href":"https:\/\/ecolecaritas.be\/new\/wp-json\/wp\/v2\/comments?post=148566"}],"version-history":[{"count":1,"href":"https:\/\/ecolecaritas.be\/new\/wp-json\/wp\/v2\/posts\/148566\/revisions"}],"predecessor-version":[{"id":148568,"href":"https:\/\/ecolecaritas.be\/new\/wp-json\/wp\/v2\/posts\/148566\/revisions\/148568"}],"wp:featuredmedia":[{"embeddable":true,"href":"https:\/\/ecolecaritas.be\/new\/wp-json\/wp\/v2\/media\/148567"}],"wp:attachment":[{"href":"https:\/\/ecolecaritas.be\/new\/wp-json\/wp\/v2\/media?parent=148566"}],"wp:term":[{"taxonomy":"category","embeddable":true,"href":"https:\/\/ecolecaritas.be\/new\/wp-json\/wp\/v2\/categories?post=148566"},{"taxonomy":"post_tag","embeddable":true,"href":"https:\/\/ecolecaritas.be\/new\/wp-json\/wp\/v2\/tags?post=148566"}],"curies":[{"name":"wp","href":"https:\/\/api.w.org\/{rel}","templated":true}]}}