{"id":148644,"date":"2018-10-26T15:13:47","date_gmt":"2018-10-26T15:13:47","guid":{"rendered":"http:\/\/ecolecaritas.be\/new\/?p=148644"},"modified":"2018-10-26T15:13:47","modified_gmt":"2018-10-26T15:13:47","slug":"creations-zero-dechet-pour-les-fetes-de-la-saint-martin","status":"publish","type":"post","link":"https:\/\/ecolecaritas.be\/new\/creations-zero-dechet-pour-les-fetes-de-la-saint-martin\/","title":{"rendered":"Cr\u00e9ations \u00ab\u00a0z\u00e9ro d\u00e9chet\u00a0\u00bb pour les f\u00eates de la Saint Martin"},"content":{"rendered":"<p>Dans le cadre des pr\u00e9occupations environnementales actuelles, les \u00e9l\u00e8ves des maternelles, de P5C et<br \/>\nde P6 ont r\u00e9pondu \u00e0 l\u2019invitation de \u00ab\u00a0Beauvechain en Transition\u00a0\u00bb pour participer \u00e0 une<br \/>\nexposition des \u00ab\u00a0F\u00eates de la Saint Martin\u00a0\u00bb. Ils ont ainsi voulu sensibiliser le plus grand nombre \u00e0 la<br \/>\nprobl\u00e9matique de la pollution des mers et oc\u00e9ans, en r\u00e9alisant une tortue (maternelles), une barque (5 \u00e8me<br \/>\nann\u00e9e) et un phare marin (6 \u00e8me ann\u00e9e) avec des bouteilles en plastique. Ils souhaitent vraiment nous<br \/>\nencourager tous et toutes vers \u2026 \u00ab\u00a0le z\u00e9ro d\u00e9chet\u00a0\u00bb\u00a0!<\/p>\n<p>Merci pour votre adh\u00e9sion et participation !<\/p>\n<div class=\"rl-gallery-container \" id=\"rl-gallery-container-1\" data-gallery_id=\"0\"> <div class=\"rl-gallery rl-basicgrid-gallery \" id=\"rl-gallery-1\" data-gallery_no=\"1\"> <div class=\"rl-gallery-item\"><a href=\"https:\/\/ecolecaritas.be\/new\/wp-content\/uploads\/2018\/10\/20181011_134250.jpg\" title=\"\" data-rl_title=\"\" class=\"rl-gallery-link\" data-rl_caption=\"\" data-rel=\"lightbox-gallery-1\"><img loading=\"lazy\" decoding=\"async\" src=\"https:\/\/ecolecaritas.be\/new\/wp-content\/uploads\/2018\/10\/20181011_134250-300x169.jpg\" width=\"300\" height=\"169\" alt=\"\" \/><\/a><\/div><div class=\"rl-gallery-item\"><a href=\"https:\/\/ecolecaritas.be\/new\/wp-content\/uploads\/2018\/10\/20181011_134418.jpg\" title=\"\" data-rl_title=\"\" class=\"rl-gallery-link\" data-rl_caption=\"\" data-rel=\"lightbox-gallery-1\"><img loading=\"lazy\" decoding=\"async\" src=\"https:\/\/ecolecaritas.be\/new\/wp-content\/uploads\/2018\/10\/20181011_134418-300x169.jpg\" width=\"300\" height=\"169\" alt=\"\" \/><\/a><\/div><div class=\"rl-gallery-item\"><a href=\"https:\/\/ecolecaritas.be\/new\/wp-content\/uploads\/2018\/10\/IMG_20181024_091529.jpg\" title=\"\" data-rl_title=\"\" class=\"rl-gallery-link\" data-rl_caption=\"\" data-rel=\"lightbox-gallery-1\"><img loading=\"lazy\" decoding=\"async\" src=\"https:\/\/ecolecaritas.be\/new\/wp-content\/uploads\/2018\/10\/IMG_20181024_091529-300x225.jpg\" width=\"300\" height=\"225\" alt=\"\" \/><\/a><\/div><div class=\"rl-gallery-item\"><a href=\"https:\/\/ecolecaritas.be\/new\/wp-content\/uploads\/2018\/10\/IMG_20181024_091541.jpg\" title=\"\" data-rl_title=\"\" class=\"rl-gallery-link\" data-rl_caption=\"\" data-rel=\"lightbox-gallery-1\"><img loading=\"lazy\" decoding=\"async\" src=\"https:\/\/ecolecaritas.be\/new\/wp-content\/uploads\/2018\/10\/IMG_20181024_091541-300x225.jpg\" width=\"300\" height=\"225\" alt=\"\" \/><\/a><\/div><div class=\"rl-gallery-item\"><a href=\"https:\/\/ecolecaritas.be\/new\/wp-content\/uploads\/2018\/10\/IMG_20181024_091547.jpg\" title=\"\" data-rl_title=\"\" class=\"rl-gallery-link\" data-rl_caption=\"\" data-rel=\"lightbox-gallery-1\"><img loading=\"lazy\" decoding=\"async\" src=\"https:\/\/ecolecaritas.be\/new\/wp-content\/uploads\/2018\/10\/IMG_20181024_091547-300x225.jpg\" width=\"300\" height=\"225\" alt=\"\" \/><\/a><\/div> <\/div> <\/div>\n","protected":false},"excerpt":{"rendered":"<div class=\"mh-excerpt\"><p>Dans le cadre des pr\u00e9occupations environnementales actuelles, les \u00e9l\u00e8ves des maternelles, de P5C et de P6 ont r\u00e9pondu \u00e0 l\u2019invitation de \u00ab\u00a0Beauvechain en Transition\u00a0\u00bb pour <a class=\"mh-excerpt-more\" href=\"https:\/\/ecolecaritas.be\/new\/creations-zero-dechet-pour-les-fetes-de-la-saint-martin\/\" title=\"Cr\u00e9ations \u00ab\u00a0z\u00e9ro d\u00e9chet\u00a0\u00bb pour les f\u00eates de la Saint Martin\">[&#8230;]<\/a><\/p>\n<\/div>","protected":false},"author":5,"featured_media":148639,"comment_status":"closed","ping_status":"closed","sticky":false,"template":"","format":"standard","meta":{"footnotes":""},"categories":[7,10],"tags":[],"class_list":["post-148644","post","type-post","status-publish","format-standard","has-post-thumbnail","hentry","category-mat","category-p56"],"_links":{"self":[{"href":"https:\/\/ecolecaritas.be\/new\/wp-json\/wp\/v2\/posts\/148644","targetHints":{"allow":["GET"]}}],"collection":[{"href":"https:\/\/ecolecaritas.be\/new\/wp-json\/wp\/v2\/posts"}],"about":[{"href":"https:\/\/ecolecaritas.be\/new\/wp-json\/wp\/v2\/types\/post"}],"author":[{"embeddable":true,"href":"https:\/\/ecolecaritas.be\/new\/wp-json\/wp\/v2\/users\/5"}],"replies":[{"embeddable":true,"href":"https:\/\/ecolecaritas.be\/new\/wp-json\/wp\/v2\/comments?post=148644"}],"version-history":[{"count":5,"href":"https:\/\/ecolecaritas.be\/new\/wp-json\/wp\/v2\/posts\/148644\/revisions"}],"predecessor-version":[{"id":148649,"href":"https:\/\/ecolecaritas.be\/new\/wp-json\/wp\/v2\/posts\/148644\/revisions\/148649"}],"wp:featuredmedia":[{"embeddable":true,"href":"https:\/\/ecolecaritas.be\/new\/wp-json\/wp\/v2\/media\/148639"}],"wp:attachment":[{"href":"https:\/\/ecolecaritas.be\/new\/wp-json\/wp\/v2\/media?parent=148644"}],"wp:term":[{"taxonomy":"category","embeddable":true,"href":"https:\/\/ecolecaritas.be\/new\/wp-json\/wp\/v2\/categories?post=148644"},{"taxonomy":"post_tag","embeddable":true,"href":"https:\/\/ecolecaritas.be\/new\/wp-json\/wp\/v2\/tags?post=148644"}],"curies":[{"name":"wp","href":"https:\/\/api.w.org\/{rel}","templated":true}]}}