{"id":148788,"date":"2018-11-09T07:30:04","date_gmt":"2018-11-09T07:30:04","guid":{"rendered":"http:\/\/ecolecaritas.be\/new\/?p=148788"},"modified":"2018-11-09T07:30:04","modified_gmt":"2018-11-09T07:30:04","slug":"sortie-automnale-et-champetre-pour-les-p6","status":"publish","type":"post","link":"https:\/\/ecolecaritas.be\/new\/sortie-automnale-et-champetre-pour-les-p6\/","title":{"rendered":"Sortie automnale et champ\u00eatre pour les P6"},"content":{"rendered":"<p>Ce vendredi 26 octobre , nous avons termin\u00e9 cette premi\u00e8re p\u00e9riode en beaut\u00e9. Une r\u00e9colte de fruits et de feuilles aux riches couleurs de l&rsquo;automne nous a permis de cr\u00e9er de magnifiques mandalas. Pour travailler notre coh\u00e9sion de groupe, nous avons r\u00e9alis\u00e9 un jeu de coop\u00e9ration&#8230;traverser la rivi\u00e8re infest\u00e9e de crocodiles gr\u00e2ce \u00e0 des feuilles de papier journal&#8230; Des enqu\u00eates \u00e0 lire et \u00e0 r\u00e9soudre nous ont offert un moment de r\u00e9flexion et de concentration. Comme il faisait un tantinet frisquet, un petit feu nous a r\u00e9chauff\u00e9 et certains ont profit\u00e9 pour exp\u00e9rimenter la cuisson sauvage de pommes de terre glan\u00e9es sur le trajet! Bravo et merci \u00e0 tous pour votre bonne humeur.<\/p>\n<div class=\"rl-gallery-container \" id=\"rl-gallery-container-1\" data-gallery_id=\"0\"> <div class=\"rl-gallery rl-basicgrid-gallery \" id=\"rl-gallery-1\" data-gallery_no=\"1\"> <div class=\"rl-gallery-item\"><a href=\"https:\/\/ecolecaritas.be\/new\/wp-content\/uploads\/2018\/11\/44833097_462051844321906_1985606493822517248_n.jpg\" title=\"\" data-rl_title=\"\" class=\"rl-gallery-link\" data-rl_caption=\"\" data-rel=\"lightbox-gallery-1\"><img loading=\"lazy\" decoding=\"async\" src=\"https:\/\/ecolecaritas.be\/new\/wp-content\/uploads\/2018\/11\/44833097_462051844321906_1985606493822517248_n-287x300.jpg\" width=\"287\" height=\"300\" alt=\"\" \/><\/a><\/div><div class=\"rl-gallery-item\"><a href=\"https:\/\/ecolecaritas.be\/new\/wp-content\/uploads\/2018\/11\/44819316_563786820740615_5403338668213534720_n-e1545253722843.jpg\" title=\"\" data-rl_title=\"\" class=\"rl-gallery-link\" data-rl_caption=\"\" data-rel=\"lightbox-gallery-1\"><img loading=\"lazy\" decoding=\"async\" src=\"https:\/\/ecolecaritas.be\/new\/wp-content\/uploads\/2018\/11\/44819316_563786820740615_5403338668213534720_n-e1545253722843-300x248.jpg\" width=\"300\" height=\"248\" alt=\"\" \/><\/a><\/div><div class=\"rl-gallery-item\"><a href=\"https:\/\/ecolecaritas.be\/new\/wp-content\/uploads\/2018\/11\/44851507_185964845655265_5848515382813392896_n.jpg\" title=\"\" data-rl_title=\"\" class=\"rl-gallery-link\" data-rl_caption=\"\" data-rel=\"lightbox-gallery-1\"><img loading=\"lazy\" decoding=\"async\" src=\"https:\/\/ecolecaritas.be\/new\/wp-content\/uploads\/2018\/11\/44851507_185964845655265_5848515382813392896_n-256x300.jpg\" width=\"256\" height=\"300\" alt=\"\" \/><\/a><\/div><div class=\"rl-gallery-item\"><a href=\"https:\/\/ecolecaritas.be\/new\/wp-content\/uploads\/2018\/11\/44770214_339868606770849_4568096021678129152_n-1.jpg\" title=\"\" data-rl_title=\"\" class=\"rl-gallery-link\" data-rl_caption=\"\" data-rel=\"lightbox-gallery-1\"><img loading=\"lazy\" decoding=\"async\" src=\"https:\/\/ecolecaritas.be\/new\/wp-content\/uploads\/2018\/11\/44770214_339868606770849_4568096021678129152_n-1-300x300.jpg\" width=\"300\" height=\"300\" alt=\"\" \/><\/a><\/div><div class=\"rl-gallery-item\"><a href=\"https:\/\/ecolecaritas.be\/new\/wp-content\/uploads\/2018\/11\/44654949_321576395326421_3343549937341169664_n.jpg\" title=\"\" data-rl_title=\"\" class=\"rl-gallery-link\" data-rl_caption=\"\" data-rel=\"lightbox-gallery-1\"><img loading=\"lazy\" decoding=\"async\" src=\"https:\/\/ecolecaritas.be\/new\/wp-content\/uploads\/2018\/11\/44654949_321576395326421_3343549937341169664_n-145x300.jpg\" width=\"145\" height=\"300\" alt=\"\" \/><\/a><\/div><div class=\"rl-gallery-item\"><a href=\"https:\/\/ecolecaritas.be\/new\/wp-content\/uploads\/2018\/11\/43756841_293014497978746_9008775791206465536_n.jpg\" title=\"\" data-rl_title=\"\" class=\"rl-gallery-link\" data-rl_caption=\"\" data-rel=\"lightbox-gallery-1\"><img loading=\"lazy\" decoding=\"async\" src=\"https:\/\/ecolecaritas.be\/new\/wp-content\/uploads\/2018\/11\/43756841_293014497978746_9008775791206465536_n-300x146.jpg\" width=\"300\" height=\"146\" alt=\"\" \/><\/a><\/div><div class=\"rl-gallery-item\"><a href=\"https:\/\/ecolecaritas.be\/new\/wp-content\/uploads\/2018\/11\/44909872_277733602856661_7533891967449563136_n.jpg\" title=\"\" data-rl_title=\"\" class=\"rl-gallery-link\" data-rl_caption=\"\" data-rel=\"lightbox-gallery-1\"><img loading=\"lazy\" decoding=\"async\" src=\"https:\/\/ecolecaritas.be\/new\/wp-content\/uploads\/2018\/11\/44909872_277733602856661_7533891967449563136_n-145x300.jpg\" width=\"145\" height=\"300\" alt=\"\" \/><\/a><\/div><div class=\"rl-gallery-item\"><a href=\"https:\/\/ecolecaritas.be\/new\/wp-content\/uploads\/2018\/11\/44829006_168335104107761_6698370852414554112_n.jpg\" title=\"\" data-rl_title=\"\" class=\"rl-gallery-link\" data-rl_caption=\"\" data-rel=\"lightbox-gallery-1\"><img loading=\"lazy\" decoding=\"async\" src=\"https:\/\/ecolecaritas.be\/new\/wp-content\/uploads\/2018\/11\/44829006_168335104107761_6698370852414554112_n-145x300.jpg\" width=\"145\" height=\"300\" alt=\"\" \/><\/a><\/div><div class=\"rl-gallery-item\"><a href=\"https:\/\/ecolecaritas.be\/new\/wp-content\/uploads\/2018\/11\/44848456_266536747538655_3139703397834293248_n.jpg\" title=\"\" data-rl_title=\"\" class=\"rl-gallery-link\" data-rl_caption=\"\" data-rel=\"lightbox-gallery-1\"><img loading=\"lazy\" decoding=\"async\" src=\"https:\/\/ecolecaritas.be\/new\/wp-content\/uploads\/2018\/11\/44848456_266536747538655_3139703397834293248_n-300x146.jpg\" width=\"300\" height=\"146\" alt=\"\" \/><\/a><\/div><div class=\"rl-gallery-item\"><a href=\"https:\/\/ecolecaritas.be\/new\/wp-content\/uploads\/2018\/11\/44800675_259540394904552_5429602483422887936_n.jpg\" title=\"\" data-rl_title=\"\" class=\"rl-gallery-link\" data-rl_caption=\"\" data-rel=\"lightbox-gallery-1\"><img loading=\"lazy\" decoding=\"async\" src=\"https:\/\/ecolecaritas.be\/new\/wp-content\/uploads\/2018\/11\/44800675_259540394904552_5429602483422887936_n-145x300.jpg\" width=\"145\" height=\"300\" alt=\"\" \/><\/a><\/div><div class=\"rl-gallery-item\"><a href=\"https:\/\/ecolecaritas.be\/new\/wp-content\/uploads\/2018\/11\/44932277_335247750360058_794268327819083776_n.jpg\" title=\"\" data-rl_title=\"\" class=\"rl-gallery-link\" data-rl_caption=\"\" data-rel=\"lightbox-gallery-1\"><img loading=\"lazy\" decoding=\"async\" src=\"https:\/\/ecolecaritas.be\/new\/wp-content\/uploads\/2018\/11\/44932277_335247750360058_794268327819083776_n-300x146.jpg\" width=\"300\" height=\"146\" alt=\"\" \/><\/a><\/div><div class=\"rl-gallery-item\"><a href=\"https:\/\/ecolecaritas.be\/new\/wp-content\/uploads\/2018\/11\/44918333_497937750709508_6724594204737011712_n.jpg\" title=\"\" data-rl_title=\"\" class=\"rl-gallery-link\" data-rl_caption=\"\" data-rel=\"lightbox-gallery-1\"><img loading=\"lazy\" decoding=\"async\" src=\"https:\/\/ecolecaritas.be\/new\/wp-content\/uploads\/2018\/11\/44918333_497937750709508_6724594204737011712_n-145x300.jpg\" width=\"145\" height=\"300\" alt=\"\" \/><\/a><\/div><div class=\"rl-gallery-item\"><a href=\"https:\/\/ecolecaritas.be\/new\/wp-content\/uploads\/2018\/11\/44813418_710228056020480_6473013175364091904_n.jpg\" title=\"\" data-rl_title=\"\" class=\"rl-gallery-link\" data-rl_caption=\"\" data-rel=\"lightbox-gallery-1\"><img loading=\"lazy\" decoding=\"async\" src=\"https:\/\/ecolecaritas.be\/new\/wp-content\/uploads\/2018\/11\/44813418_710228056020480_6473013175364091904_n-300x146.jpg\" width=\"300\" height=\"146\" alt=\"\" \/><\/a><\/div><div class=\"rl-gallery-item\"><a href=\"https:\/\/ecolecaritas.be\/new\/wp-content\/uploads\/2018\/11\/43687226_325573328230380_4813306008233312256_n.jpg\" title=\"\" data-rl_title=\"\" class=\"rl-gallery-link\" data-rl_caption=\"\" data-rel=\"lightbox-gallery-1\"><img loading=\"lazy\" decoding=\"async\" src=\"https:\/\/ecolecaritas.be\/new\/wp-content\/uploads\/2018\/11\/43687226_325573328230380_4813306008233312256_n-145x300.jpg\" width=\"145\" height=\"300\" alt=\"\" \/><\/a><\/div> <\/div> <\/div>\n","protected":false},"excerpt":{"rendered":"<div class=\"mh-excerpt\"><p>Ce vendredi 26 octobre , nous avons termin\u00e9 cette premi\u00e8re p\u00e9riode en beaut\u00e9. Une r\u00e9colte de fruits et de feuilles aux riches couleurs de l&rsquo;automne <a class=\"mh-excerpt-more\" href=\"https:\/\/ecolecaritas.be\/new\/sortie-automnale-et-champetre-pour-les-p6\/\" title=\"Sortie automnale et champ\u00eatre pour les P6\">[&#8230;]<\/a><\/p>\n<\/div>","protected":false},"author":5,"featured_media":148783,"comment_status":"closed","ping_status":"closed","sticky":false,"template":"","format":"standard","meta":{"footnotes":""},"categories":[10],"tags":[],"class_list":["post-148788","post","type-post","status-publish","format-standard","has-post-thumbnail","hentry","category-p56"],"_links":{"self":[{"href":"https:\/\/ecolecaritas.be\/new\/wp-json\/wp\/v2\/posts\/148788","targetHints":{"allow":["GET"]}}],"collection":[{"href":"https:\/\/ecolecaritas.be\/new\/wp-json\/wp\/v2\/posts"}],"about":[{"href":"https:\/\/ecolecaritas.be\/new\/wp-json\/wp\/v2\/types\/post"}],"author":[{"embeddable":true,"href":"https:\/\/ecolecaritas.be\/new\/wp-json\/wp\/v2\/users\/5"}],"replies":[{"embeddable":true,"href":"https:\/\/ecolecaritas.be\/new\/wp-json\/wp\/v2\/comments?post=148788"}],"version-history":[{"count":2,"href":"https:\/\/ecolecaritas.be\/new\/wp-json\/wp\/v2\/posts\/148788\/revisions"}],"predecessor-version":[{"id":148790,"href":"https:\/\/ecolecaritas.be\/new\/wp-json\/wp\/v2\/posts\/148788\/revisions\/148790"}],"wp:featuredmedia":[{"embeddable":true,"href":"https:\/\/ecolecaritas.be\/new\/wp-json\/wp\/v2\/media\/148783"}],"wp:attachment":[{"href":"https:\/\/ecolecaritas.be\/new\/wp-json\/wp\/v2\/media?parent=148788"}],"wp:term":[{"taxonomy":"category","embeddable":true,"href":"https:\/\/ecolecaritas.be\/new\/wp-json\/wp\/v2\/categories?post=148788"},{"taxonomy":"post_tag","embeddable":true,"href":"https:\/\/ecolecaritas.be\/new\/wp-json\/wp\/v2\/tags?post=148788"}],"curies":[{"name":"wp","href":"https:\/\/api.w.org\/{rel}","templated":true}]}}