{"id":149095,"date":"2019-01-16T09:26:12","date_gmt":"2019-01-16T09:26:12","guid":{"rendered":"http:\/\/ecolecaritas.be\/new\/?p=149095"},"modified":"2019-01-16T09:26:12","modified_gmt":"2019-01-16T09:26:12","slug":"veillee-de-noel","status":"publish","type":"post","link":"https:\/\/ecolecaritas.be\/new\/veillee-de-noel\/","title":{"rendered":"Veill\u00e9e de No\u00ebl"},"content":{"rendered":"\n<p>Le jeudi  20 d\u00e9cembre, tous les enfants se sont retrouv\u00e9s \u00e0 l&rsquo;\u00e9glise de Hamme-Mille. De nombreux parents avaient pu nous rejoindre.<br>Nous avons d\u00e9couvert le conte pr\u00e9sent\u00e9 par les \u00e9l\u00e8ves de P3. De vrais artistes: ils connaissaient par coeur tous les dialogues et ont pr\u00e9sent\u00e9 un tr\u00e8s beau spectacle!<\/p>\n\n\n\n<p>Ensuite, nous nous sommes r\u00e9unis dans la cour de l&rsquo;\u00e9cole pour entonner quelques chants, avant de partager le traditionnel go\u00fbter de No\u00ebl: cougnous, cacao et vin chaud!<\/p>\n\n\n\n<ul class=\"wp-block-gallery columns-3 is-cropped wp-block-gallery-1 is-layout-flex wp-block-gallery-is-layout-flex\"><li class=\"blocks-gallery-item\"><figure><img loading=\"lazy\" decoding=\"async\" width=\"1024\" height=\"828\" src=\"https:\/\/ecolecaritas.be\/new\/wp-content\/uploads\/2019\/01\/Veill\u00e9eNo\u00ebl-23-1024x828.jpg\" alt=\"\" data-id=\"149127\" data-link=\"https:\/\/ecolecaritas.be\/new\/?attachment_id=149127\" class=\"wp-image-149127\" srcset=\"https:\/\/ecolecaritas.be\/new\/wp-content\/uploads\/2019\/01\/Veill\u00e9eNo\u00ebl-23-1024x828.jpg 1024w, https:\/\/ecolecaritas.be\/new\/wp-content\/uploads\/2019\/01\/Veill\u00e9eNo\u00ebl-23-300x243.jpg 300w, https:\/\/ecolecaritas.be\/new\/wp-content\/uploads\/2019\/01\/Veill\u00e9eNo\u00ebl-23-768x621.jpg 768w, https:\/\/ecolecaritas.be\/new\/wp-content\/uploads\/2019\/01\/Veill\u00e9eNo\u00ebl-23-600x485.jpg 600w\" sizes=\"auto, (max-width: 1024px) 100vw, 1024px\" \/><\/figure><\/li><li class=\"blocks-gallery-item\"><figure><img loading=\"lazy\" decoding=\"async\" width=\"515\" height=\"1024\" src=\"https:\/\/ecolecaritas.be\/new\/wp-content\/uploads\/2019\/01\/Veill\u00e9eNo\u00ebl-21-515x1024.jpg\" alt=\"\" data-id=\"149126\" data-link=\"https:\/\/ecolecaritas.be\/new\/?attachment_id=149126\" class=\"wp-image-149126\" srcset=\"https:\/\/ecolecaritas.be\/new\/wp-content\/uploads\/2019\/01\/Veill\u00e9eNo\u00ebl-21-515x1024.jpg 515w, https:\/\/ecolecaritas.be\/new\/wp-content\/uploads\/2019\/01\/Veill\u00e9eNo\u00ebl-21-151x300.jpg 151w, https:\/\/ecolecaritas.be\/new\/wp-content\/uploads\/2019\/01\/Veill\u00e9eNo\u00ebl-21-768x1527.jpg 768w, https:\/\/ecolecaritas.be\/new\/wp-content\/uploads\/2019\/01\/Veill\u00e9eNo\u00ebl-21-600x1193.jpg 600w, https:\/\/ecolecaritas.be\/new\/wp-content\/uploads\/2019\/01\/Veill\u00e9eNo\u00ebl-21.jpg 1955w\" sizes=\"auto, (max-width: 515px) 100vw, 515px\" \/><\/figure><\/li><li class=\"blocks-gallery-item\"><figure><img loading=\"lazy\" decoding=\"async\" width=\"1024\" height=\"937\" src=\"https:\/\/ecolecaritas.be\/new\/wp-content\/uploads\/2019\/01\/Veill\u00e9eNo\u00ebl-20-1024x937.jpg\" alt=\"\" data-id=\"149125\" data-link=\"https:\/\/ecolecaritas.be\/new\/?attachment_id=149125\" class=\"wp-image-149125\" srcset=\"https:\/\/ecolecaritas.be\/new\/wp-content\/uploads\/2019\/01\/Veill\u00e9eNo\u00ebl-20-1024x937.jpg 1024w, https:\/\/ecolecaritas.be\/new\/wp-content\/uploads\/2019\/01\/Veill\u00e9eNo\u00ebl-20-300x274.jpg 300w, https:\/\/ecolecaritas.be\/new\/wp-content\/uploads\/2019\/01\/Veill\u00e9eNo\u00ebl-20-768x702.jpg 768w, https:\/\/ecolecaritas.be\/new\/wp-content\/uploads\/2019\/01\/Veill\u00e9eNo\u00ebl-20-600x549.jpg 600w\" sizes=\"auto, (max-width: 1024px) 100vw, 1024px\" \/><\/figure><\/li><li class=\"blocks-gallery-item\"><figure><img loading=\"lazy\" decoding=\"async\" width=\"1024\" height=\"799\" src=\"https:\/\/ecolecaritas.be\/new\/wp-content\/uploads\/2019\/01\/Veill\u00e9eNo\u00ebl-19-1024x799.jpg\" alt=\"\" data-id=\"149124\" data-link=\"https:\/\/ecolecaritas.be\/new\/?attachment_id=149124\" class=\"wp-image-149124\" srcset=\"https:\/\/ecolecaritas.be\/new\/wp-content\/uploads\/2019\/01\/Veill\u00e9eNo\u00ebl-19-1024x799.jpg 1024w, https:\/\/ecolecaritas.be\/new\/wp-content\/uploads\/2019\/01\/Veill\u00e9eNo\u00ebl-19-300x234.jpg 300w, https:\/\/ecolecaritas.be\/new\/wp-content\/uploads\/2019\/01\/Veill\u00e9eNo\u00ebl-19-768x599.jpg 768w, https:\/\/ecolecaritas.be\/new\/wp-content\/uploads\/2019\/01\/Veill\u00e9eNo\u00ebl-19-600x468.jpg 600w\" sizes=\"auto, (max-width: 1024px) 100vw, 1024px\" \/><\/figure><\/li><li class=\"blocks-gallery-item\"><figure><img loading=\"lazy\" decoding=\"async\" width=\"1024\" height=\"774\" src=\"https:\/\/ecolecaritas.be\/new\/wp-content\/uploads\/2019\/01\/Veill\u00e9eNo\u00ebl-18-1024x774.jpg\" alt=\"\" data-id=\"149123\" data-link=\"https:\/\/ecolecaritas.be\/new\/?attachment_id=149123\" class=\"wp-image-149123\" srcset=\"https:\/\/ecolecaritas.be\/new\/wp-content\/uploads\/2019\/01\/Veill\u00e9eNo\u00ebl-18-1024x774.jpg 1024w, https:\/\/ecolecaritas.be\/new\/wp-content\/uploads\/2019\/01\/Veill\u00e9eNo\u00ebl-18-300x227.jpg 300w, https:\/\/ecolecaritas.be\/new\/wp-content\/uploads\/2019\/01\/Veill\u00e9eNo\u00ebl-18-768x581.jpg 768w, https:\/\/ecolecaritas.be\/new\/wp-content\/uploads\/2019\/01\/Veill\u00e9eNo\u00ebl-18-600x454.jpg 600w, https:\/\/ecolecaritas.be\/new\/wp-content\/uploads\/2019\/01\/Veill\u00e9eNo\u00ebl-18-326x245.jpg 326w, https:\/\/ecolecaritas.be\/new\/wp-content\/uploads\/2019\/01\/Veill\u00e9eNo\u00ebl-18-80x60.jpg 80w\" sizes=\"auto, (max-width: 1024px) 100vw, 1024px\" \/><\/figure><\/li><li class=\"blocks-gallery-item\"><figure><img loading=\"lazy\" decoding=\"async\" width=\"1024\" height=\"683\" src=\"https:\/\/ecolecaritas.be\/new\/wp-content\/uploads\/2019\/01\/Veill\u00e9eNo\u00ebl-16-1024x683.jpg\" alt=\"\" data-id=\"149122\" data-link=\"https:\/\/ecolecaritas.be\/new\/?attachment_id=149122\" class=\"wp-image-149122\" srcset=\"https:\/\/ecolecaritas.be\/new\/wp-content\/uploads\/2019\/01\/Veill\u00e9eNo\u00ebl-16-1024x683.jpg 1024w, https:\/\/ecolecaritas.be\/new\/wp-content\/uploads\/2019\/01\/Veill\u00e9eNo\u00ebl-16-300x200.jpg 300w, https:\/\/ecolecaritas.be\/new\/wp-content\/uploads\/2019\/01\/Veill\u00e9eNo\u00ebl-16-768x512.jpg 768w, https:\/\/ecolecaritas.be\/new\/wp-content\/uploads\/2019\/01\/Veill\u00e9eNo\u00ebl-16-600x400.jpg 600w\" sizes=\"auto, (max-width: 1024px) 100vw, 1024px\" \/><\/figure><\/li><li class=\"blocks-gallery-item\"><figure><img loading=\"lazy\" decoding=\"async\" width=\"1024\" height=\"591\" src=\"https:\/\/ecolecaritas.be\/new\/wp-content\/uploads\/2019\/01\/Veill\u00e9eNo\u00ebl-14-1024x591.jpg\" alt=\"\" data-id=\"149121\" data-link=\"https:\/\/ecolecaritas.be\/new\/?attachment_id=149121\" class=\"wp-image-149121\" srcset=\"https:\/\/ecolecaritas.be\/new\/wp-content\/uploads\/2019\/01\/Veill\u00e9eNo\u00ebl-14-1024x591.jpg 1024w, https:\/\/ecolecaritas.be\/new\/wp-content\/uploads\/2019\/01\/Veill\u00e9eNo\u00ebl-14-300x173.jpg 300w, https:\/\/ecolecaritas.be\/new\/wp-content\/uploads\/2019\/01\/Veill\u00e9eNo\u00ebl-14-768x443.jpg 768w, https:\/\/ecolecaritas.be\/new\/wp-content\/uploads\/2019\/01\/Veill\u00e9eNo\u00ebl-14-600x346.jpg 600w\" sizes=\"auto, (max-width: 1024px) 100vw, 1024px\" \/><\/figure><\/li><li class=\"blocks-gallery-item\"><figure><img loading=\"lazy\" decoding=\"async\" width=\"535\" height=\"1024\" src=\"https:\/\/ecolecaritas.be\/new\/wp-content\/uploads\/2019\/01\/Veill\u00e9eNo\u00ebl-12-535x1024.jpg\" alt=\"\" data-id=\"149120\" data-link=\"https:\/\/ecolecaritas.be\/new\/?attachment_id=149120\" class=\"wp-image-149120\" srcset=\"https:\/\/ecolecaritas.be\/new\/wp-content\/uploads\/2019\/01\/Veill\u00e9eNo\u00ebl-12-535x1024.jpg 535w, https:\/\/ecolecaritas.be\/new\/wp-content\/uploads\/2019\/01\/Veill\u00e9eNo\u00ebl-12-157x300.jpg 157w, https:\/\/ecolecaritas.be\/new\/wp-content\/uploads\/2019\/01\/Veill\u00e9eNo\u00ebl-12-768x1469.jpg 768w, https:\/\/ecolecaritas.be\/new\/wp-content\/uploads\/2019\/01\/Veill\u00e9eNo\u00ebl-12-600x1148.jpg 600w, https:\/\/ecolecaritas.be\/new\/wp-content\/uploads\/2019\/01\/Veill\u00e9eNo\u00ebl-12.jpg 2032w\" sizes=\"auto, (max-width: 535px) 100vw, 535px\" \/><\/figure><\/li><li class=\"blocks-gallery-item\"><figure><img loading=\"lazy\" decoding=\"async\" width=\"1024\" height=\"978\" src=\"https:\/\/ecolecaritas.be\/new\/wp-content\/uploads\/2019\/01\/Veill\u00e9eNo\u00ebl-11-1024x978.jpg\" alt=\"\" data-id=\"149119\" data-link=\"https:\/\/ecolecaritas.be\/new\/?attachment_id=149119\" class=\"wp-image-149119\" srcset=\"https:\/\/ecolecaritas.be\/new\/wp-content\/uploads\/2019\/01\/Veill\u00e9eNo\u00ebl-11-1024x978.jpg 1024w, https:\/\/ecolecaritas.be\/new\/wp-content\/uploads\/2019\/01\/Veill\u00e9eNo\u00ebl-11-300x287.jpg 300w, https:\/\/ecolecaritas.be\/new\/wp-content\/uploads\/2019\/01\/Veill\u00e9eNo\u00ebl-11-768x734.jpg 768w, https:\/\/ecolecaritas.be\/new\/wp-content\/uploads\/2019\/01\/Veill\u00e9eNo\u00ebl-11-600x573.jpg 600w\" sizes=\"auto, (max-width: 1024px) 100vw, 1024px\" \/><\/figure><\/li><li class=\"blocks-gallery-item\"><figure><img loading=\"lazy\" decoding=\"async\" width=\"1024\" height=\"742\" src=\"https:\/\/ecolecaritas.be\/new\/wp-content\/uploads\/2019\/01\/Veill\u00e9eNo\u00ebl-51-1024x742.jpg\" alt=\"\" data-id=\"149110\" data-link=\"https:\/\/ecolecaritas.be\/new\/?attachment_id=149110\" class=\"wp-image-149110\" srcset=\"https:\/\/ecolecaritas.be\/new\/wp-content\/uploads\/2019\/01\/Veill\u00e9eNo\u00ebl-51-1024x742.jpg 1024w, https:\/\/ecolecaritas.be\/new\/wp-content\/uploads\/2019\/01\/Veill\u00e9eNo\u00ebl-51-300x217.jpg 300w, https:\/\/ecolecaritas.be\/new\/wp-content\/uploads\/2019\/01\/Veill\u00e9eNo\u00ebl-51-768x556.jpg 768w, https:\/\/ecolecaritas.be\/new\/wp-content\/uploads\/2019\/01\/Veill\u00e9eNo\u00ebl-51-600x435.jpg 600w\" sizes=\"auto, (max-width: 1024px) 100vw, 1024px\" \/><\/figure><\/li><li class=\"blocks-gallery-item\"><figure><img loading=\"lazy\" decoding=\"async\" width=\"576\" height=\"1024\" src=\"https:\/\/ecolecaritas.be\/new\/wp-content\/uploads\/2019\/01\/Veill\u00e9eNo\u00ebl-53-576x1024.jpg\" alt=\"\" data-id=\"149111\" data-link=\"https:\/\/ecolecaritas.be\/new\/?attachment_id=149111\" class=\"wp-image-149111\" srcset=\"https:\/\/ecolecaritas.be\/new\/wp-content\/uploads\/2019\/01\/Veill\u00e9eNo\u00ebl-53-576x1024.jpg 576w, https:\/\/ecolecaritas.be\/new\/wp-content\/uploads\/2019\/01\/Veill\u00e9eNo\u00ebl-53-169x300.jpg 169w, https:\/\/ecolecaritas.be\/new\/wp-content\/uploads\/2019\/01\/Veill\u00e9eNo\u00ebl-53-768x1365.jpg 768w, https:\/\/ecolecaritas.be\/new\/wp-content\/uploads\/2019\/01\/Veill\u00e9eNo\u00ebl-53-600x1067.jpg 600w\" sizes=\"auto, (max-width: 576px) 100vw, 576px\" \/><\/figure><\/li><li class=\"blocks-gallery-item\"><figure><img loading=\"lazy\" decoding=\"async\" width=\"1024\" height=\"823\" src=\"https:\/\/ecolecaritas.be\/new\/wp-content\/uploads\/2019\/01\/Veill\u00e9eNo\u00ebl-1-1024x823.jpg\" alt=\"\" data-id=\"149112\" data-link=\"https:\/\/ecolecaritas.be\/new\/?attachment_id=149112\" class=\"wp-image-149112\" srcset=\"https:\/\/ecolecaritas.be\/new\/wp-content\/uploads\/2019\/01\/Veill\u00e9eNo\u00ebl-1-1024x823.jpg 1024w, https:\/\/ecolecaritas.be\/new\/wp-content\/uploads\/2019\/01\/Veill\u00e9eNo\u00ebl-1-300x241.jpg 300w, https:\/\/ecolecaritas.be\/new\/wp-content\/uploads\/2019\/01\/Veill\u00e9eNo\u00ebl-1-768x617.jpg 768w, https:\/\/ecolecaritas.be\/new\/wp-content\/uploads\/2019\/01\/Veill\u00e9eNo\u00ebl-1-600x482.jpg 600w\" sizes=\"auto, (max-width: 1024px) 100vw, 1024px\" \/><\/figure><\/li><li class=\"blocks-gallery-item\"><figure><img loading=\"lazy\" decoding=\"async\" width=\"1024\" height=\"647\" src=\"https:\/\/ecolecaritas.be\/new\/wp-content\/uploads\/2019\/01\/Veill\u00e9eNo\u00ebl-2-1024x647.jpg\" alt=\"\" data-id=\"149113\" data-link=\"https:\/\/ecolecaritas.be\/new\/?attachment_id=149113\" class=\"wp-image-149113\" srcset=\"https:\/\/ecolecaritas.be\/new\/wp-content\/uploads\/2019\/01\/Veill\u00e9eNo\u00ebl-2-1024x647.jpg 1024w, https:\/\/ecolecaritas.be\/new\/wp-content\/uploads\/2019\/01\/Veill\u00e9eNo\u00ebl-2-300x190.jpg 300w, https:\/\/ecolecaritas.be\/new\/wp-content\/uploads\/2019\/01\/Veill\u00e9eNo\u00ebl-2-768x485.jpg 768w, https:\/\/ecolecaritas.be\/new\/wp-content\/uploads\/2019\/01\/Veill\u00e9eNo\u00ebl-2-600x379.jpg 600w\" sizes=\"auto, (max-width: 1024px) 100vw, 1024px\" \/><\/figure><\/li><li class=\"blocks-gallery-item\"><figure><img loading=\"lazy\" decoding=\"async\" width=\"683\" height=\"1024\" src=\"https:\/\/ecolecaritas.be\/new\/wp-content\/uploads\/2019\/01\/Veill\u00e9eNo\u00ebl-3-683x1024.jpg\" alt=\"\" data-id=\"149114\" data-link=\"https:\/\/ecolecaritas.be\/new\/?attachment_id=149114\" class=\"wp-image-149114\" srcset=\"https:\/\/ecolecaritas.be\/new\/wp-content\/uploads\/2019\/01\/Veill\u00e9eNo\u00ebl-3-683x1024.jpg 683w, https:\/\/ecolecaritas.be\/new\/wp-content\/uploads\/2019\/01\/Veill\u00e9eNo\u00ebl-3-200x300.jpg 200w, https:\/\/ecolecaritas.be\/new\/wp-content\/uploads\/2019\/01\/Veill\u00e9eNo\u00ebl-3-768x1152.jpg 768w, https:\/\/ecolecaritas.be\/new\/wp-content\/uploads\/2019\/01\/Veill\u00e9eNo\u00ebl-3-600x900.jpg 600w\" sizes=\"auto, (max-width: 683px) 100vw, 683px\" \/><\/figure><\/li><li class=\"blocks-gallery-item\"><figure><img loading=\"lazy\" decoding=\"async\" width=\"548\" height=\"1024\" src=\"https:\/\/ecolecaritas.be\/new\/wp-content\/uploads\/2019\/01\/Veill\u00e9eNo\u00ebl-6-548x1024.jpg\" alt=\"\" data-id=\"149115\" data-link=\"https:\/\/ecolecaritas.be\/new\/?attachment_id=149115\" class=\"wp-image-149115\" srcset=\"https:\/\/ecolecaritas.be\/new\/wp-content\/uploads\/2019\/01\/Veill\u00e9eNo\u00ebl-6-548x1024.jpg 548w, https:\/\/ecolecaritas.be\/new\/wp-content\/uploads\/2019\/01\/Veill\u00e9eNo\u00ebl-6-160x300.jpg 160w, https:\/\/ecolecaritas.be\/new\/wp-content\/uploads\/2019\/01\/Veill\u00e9eNo\u00ebl-6-768x1436.jpg 768w, https:\/\/ecolecaritas.be\/new\/wp-content\/uploads\/2019\/01\/Veill\u00e9eNo\u00ebl-6-600x1122.jpg 600w\" sizes=\"auto, (max-width: 548px) 100vw, 548px\" \/><\/figure><\/li><li class=\"blocks-gallery-item\"><figure><img loading=\"lazy\" decoding=\"async\" width=\"1024\" height=\"673\" src=\"https:\/\/ecolecaritas.be\/new\/wp-content\/uploads\/2019\/01\/Veill\u00e9eNo\u00ebl-7-1024x673.jpg\" alt=\"\" data-id=\"149116\" data-link=\"https:\/\/ecolecaritas.be\/new\/?attachment_id=149116\" class=\"wp-image-149116\" srcset=\"https:\/\/ecolecaritas.be\/new\/wp-content\/uploads\/2019\/01\/Veill\u00e9eNo\u00ebl-7-1024x673.jpg 1024w, https:\/\/ecolecaritas.be\/new\/wp-content\/uploads\/2019\/01\/Veill\u00e9eNo\u00ebl-7-300x197.jpg 300w, https:\/\/ecolecaritas.be\/new\/wp-content\/uploads\/2019\/01\/Veill\u00e9eNo\u00ebl-7-768x504.jpg 768w, https:\/\/ecolecaritas.be\/new\/wp-content\/uploads\/2019\/01\/Veill\u00e9eNo\u00ebl-7-600x394.jpg 600w\" sizes=\"auto, (max-width: 1024px) 100vw, 1024px\" \/><\/figure><\/li><li class=\"blocks-gallery-item\"><figure><img loading=\"lazy\" decoding=\"async\" width=\"1024\" height=\"683\" src=\"https:\/\/ecolecaritas.be\/new\/wp-content\/uploads\/2019\/01\/Veill\u00e9eNo\u00ebl-9-1024x683.jpg\" alt=\"\" data-id=\"149117\" data-link=\"https:\/\/ecolecaritas.be\/new\/?attachment_id=149117\" class=\"wp-image-149117\" srcset=\"https:\/\/ecolecaritas.be\/new\/wp-content\/uploads\/2019\/01\/Veill\u00e9eNo\u00ebl-9-1024x683.jpg 1024w, https:\/\/ecolecaritas.be\/new\/wp-content\/uploads\/2019\/01\/Veill\u00e9eNo\u00ebl-9-300x200.jpg 300w, https:\/\/ecolecaritas.be\/new\/wp-content\/uploads\/2019\/01\/Veill\u00e9eNo\u00ebl-9-768x512.jpg 768w, https:\/\/ecolecaritas.be\/new\/wp-content\/uploads\/2019\/01\/Veill\u00e9eNo\u00ebl-9-600x400.jpg 600w\" sizes=\"auto, (max-width: 1024px) 100vw, 1024px\" \/><\/figure><\/li><li class=\"blocks-gallery-item\"><figure><img loading=\"lazy\" decoding=\"async\" width=\"1024\" height=\"720\" src=\"https:\/\/ecolecaritas.be\/new\/wp-content\/uploads\/2019\/01\/Veill\u00e9eNo\u00ebl-10-1024x720.jpg\" alt=\"\" data-id=\"149118\" data-link=\"https:\/\/ecolecaritas.be\/new\/?attachment_id=149118\" class=\"wp-image-149118\" srcset=\"https:\/\/ecolecaritas.be\/new\/wp-content\/uploads\/2019\/01\/Veill\u00e9eNo\u00ebl-10-1024x720.jpg 1024w, https:\/\/ecolecaritas.be\/new\/wp-content\/uploads\/2019\/01\/Veill\u00e9eNo\u00ebl-10-300x211.jpg 300w, https:\/\/ecolecaritas.be\/new\/wp-content\/uploads\/2019\/01\/Veill\u00e9eNo\u00ebl-10-768x540.jpg 768w, https:\/\/ecolecaritas.be\/new\/wp-content\/uploads\/2019\/01\/Veill\u00e9eNo\u00ebl-10-600x422.jpg 600w\" sizes=\"auto, (max-width: 1024px) 100vw, 1024px\" \/><\/figure><\/li><li class=\"blocks-gallery-item\"><figure><img loading=\"lazy\" decoding=\"async\" width=\"1024\" height=\"683\" src=\"https:\/\/ecolecaritas.be\/new\/wp-content\/uploads\/2019\/01\/Veill\u00e9eNo\u00ebl-50-1024x683.jpg\" alt=\"\" data-id=\"149109\" data-link=\"https:\/\/ecolecaritas.be\/new\/?attachment_id=149109\" class=\"wp-image-149109\" srcset=\"https:\/\/ecolecaritas.be\/new\/wp-content\/uploads\/2019\/01\/Veill\u00e9eNo\u00ebl-50-1024x683.jpg 1024w, https:\/\/ecolecaritas.be\/new\/wp-content\/uploads\/2019\/01\/Veill\u00e9eNo\u00ebl-50-300x200.jpg 300w, https:\/\/ecolecaritas.be\/new\/wp-content\/uploads\/2019\/01\/Veill\u00e9eNo\u00ebl-50-768x512.jpg 768w, https:\/\/ecolecaritas.be\/new\/wp-content\/uploads\/2019\/01\/Veill\u00e9eNo\u00ebl-50-600x400.jpg 600w\" sizes=\"auto, (max-width: 1024px) 100vw, 1024px\" \/><\/figure><\/li><li class=\"blocks-gallery-item\"><figure><img loading=\"lazy\" decoding=\"async\" width=\"1024\" height=\"833\" src=\"https:\/\/ecolecaritas.be\/new\/wp-content\/uploads\/2019\/01\/Veill\u00e9eNo\u00ebl-48-1024x833.jpg\" alt=\"\" data-id=\"149108\" data-link=\"https:\/\/ecolecaritas.be\/new\/?attachment_id=149108\" class=\"wp-image-149108\" srcset=\"https:\/\/ecolecaritas.be\/new\/wp-content\/uploads\/2019\/01\/Veill\u00e9eNo\u00ebl-48-1024x833.jpg 1024w, https:\/\/ecolecaritas.be\/new\/wp-content\/uploads\/2019\/01\/Veill\u00e9eNo\u00ebl-48-300x244.jpg 300w, https:\/\/ecolecaritas.be\/new\/wp-content\/uploads\/2019\/01\/Veill\u00e9eNo\u00ebl-48-768x625.jpg 768w, https:\/\/ecolecaritas.be\/new\/wp-content\/uploads\/2019\/01\/Veill\u00e9eNo\u00ebl-48-600x488.jpg 600w\" sizes=\"auto, (max-width: 1024px) 100vw, 1024px\" \/><\/figure><\/li><li class=\"blocks-gallery-item\"><figure><img loading=\"lazy\" decoding=\"async\" width=\"876\" height=\"1024\" src=\"https:\/\/ecolecaritas.be\/new\/wp-content\/uploads\/2019\/01\/Veill\u00e9eNo\u00ebl-47-876x1024.jpg\" alt=\"\" data-id=\"149107\" data-link=\"https:\/\/ecolecaritas.be\/new\/?attachment_id=149107\" class=\"wp-image-149107\" srcset=\"https:\/\/ecolecaritas.be\/new\/wp-content\/uploads\/2019\/01\/Veill\u00e9eNo\u00ebl-47-876x1024.jpg 876w, https:\/\/ecolecaritas.be\/new\/wp-content\/uploads\/2019\/01\/Veill\u00e9eNo\u00ebl-47-257x300.jpg 257w, https:\/\/ecolecaritas.be\/new\/wp-content\/uploads\/2019\/01\/Veill\u00e9eNo\u00ebl-47-768x898.jpg 768w, https:\/\/ecolecaritas.be\/new\/wp-content\/uploads\/2019\/01\/Veill\u00e9eNo\u00ebl-47-600x702.jpg 600w\" sizes=\"auto, (max-width: 876px) 100vw, 876px\" \/><\/figure><\/li><li class=\"blocks-gallery-item\"><figure><img loading=\"lazy\" decoding=\"async\" width=\"1024\" height=\"683\" src=\"https:\/\/ecolecaritas.be\/new\/wp-content\/uploads\/2019\/01\/Veill\u00e9eNo\u00ebl-46-1024x683.jpg\" alt=\"\" data-id=\"149106\" data-link=\"https:\/\/ecolecaritas.be\/new\/?attachment_id=149106\" class=\"wp-image-149106\" srcset=\"https:\/\/ecolecaritas.be\/new\/wp-content\/uploads\/2019\/01\/Veill\u00e9eNo\u00ebl-46-1024x683.jpg 1024w, https:\/\/ecolecaritas.be\/new\/wp-content\/uploads\/2019\/01\/Veill\u00e9eNo\u00ebl-46-300x200.jpg 300w, https:\/\/ecolecaritas.be\/new\/wp-content\/uploads\/2019\/01\/Veill\u00e9eNo\u00ebl-46-768x512.jpg 768w, https:\/\/ecolecaritas.be\/new\/wp-content\/uploads\/2019\/01\/Veill\u00e9eNo\u00ebl-46-600x400.jpg 600w\" sizes=\"auto, (max-width: 1024px) 100vw, 1024px\" \/><\/figure><\/li><li class=\"blocks-gallery-item\"><figure><img loading=\"lazy\" decoding=\"async\" width=\"1024\" height=\"685\" src=\"https:\/\/ecolecaritas.be\/new\/wp-content\/uploads\/2019\/01\/Veill\u00e9eNo\u00ebl-44-1024x685.jpg\" alt=\"\" data-id=\"149105\" data-link=\"https:\/\/ecolecaritas.be\/new\/?attachment_id=149105\" class=\"wp-image-149105\" srcset=\"https:\/\/ecolecaritas.be\/new\/wp-content\/uploads\/2019\/01\/Veill\u00e9eNo\u00ebl-44-1024x685.jpg 1024w, https:\/\/ecolecaritas.be\/new\/wp-content\/uploads\/2019\/01\/Veill\u00e9eNo\u00ebl-44-300x201.jpg 300w, https:\/\/ecolecaritas.be\/new\/wp-content\/uploads\/2019\/01\/Veill\u00e9eNo\u00ebl-44-768x514.jpg 768w, https:\/\/ecolecaritas.be\/new\/wp-content\/uploads\/2019\/01\/Veill\u00e9eNo\u00ebl-44-600x402.jpg 600w\" sizes=\"auto, (max-width: 1024px) 100vw, 1024px\" \/><\/figure><\/li><li class=\"blocks-gallery-item\"><figure><img loading=\"lazy\" decoding=\"async\" width=\"1024\" height=\"683\" src=\"https:\/\/ecolecaritas.be\/new\/wp-content\/uploads\/2019\/01\/Veill\u00e9eNo\u00ebl-41-1024x683.jpg\" alt=\"\" data-id=\"149104\" data-link=\"https:\/\/ecolecaritas.be\/new\/?attachment_id=149104\" class=\"wp-image-149104\" srcset=\"https:\/\/ecolecaritas.be\/new\/wp-content\/uploads\/2019\/01\/Veill\u00e9eNo\u00ebl-41-1024x683.jpg 1024w, https:\/\/ecolecaritas.be\/new\/wp-content\/uploads\/2019\/01\/Veill\u00e9eNo\u00ebl-41-300x200.jpg 300w, https:\/\/ecolecaritas.be\/new\/wp-content\/uploads\/2019\/01\/Veill\u00e9eNo\u00ebl-41-768x512.jpg 768w, https:\/\/ecolecaritas.be\/new\/wp-content\/uploads\/2019\/01\/Veill\u00e9eNo\u00ebl-41-600x400.jpg 600w\" sizes=\"auto, (max-width: 1024px) 100vw, 1024px\" \/><\/figure><\/li><li class=\"blocks-gallery-item\"><figure><img loading=\"lazy\" decoding=\"async\" width=\"1024\" height=\"683\" src=\"https:\/\/ecolecaritas.be\/new\/wp-content\/uploads\/2019\/01\/Veill\u00e9eNo\u00ebl-40-1024x683.jpg\" alt=\"\" data-id=\"149103\" data-link=\"https:\/\/ecolecaritas.be\/new\/?attachment_id=149103\" class=\"wp-image-149103\" srcset=\"https:\/\/ecolecaritas.be\/new\/wp-content\/uploads\/2019\/01\/Veill\u00e9eNo\u00ebl-40-1024x683.jpg 1024w, https:\/\/ecolecaritas.be\/new\/wp-content\/uploads\/2019\/01\/Veill\u00e9eNo\u00ebl-40-300x200.jpg 300w, https:\/\/ecolecaritas.be\/new\/wp-content\/uploads\/2019\/01\/Veill\u00e9eNo\u00ebl-40-768x512.jpg 768w, https:\/\/ecolecaritas.be\/new\/wp-content\/uploads\/2019\/01\/Veill\u00e9eNo\u00ebl-40-600x400.jpg 600w\" sizes=\"auto, (max-width: 1024px) 100vw, 1024px\" \/><\/figure><\/li><li class=\"blocks-gallery-item\"><figure><img loading=\"lazy\" decoding=\"async\" width=\"1024\" height=\"683\" src=\"https:\/\/ecolecaritas.be\/new\/wp-content\/uploads\/2019\/01\/Veill\u00e9eNo\u00ebl-39-1024x683.jpg\" alt=\"\" data-id=\"149102\" data-link=\"https:\/\/ecolecaritas.be\/new\/?attachment_id=149102\" class=\"wp-image-149102\" srcset=\"https:\/\/ecolecaritas.be\/new\/wp-content\/uploads\/2019\/01\/Veill\u00e9eNo\u00ebl-39-1024x683.jpg 1024w, https:\/\/ecolecaritas.be\/new\/wp-content\/uploads\/2019\/01\/Veill\u00e9eNo\u00ebl-39-300x200.jpg 300w, https:\/\/ecolecaritas.be\/new\/wp-content\/uploads\/2019\/01\/Veill\u00e9eNo\u00ebl-39-768x512.jpg 768w, https:\/\/ecolecaritas.be\/new\/wp-content\/uploads\/2019\/01\/Veill\u00e9eNo\u00ebl-39-600x400.jpg 600w\" sizes=\"auto, (max-width: 1024px) 100vw, 1024px\" \/><\/figure><\/li><li class=\"blocks-gallery-item\"><figure><img loading=\"lazy\" decoding=\"async\" width=\"1024\" height=\"683\" src=\"https:\/\/ecolecaritas.be\/new\/wp-content\/uploads\/2019\/01\/Veill\u00e9eNo\u00ebl-37-1024x683.jpg\" alt=\"\" data-id=\"149101\" data-link=\"https:\/\/ecolecaritas.be\/new\/?attachment_id=149101\" class=\"wp-image-149101\" srcset=\"https:\/\/ecolecaritas.be\/new\/wp-content\/uploads\/2019\/01\/Veill\u00e9eNo\u00ebl-37-1024x683.jpg 1024w, https:\/\/ecolecaritas.be\/new\/wp-content\/uploads\/2019\/01\/Veill\u00e9eNo\u00ebl-37-300x200.jpg 300w, https:\/\/ecolecaritas.be\/new\/wp-content\/uploads\/2019\/01\/Veill\u00e9eNo\u00ebl-37-768x512.jpg 768w, https:\/\/ecolecaritas.be\/new\/wp-content\/uploads\/2019\/01\/Veill\u00e9eNo\u00ebl-37-600x400.jpg 600w\" sizes=\"auto, (max-width: 1024px) 100vw, 1024px\" \/><\/figure><\/li><li class=\"blocks-gallery-item\"><figure><img loading=\"lazy\" decoding=\"async\" width=\"1024\" height=\"683\" src=\"https:\/\/ecolecaritas.be\/new\/wp-content\/uploads\/2019\/01\/Veill\u00e9eNo\u00ebl-33-1024x683.jpg\" alt=\"\" data-id=\"149100\" data-link=\"https:\/\/ecolecaritas.be\/new\/?attachment_id=149100\" class=\"wp-image-149100\" srcset=\"https:\/\/ecolecaritas.be\/new\/wp-content\/uploads\/2019\/01\/Veill\u00e9eNo\u00ebl-33-1024x683.jpg 1024w, https:\/\/ecolecaritas.be\/new\/wp-content\/uploads\/2019\/01\/Veill\u00e9eNo\u00ebl-33-300x200.jpg 300w, https:\/\/ecolecaritas.be\/new\/wp-content\/uploads\/2019\/01\/Veill\u00e9eNo\u00ebl-33-768x512.jpg 768w, https:\/\/ecolecaritas.be\/new\/wp-content\/uploads\/2019\/01\/Veill\u00e9eNo\u00ebl-33-600x400.jpg 600w\" sizes=\"auto, (max-width: 1024px) 100vw, 1024px\" \/><\/figure><\/li><li class=\"blocks-gallery-item\"><figure><img loading=\"lazy\" decoding=\"async\" width=\"1024\" height=\"693\" src=\"https:\/\/ecolecaritas.be\/new\/wp-content\/uploads\/2019\/01\/Veill\u00e9eNo\u00ebl-31-1024x693.jpg\" alt=\"\" data-id=\"149099\" data-link=\"https:\/\/ecolecaritas.be\/new\/?attachment_id=149099\" class=\"wp-image-149099\" srcset=\"https:\/\/ecolecaritas.be\/new\/wp-content\/uploads\/2019\/01\/Veill\u00e9eNo\u00ebl-31-1024x693.jpg 1024w, https:\/\/ecolecaritas.be\/new\/wp-content\/uploads\/2019\/01\/Veill\u00e9eNo\u00ebl-31-300x203.jpg 300w, https:\/\/ecolecaritas.be\/new\/wp-content\/uploads\/2019\/01\/Veill\u00e9eNo\u00ebl-31-768x520.jpg 768w, https:\/\/ecolecaritas.be\/new\/wp-content\/uploads\/2019\/01\/Veill\u00e9eNo\u00ebl-31-600x406.jpg 600w\" sizes=\"auto, (max-width: 1024px) 100vw, 1024px\" \/><\/figure><\/li><li class=\"blocks-gallery-item\"><figure><img loading=\"lazy\" decoding=\"async\" width=\"598\" height=\"1024\" src=\"https:\/\/ecolecaritas.be\/new\/wp-content\/uploads\/2019\/01\/Veill\u00e9eNo\u00ebl-30-598x1024.jpg\" alt=\"\" data-id=\"149098\" data-link=\"https:\/\/ecolecaritas.be\/new\/?attachment_id=149098\" class=\"wp-image-149098\" srcset=\"https:\/\/ecolecaritas.be\/new\/wp-content\/uploads\/2019\/01\/Veill\u00e9eNo\u00ebl-30-598x1024.jpg 598w, https:\/\/ecolecaritas.be\/new\/wp-content\/uploads\/2019\/01\/Veill\u00e9eNo\u00ebl-30-175x300.jpg 175w, https:\/\/ecolecaritas.be\/new\/wp-content\/uploads\/2019\/01\/Veill\u00e9eNo\u00ebl-30-768x1316.jpg 768w, https:\/\/ecolecaritas.be\/new\/wp-content\/uploads\/2019\/01\/Veill\u00e9eNo\u00ebl-30-600x1028.jpg 600w\" sizes=\"auto, (max-width: 598px) 100vw, 598px\" \/><\/figure><\/li><li class=\"blocks-gallery-item\"><figure><img loading=\"lazy\" decoding=\"async\" width=\"1024\" height=\"700\" src=\"https:\/\/ecolecaritas.be\/new\/wp-content\/uploads\/2019\/01\/Veill\u00e9eNo\u00ebl-29-1024x700.jpg\" alt=\"\" data-id=\"149097\" data-link=\"https:\/\/ecolecaritas.be\/new\/?attachment_id=149097\" class=\"wp-image-149097\" srcset=\"https:\/\/ecolecaritas.be\/new\/wp-content\/uploads\/2019\/01\/Veill\u00e9eNo\u00ebl-29-1024x700.jpg 1024w, https:\/\/ecolecaritas.be\/new\/wp-content\/uploads\/2019\/01\/Veill\u00e9eNo\u00ebl-29-300x205.jpg 300w, https:\/\/ecolecaritas.be\/new\/wp-content\/uploads\/2019\/01\/Veill\u00e9eNo\u00ebl-29-768x525.jpg 768w, https:\/\/ecolecaritas.be\/new\/wp-content\/uploads\/2019\/01\/Veill\u00e9eNo\u00ebl-29-600x410.jpg 600w\" sizes=\"auto, (max-width: 1024px) 100vw, 1024px\" \/><\/figure><\/li><li class=\"blocks-gallery-item\"><figure><img loading=\"lazy\" decoding=\"async\" width=\"1024\" height=\"609\" src=\"https:\/\/ecolecaritas.be\/new\/wp-content\/uploads\/2019\/01\/Veill\u00e9eNo\u00ebl-25-1024x609.jpg\" alt=\"\" data-id=\"149096\" data-link=\"https:\/\/ecolecaritas.be\/new\/?attachment_id=149096\" class=\"wp-image-149096\" srcset=\"https:\/\/ecolecaritas.be\/new\/wp-content\/uploads\/2019\/01\/Veill\u00e9eNo\u00ebl-25-1024x609.jpg 1024w, https:\/\/ecolecaritas.be\/new\/wp-content\/uploads\/2019\/01\/Veill\u00e9eNo\u00ebl-25-300x178.jpg 300w, https:\/\/ecolecaritas.be\/new\/wp-content\/uploads\/2019\/01\/Veill\u00e9eNo\u00ebl-25-768x457.jpg 768w, https:\/\/ecolecaritas.be\/new\/wp-content\/uploads\/2019\/01\/Veill\u00e9eNo\u00ebl-25-600x357.jpg 600w\" sizes=\"auto, (max-width: 1024px) 100vw, 1024px\" \/><\/figure><\/li><\/ul>\n","protected":false},"excerpt":{"rendered":"<div class=\"mh-excerpt\"><p>Le jeudi 20 d\u00e9cembre, tous les enfants se sont retrouv\u00e9s \u00e0 l&rsquo;\u00e9glise de Hamme-Mille. De nombreux parents avaient pu nous rejoindre.Nous avons d\u00e9couvert le conte <a class=\"mh-excerpt-more\" href=\"https:\/\/ecolecaritas.be\/new\/veillee-de-noel\/\" title=\"Veill\u00e9e de No\u00ebl\">[&#8230;]<\/a><\/p>\n<\/div>","protected":false},"author":4,"featured_media":149100,"comment_status":"closed","ping_status":"closed","sticky":false,"template":"","format":"standard","meta":{"footnotes":""},"categories":[6,1],"tags":[],"class_list":["post-149095","post","type-post","status-publish","format-standard","has-post-thumbnail","hentry","category-general","category-uncategorized"],"_links":{"self":[{"href":"https:\/\/ecolecaritas.be\/new\/wp-json\/wp\/v2\/posts\/149095","targetHints":{"allow":["GET"]}}],"collection":[{"href":"https:\/\/ecolecaritas.be\/new\/wp-json\/wp\/v2\/posts"}],"about":[{"href":"https:\/\/ecolecaritas.be\/new\/wp-json\/wp\/v2\/types\/post"}],"author":[{"embeddable":true,"href":"https:\/\/ecolecaritas.be\/new\/wp-json\/wp\/v2\/users\/4"}],"replies":[{"embeddable":true,"href":"https:\/\/ecolecaritas.be\/new\/wp-json\/wp\/v2\/comments?post=149095"}],"version-history":[{"count":1,"href":"https:\/\/ecolecaritas.be\/new\/wp-json\/wp\/v2\/posts\/149095\/revisions"}],"predecessor-version":[{"id":149128,"href":"https:\/\/ecolecaritas.be\/new\/wp-json\/wp\/v2\/posts\/149095\/revisions\/149128"}],"wp:featuredmedia":[{"embeddable":true,"href":"https:\/\/ecolecaritas.be\/new\/wp-json\/wp\/v2\/media\/149100"}],"wp:attachment":[{"href":"https:\/\/ecolecaritas.be\/new\/wp-json\/wp\/v2\/media?parent=149095"}],"wp:term":[{"taxonomy":"category","embeddable":true,"href":"https:\/\/ecolecaritas.be\/new\/wp-json\/wp\/v2\/categories?post=149095"},{"taxonomy":"post_tag","embeddable":true,"href":"https:\/\/ecolecaritas.be\/new\/wp-json\/wp\/v2\/tags?post=149095"}],"curies":[{"name":"wp","href":"https:\/\/api.w.org\/{rel}","templated":true}]}}