{"id":149187,"date":"2019-01-24T19:47:00","date_gmt":"2019-01-24T19:47:00","guid":{"rendered":"http:\/\/ecolecaritas.be\/new\/?p=149187"},"modified":"2019-02-04T12:29:47","modified_gmt":"2019-02-04T11:29:47","slug":"classes-neige-24-1-1-2","status":"publish","type":"post","link":"https:\/\/ecolecaritas.be\/new\/classes-neige-24-1-1-2\/","title":{"rendered":"Classes de neige 24\/1 &#8211; 1\/2"},"content":{"rendered":"\n<h4 class=\"wp-block-heading\"><strong><a href=\"https:\/\/ecolecaritas.be\/new\/?rl_gallery=photos-de-classes-neige \">Photo Gallery Classes Neige&nbsp;(Click&nbsp;sur&nbsp;ce&nbsp;lien)<\/a><\/strong><\/h4>\n\n\n\n<p><strong>Message de ce mardi 29 janvier au soir<\/strong><\/p>\n\n\n\n<p>Les activit\u00e9s s&rsquo;encha\u00eenent: randonn\u00e9e en raquettes, jeu de piste du trappeur, visite de Fontgillarde, apprentissage des courbes de niveau,&#8230;<\/p>\n\n\n\n<p>L&rsquo;ambiance est toujours au beau fixe. Et la m\u00e9t\u00e9o est au grand ciel bleu. Nous n&rsquo;avons eu qu&rsquo;un jour plus couvert depuis notre arriv\u00e9e ici!<\/p>\n\n\n\n<p>Et nous avons mang\u00e9 une raclette hier soir!<\/p>\n\n\n\n<ul class=\"wp-block-gallery columns-3 is-cropped wp-block-gallery-1 is-layout-flex wp-block-gallery-is-layout-flex\"><li class=\"blocks-gallery-item\"><figure><img loading=\"lazy\" decoding=\"async\" width=\"498\" height=\"1024\" src=\"https:\/\/ecolecaritas.be\/new\/wp-content\/uploads\/2019\/01\/20190127_153127_resized-498x1024.jpg\" alt=\"\" data-id=\"149232\" data-link=\"https:\/\/ecolecaritas.be\/new\/?attachment_id=149232\" class=\"wp-image-149232\" srcset=\"https:\/\/ecolecaritas.be\/new\/wp-content\/uploads\/2019\/01\/20190127_153127_resized-498x1024.jpg 498w, https:\/\/ecolecaritas.be\/new\/wp-content\/uploads\/2019\/01\/20190127_153127_resized-146x300.jpg 146w, https:\/\/ecolecaritas.be\/new\/wp-content\/uploads\/2019\/01\/20190127_153127_resized.jpg 560w\" sizes=\"auto, (max-width: 498px) 100vw, 498px\" \/><\/figure><\/li><li class=\"blocks-gallery-item\"><figure><img loading=\"lazy\" decoding=\"async\" width=\"498\" height=\"1024\" src=\"https:\/\/ecolecaritas.be\/new\/wp-content\/uploads\/2019\/01\/20190129_143449_resized-498x1024.jpg\" alt=\"\" data-id=\"149233\" data-link=\"https:\/\/ecolecaritas.be\/new\/?attachment_id=149233\" class=\"wp-image-149233\" srcset=\"https:\/\/ecolecaritas.be\/new\/wp-content\/uploads\/2019\/01\/20190129_143449_resized-498x1024.jpg 498w, https:\/\/ecolecaritas.be\/new\/wp-content\/uploads\/2019\/01\/20190129_143449_resized-146x300.jpg 146w, https:\/\/ecolecaritas.be\/new\/wp-content\/uploads\/2019\/01\/20190129_143449_resized.jpg 560w\" sizes=\"auto, (max-width: 498px) 100vw, 498px\" \/><\/figure><\/li><li class=\"blocks-gallery-item\"><figure><img loading=\"lazy\" decoding=\"async\" width=\"498\" height=\"1024\" src=\"https:\/\/ecolecaritas.be\/new\/wp-content\/uploads\/2019\/01\/20190128_150647_resized-498x1024.jpg\" alt=\"\" data-id=\"149234\" data-link=\"https:\/\/ecolecaritas.be\/new\/?attachment_id=149234\" class=\"wp-image-149234\" srcset=\"https:\/\/ecolecaritas.be\/new\/wp-content\/uploads\/2019\/01\/20190128_150647_resized-498x1024.jpg 498w, https:\/\/ecolecaritas.be\/new\/wp-content\/uploads\/2019\/01\/20190128_150647_resized-146x300.jpg 146w, https:\/\/ecolecaritas.be\/new\/wp-content\/uploads\/2019\/01\/20190128_150647_resized.jpg 560w\" sizes=\"auto, (max-width: 498px) 100vw, 498px\" \/><\/figure><\/li><li class=\"blocks-gallery-item\"><figure><img loading=\"lazy\" decoding=\"async\" width=\"768\" height=\"1024\" src=\"https:\/\/ecolecaritas.be\/new\/wp-content\/uploads\/2019\/01\/IMG_20190128_185343_resized_20190129_051522569-768x1024.jpg\" alt=\"\" data-id=\"149235\" data-link=\"https:\/\/ecolecaritas.be\/new\/?attachment_id=149235\" class=\"wp-image-149235\" srcset=\"https:\/\/ecolecaritas.be\/new\/wp-content\/uploads\/2019\/01\/IMG_20190128_185343_resized_20190129_051522569-768x1024.jpg 768w, https:\/\/ecolecaritas.be\/new\/wp-content\/uploads\/2019\/01\/IMG_20190128_185343_resized_20190129_051522569-225x300.jpg 225w, https:\/\/ecolecaritas.be\/new\/wp-content\/uploads\/2019\/01\/IMG_20190128_185343_resized_20190129_051522569-600x800.jpg 600w, https:\/\/ecolecaritas.be\/new\/wp-content\/uploads\/2019\/01\/IMG_20190128_185343_resized_20190129_051522569.jpg 864w\" sizes=\"auto, (max-width: 768px) 100vw, 768px\" \/><\/figure><\/li><li class=\"blocks-gallery-item\"><figure><img loading=\"lazy\" decoding=\"async\" width=\"768\" height=\"1024\" src=\"https:\/\/ecolecaritas.be\/new\/wp-content\/uploads\/2019\/01\/IMG_20190129_160619_resized_20190129_051519235-768x1024.jpg\" alt=\"\" data-id=\"149236\" data-link=\"https:\/\/ecolecaritas.be\/new\/?attachment_id=149236\" class=\"wp-image-149236\" srcset=\"https:\/\/ecolecaritas.be\/new\/wp-content\/uploads\/2019\/01\/IMG_20190129_160619_resized_20190129_051519235-768x1024.jpg 768w, https:\/\/ecolecaritas.be\/new\/wp-content\/uploads\/2019\/01\/IMG_20190129_160619_resized_20190129_051519235-225x300.jpg 225w, https:\/\/ecolecaritas.be\/new\/wp-content\/uploads\/2019\/01\/IMG_20190129_160619_resized_20190129_051519235-600x800.jpg 600w, https:\/\/ecolecaritas.be\/new\/wp-content\/uploads\/2019\/01\/IMG_20190129_160619_resized_20190129_051519235.jpg 864w\" sizes=\"auto, (max-width: 768px) 100vw, 768px\" \/><\/figure><\/li><li class=\"blocks-gallery-item\"><figure><img loading=\"lazy\" decoding=\"async\" width=\"768\" height=\"1024\" src=\"https:\/\/ecolecaritas.be\/new\/wp-content\/uploads\/2019\/01\/IMG_20190129_160009_resized_20190129_051520117-768x1024.jpg\" alt=\"\" data-id=\"149237\" data-link=\"https:\/\/ecolecaritas.be\/new\/?attachment_id=149237\" class=\"wp-image-149237\" srcset=\"https:\/\/ecolecaritas.be\/new\/wp-content\/uploads\/2019\/01\/IMG_20190129_160009_resized_20190129_051520117-768x1024.jpg 768w, https:\/\/ecolecaritas.be\/new\/wp-content\/uploads\/2019\/01\/IMG_20190129_160009_resized_20190129_051520117-225x300.jpg 225w, https:\/\/ecolecaritas.be\/new\/wp-content\/uploads\/2019\/01\/IMG_20190129_160009_resized_20190129_051520117-600x800.jpg 600w, https:\/\/ecolecaritas.be\/new\/wp-content\/uploads\/2019\/01\/IMG_20190129_160009_resized_20190129_051520117.jpg 864w\" sizes=\"auto, (max-width: 768px) 100vw, 768px\" \/><\/figure><\/li><\/ul>\n\n\n\n<p><strong>Petit message ce samedi 26 janvier au soir<\/strong><\/p>\n\n\n\n<p>Ce matin, premier cours de ski pour tous, sous le grand soleil. Nous avons 5 groupes: 2 groupes de d\u00e9butants et 3 groupes de skieurs plus exp\u00e9riment\u00e9s. Les d\u00e9butants ont super bien d\u00e9marr\u00e9, ils ont d\u00e9j\u00e0 appris \u00e0 prendre le tire-fesse!<\/p>\n\n\n\n<p>Cet apr\u00e8s-midi, les P5C ont fait une ballade en raquettes tandis que les P5D et les P6 ont fait un rallye-photos dans le hameau de Pierre-Grosse.<\/p>\n\n\n\n<p>Ce soir, c&rsquo;\u00e9tait soir\u00e9e \u00ab\u00a0jeux de soci\u00e9t\u00e9\u00a0\u00bb. <\/p>\n\n\n\n<ul class=\"wp-block-gallery columns-3 is-cropped wp-block-gallery-2 is-layout-flex wp-block-gallery-is-layout-flex\"><li class=\"blocks-gallery-item\"><figure><img loading=\"lazy\" decoding=\"async\" width=\"1024\" height=\"498\" src=\"https:\/\/ecolecaritas.be\/new\/wp-content\/uploads\/2019\/01\/20190126_145138-1024x498.jpg\" alt=\"\" data-id=\"149225\" data-link=\"https:\/\/ecolecaritas.be\/new\/?attachment_id=149225\" class=\"wp-image-149225\" srcset=\"https:\/\/ecolecaritas.be\/new\/wp-content\/uploads\/2019\/01\/20190126_145138-1024x498.jpg 1024w, https:\/\/ecolecaritas.be\/new\/wp-content\/uploads\/2019\/01\/20190126_145138-300x146.jpg 300w, https:\/\/ecolecaritas.be\/new\/wp-content\/uploads\/2019\/01\/20190126_145138-768x373.jpg 768w, https:\/\/ecolecaritas.be\/new\/wp-content\/uploads\/2019\/01\/20190126_145138-600x292.jpg 600w\" sizes=\"auto, (max-width: 1024px) 100vw, 1024px\" \/><\/figure><\/li><li class=\"blocks-gallery-item\"><figure><img loading=\"lazy\" decoding=\"async\" width=\"1024\" height=\"498\" src=\"https:\/\/ecolecaritas.be\/new\/wp-content\/uploads\/2019\/01\/20190126_144932-1024x498.jpg\" alt=\"\" data-id=\"149226\" data-link=\"https:\/\/ecolecaritas.be\/new\/?attachment_id=149226\" class=\"wp-image-149226\" srcset=\"https:\/\/ecolecaritas.be\/new\/wp-content\/uploads\/2019\/01\/20190126_144932-1024x498.jpg 1024w, https:\/\/ecolecaritas.be\/new\/wp-content\/uploads\/2019\/01\/20190126_144932-300x146.jpg 300w, https:\/\/ecolecaritas.be\/new\/wp-content\/uploads\/2019\/01\/20190126_144932-768x373.jpg 768w, https:\/\/ecolecaritas.be\/new\/wp-content\/uploads\/2019\/01\/20190126_144932-600x292.jpg 600w\" sizes=\"auto, (max-width: 1024px) 100vw, 1024px\" \/><\/figure><\/li><li class=\"blocks-gallery-item\"><figure><img loading=\"lazy\" decoding=\"async\" width=\"1024\" height=\"768\" src=\"https:\/\/ecolecaritas.be\/new\/wp-content\/uploads\/2019\/01\/IMG_20190126_142809-1024x768.jpg\" alt=\"\" data-id=\"149227\" data-link=\"https:\/\/ecolecaritas.be\/new\/?attachment_id=149227\" class=\"wp-image-149227\" srcset=\"https:\/\/ecolecaritas.be\/new\/wp-content\/uploads\/2019\/01\/IMG_20190126_142809-1024x768.jpg 1024w, https:\/\/ecolecaritas.be\/new\/wp-content\/uploads\/2019\/01\/IMG_20190126_142809-300x225.jpg 300w, https:\/\/ecolecaritas.be\/new\/wp-content\/uploads\/2019\/01\/IMG_20190126_142809-768x576.jpg 768w, https:\/\/ecolecaritas.be\/new\/wp-content\/uploads\/2019\/01\/IMG_20190126_142809-600x450.jpg 600w, https:\/\/ecolecaritas.be\/new\/wp-content\/uploads\/2019\/01\/IMG_20190126_142809-678x509.jpg 678w, https:\/\/ecolecaritas.be\/new\/wp-content\/uploads\/2019\/01\/IMG_20190126_142809-326x245.jpg 326w, https:\/\/ecolecaritas.be\/new\/wp-content\/uploads\/2019\/01\/IMG_20190126_142809-80x60.jpg 80w\" sizes=\"auto, (max-width: 1024px) 100vw, 1024px\" \/><\/figure><\/li><\/ul>\n\n\n\n<p><b>WhatsApp 26 janvier 2019 \u00e0 18h38<\/b><\/p>\n\n\n\n<p>Super journ\u00e9e \u00e0 Molines, sous le soleil.<br><br>L\u00e0, les enfants sont en ateliers (bricolages) avec les institutrices et stagiaires.<br><br>Le premier cours de ski \u00e9tait super!<\/p>\n\n\n\n<p><b>WhatsApp 26 janvier 2019 \u00e0 12h24<\/b><\/p>\n\n\n\n<p>Bonjour \u00e0 tous, soyez rassur\u00e9s, il y a actuellement assez de neige pour skier pour les d\u00e9butants.<\/p>\n\n\n\n<p>Site web:<br><a href=\"https:\/\/www.queyras-montagne.com\/webcam-queyras.html\">Molines-en-queyras Webcam<\/a><br><br><a href=\"https:\/\/www.france-montagnes.com\/station\/molines-en-queyras\">Station de ski<\/a><br><br><\/p>\n\n\n\n<p><b>Mail 25 janvier 2019 \u00e0 10:48<\/b><\/p>\n\n\n\n<p>De: \u00ab\u00a0Secretariat Caritas\u00a0\u00bb <br>Date: 25 janvier 2019 \u00e0 10:48<br>Objet: Classes de neige <br>Chers parents, Voil\u00e0 les nouvelles tant attendues!!!  Le voyage s&rsquo;est tr\u00e8s bien pass\u00e9, les enfants sont bien arriv\u00e9s&#x1f603;. Magnifique ciel bleu, temp\u00e9rature -11\u00b0C. <br>Belle journ\u00e9e,&nbsp;Le Secr\u00e9tariat <\/p>\n\n\n\n<h4 class=\"wp-block-heading\">25\/1 \u00e0&nbsp;10h30<\/h4>\n\n\n\n<ul class=\"wp-block-gallery aligncenter columns-1 wp-block-gallery-3 is-layout-flex wp-block-gallery-is-layout-flex\"><li class=\"blocks-gallery-item\"><figure><img loading=\"lazy\" decoding=\"async\" width=\"1024\" height=\"497\" src=\"https:\/\/ecolecaritas.be\/new\/wp-content\/uploads\/2019\/01\/classe-neige-25-1-2019A-10h30-1024x497.jpg\" alt=\"\" data-id=\"149200\" data-link=\"https:\/\/ecolecaritas.be\/new\/?attachment_id=149200\" class=\"wp-image-149200\" srcset=\"https:\/\/ecolecaritas.be\/new\/wp-content\/uploads\/2019\/01\/classe-neige-25-1-2019A-10h30-1024x497.jpg 1024w, https:\/\/ecolecaritas.be\/new\/wp-content\/uploads\/2019\/01\/classe-neige-25-1-2019A-10h30-300x146.jpg 300w, https:\/\/ecolecaritas.be\/new\/wp-content\/uploads\/2019\/01\/classe-neige-25-1-2019A-10h30-768x373.jpg 768w, https:\/\/ecolecaritas.be\/new\/wp-content\/uploads\/2019\/01\/classe-neige-25-1-2019A-10h30-600x291.jpg 600w, https:\/\/ecolecaritas.be\/new\/wp-content\/uploads\/2019\/01\/classe-neige-25-1-2019A-10h30.jpg 1600w\" sizes=\"auto, (max-width: 1024px) 100vw, 1024px\" \/><\/figure><\/li><li class=\"blocks-gallery-item\"><figure><img loading=\"lazy\" decoding=\"async\" width=\"495\" height=\"1024\" src=\"https:\/\/ecolecaritas.be\/new\/wp-content\/uploads\/2019\/01\/classe-neige-25-1-2019B-10h30-495x1024.jpg\" alt=\"\" data-id=\"149201\" data-link=\"https:\/\/ecolecaritas.be\/new\/?attachment_id=149201\" class=\"wp-image-149201\" srcset=\"https:\/\/ecolecaritas.be\/new\/wp-content\/uploads\/2019\/01\/classe-neige-25-1-2019B-10h30-495x1024.jpg 495w, https:\/\/ecolecaritas.be\/new\/wp-content\/uploads\/2019\/01\/classe-neige-25-1-2019B-10h30-145x300.jpg 145w, https:\/\/ecolecaritas.be\/new\/wp-content\/uploads\/2019\/01\/classe-neige-25-1-2019B-10h30-768x1588.jpg 768w, https:\/\/ecolecaritas.be\/new\/wp-content\/uploads\/2019\/01\/classe-neige-25-1-2019B-10h30-600x1240.jpg 600w, https:\/\/ecolecaritas.be\/new\/wp-content\/uploads\/2019\/01\/classe-neige-25-1-2019B-10h30.jpg 774w\" sizes=\"auto, (max-width: 495px) 100vw, 495px\" \/><\/figure><\/li><li class=\"blocks-gallery-item\"><figure><img loading=\"lazy\" decoding=\"async\" width=\"495\" height=\"1024\" src=\"https:\/\/ecolecaritas.be\/new\/wp-content\/uploads\/2019\/01\/classe-neige-25-1-2019C-10h30-495x1024.jpg\" alt=\"\" data-id=\"149203\" data-link=\"https:\/\/ecolecaritas.be\/new\/?attachment_id=149203\" class=\"wp-image-149203\" srcset=\"https:\/\/ecolecaritas.be\/new\/wp-content\/uploads\/2019\/01\/classe-neige-25-1-2019C-10h30-495x1024.jpg 495w, https:\/\/ecolecaritas.be\/new\/wp-content\/uploads\/2019\/01\/classe-neige-25-1-2019C-10h30-145x300.jpg 145w, https:\/\/ecolecaritas.be\/new\/wp-content\/uploads\/2019\/01\/classe-neige-25-1-2019C-10h30-768x1588.jpg 768w, https:\/\/ecolecaritas.be\/new\/wp-content\/uploads\/2019\/01\/classe-neige-25-1-2019C-10h30-600x1240.jpg 600w, https:\/\/ecolecaritas.be\/new\/wp-content\/uploads\/2019\/01\/classe-neige-25-1-2019C-10h30.jpg 774w\" sizes=\"auto, (max-width: 495px) 100vw, 495px\" \/><\/figure><\/li><\/ul>\n\n\n\n<h4 class=\"wp-block-heading\">25\/1 10h: Bien arriv\u00e9s<\/h4>\n\n\n\n<figure class=\"wp-block-image\"><img loading=\"lazy\" decoding=\"async\" width=\"1024\" height=\"497\" src=\"https:\/\/ecolecaritas.be\/new\/wp-content\/uploads\/2019\/01\/classe-neiges-ariver-25-1-2019-1024x497.jpg\" alt=\"\" class=\"wp-image-149198\" srcset=\"https:\/\/ecolecaritas.be\/new\/wp-content\/uploads\/2019\/01\/classe-neiges-ariver-25-1-2019-1024x497.jpg 1024w, https:\/\/ecolecaritas.be\/new\/wp-content\/uploads\/2019\/01\/classe-neiges-ariver-25-1-2019-300x146.jpg 300w, https:\/\/ecolecaritas.be\/new\/wp-content\/uploads\/2019\/01\/classe-neiges-ariver-25-1-2019-768x373.jpg 768w, https:\/\/ecolecaritas.be\/new\/wp-content\/uploads\/2019\/01\/classe-neiges-ariver-25-1-2019-600x291.jpg 600w, https:\/\/ecolecaritas.be\/new\/wp-content\/uploads\/2019\/01\/classe-neiges-ariver-25-1-2019.jpg 1600w\" sizes=\"auto, (max-width: 1024px) 100vw, 1024px\" \/><\/figure>\n\n\n\n<h4 class=\"wp-block-heading\">En Route: 24\/1 -25\/1<\/h4>\n\n\n\n<figure class=\"wp-block-image\"><img loading=\"lazy\" decoding=\"async\" width=\"1024\" height=\"604\" src=\"https:\/\/ecolecaritas.be\/new\/wp-content\/uploads\/2019\/01\/route-1024x604.jpg\" alt=\"\" class=\"wp-image-149195\" srcset=\"https:\/\/ecolecaritas.be\/new\/wp-content\/uploads\/2019\/01\/route-1024x604.jpg 1024w, https:\/\/ecolecaritas.be\/new\/wp-content\/uploads\/2019\/01\/route-300x177.jpg 300w, https:\/\/ecolecaritas.be\/new\/wp-content\/uploads\/2019\/01\/route-768x453.jpg 768w, https:\/\/ecolecaritas.be\/new\/wp-content\/uploads\/2019\/01\/route-600x354.jpg 600w, https:\/\/ecolecaritas.be\/new\/wp-content\/uploads\/2019\/01\/route.jpg 1390w\" sizes=\"auto, (max-width: 1024px) 100vw, 1024px\" \/><\/figure>\n\n\n\n<h4 class=\"wp-block-heading\">D\u00e9part 24\/1 \u00e0 19h<\/h4>\n\n\n\n<ul class=\"wp-block-gallery columns-3 wp-block-gallery-4 is-layout-flex wp-block-gallery-is-layout-flex\"><li class=\"blocks-gallery-item\"><figure><img loading=\"lazy\" decoding=\"async\" width=\"1000\" height=\"750\" src=\"https:\/\/ecolecaritas.be\/new\/wp-content\/uploads\/2019\/01\/P1120803_resized.jpg\" alt=\"\" data-id=\"149167\" data-link=\"https:\/\/ecolecaritas.be\/new\/?attachment_id=149167\" class=\"wp-image-149167\" srcset=\"https:\/\/ecolecaritas.be\/new\/wp-content\/uploads\/2019\/01\/P1120803_resized.jpg 1000w, https:\/\/ecolecaritas.be\/new\/wp-content\/uploads\/2019\/01\/P1120803_resized-300x225.jpg 300w, https:\/\/ecolecaritas.be\/new\/wp-content\/uploads\/2019\/01\/P1120803_resized-768x576.jpg 768w, https:\/\/ecolecaritas.be\/new\/wp-content\/uploads\/2019\/01\/P1120803_resized-600x450.jpg 600w, https:\/\/ecolecaritas.be\/new\/wp-content\/uploads\/2019\/01\/P1120803_resized-678x509.jpg 678w, https:\/\/ecolecaritas.be\/new\/wp-content\/uploads\/2019\/01\/P1120803_resized-326x245.jpg 326w, https:\/\/ecolecaritas.be\/new\/wp-content\/uploads\/2019\/01\/P1120803_resized-80x60.jpg 80w\" sizes=\"auto, (max-width: 1000px) 100vw, 1000px\" \/><\/figure><\/li><li class=\"blocks-gallery-item\"><figure><img loading=\"lazy\" decoding=\"async\" width=\"1000\" height=\"750\" src=\"https:\/\/ecolecaritas.be\/new\/wp-content\/uploads\/2019\/01\/P1120805_resized.jpg\" alt=\"\" data-id=\"149169\" data-link=\"https:\/\/ecolecaritas.be\/new\/?attachment_id=149169\" class=\"wp-image-149169\" srcset=\"https:\/\/ecolecaritas.be\/new\/wp-content\/uploads\/2019\/01\/P1120805_resized.jpg 1000w, https:\/\/ecolecaritas.be\/new\/wp-content\/uploads\/2019\/01\/P1120805_resized-300x225.jpg 300w, https:\/\/ecolecaritas.be\/new\/wp-content\/uploads\/2019\/01\/P1120805_resized-768x576.jpg 768w, https:\/\/ecolecaritas.be\/new\/wp-content\/uploads\/2019\/01\/P1120805_resized-600x450.jpg 600w, https:\/\/ecolecaritas.be\/new\/wp-content\/uploads\/2019\/01\/P1120805_resized-678x509.jpg 678w, https:\/\/ecolecaritas.be\/new\/wp-content\/uploads\/2019\/01\/P1120805_resized-326x245.jpg 326w, https:\/\/ecolecaritas.be\/new\/wp-content\/uploads\/2019\/01\/P1120805_resized-80x60.jpg 80w\" sizes=\"auto, (max-width: 1000px) 100vw, 1000px\" \/><\/figure><\/li><li class=\"blocks-gallery-item\"><figure><img loading=\"lazy\" decoding=\"async\" width=\"1000\" height=\"750\" src=\"https:\/\/ecolecaritas.be\/new\/wp-content\/uploads\/2019\/01\/P1120804_resized.jpg\" alt=\"\" data-id=\"149168\" data-link=\"https:\/\/ecolecaritas.be\/new\/?attachment_id=149168\" class=\"wp-image-149168\" srcset=\"https:\/\/ecolecaritas.be\/new\/wp-content\/uploads\/2019\/01\/P1120804_resized.jpg 1000w, https:\/\/ecolecaritas.be\/new\/wp-content\/uploads\/2019\/01\/P1120804_resized-300x225.jpg 300w, https:\/\/ecolecaritas.be\/new\/wp-content\/uploads\/2019\/01\/P1120804_resized-768x576.jpg 768w, https:\/\/ecolecaritas.be\/new\/wp-content\/uploads\/2019\/01\/P1120804_resized-600x450.jpg 600w, https:\/\/ecolecaritas.be\/new\/wp-content\/uploads\/2019\/01\/P1120804_resized-678x509.jpg 678w, https:\/\/ecolecaritas.be\/new\/wp-content\/uploads\/2019\/01\/P1120804_resized-326x245.jpg 326w, https:\/\/ecolecaritas.be\/new\/wp-content\/uploads\/2019\/01\/P1120804_resized-80x60.jpg 80w\" sizes=\"auto, (max-width: 1000px) 100vw, 1000px\" \/><\/figure><\/li><li class=\"blocks-gallery-item\"><figure><img loading=\"lazy\" decoding=\"async\" width=\"1000\" height=\"750\" src=\"https:\/\/ecolecaritas.be\/new\/wp-content\/uploads\/2019\/01\/P1120806_resized.jpg\" alt=\"\" data-id=\"149170\" data-link=\"https:\/\/ecolecaritas.be\/new\/?attachment_id=149170\" class=\"wp-image-149170\" srcset=\"https:\/\/ecolecaritas.be\/new\/wp-content\/uploads\/2019\/01\/P1120806_resized.jpg 1000w, https:\/\/ecolecaritas.be\/new\/wp-content\/uploads\/2019\/01\/P1120806_resized-300x225.jpg 300w, https:\/\/ecolecaritas.be\/new\/wp-content\/uploads\/2019\/01\/P1120806_resized-768x576.jpg 768w, https:\/\/ecolecaritas.be\/new\/wp-content\/uploads\/2019\/01\/P1120806_resized-600x450.jpg 600w, https:\/\/ecolecaritas.be\/new\/wp-content\/uploads\/2019\/01\/P1120806_resized-678x509.jpg 678w, https:\/\/ecolecaritas.be\/new\/wp-content\/uploads\/2019\/01\/P1120806_resized-326x245.jpg 326w, https:\/\/ecolecaritas.be\/new\/wp-content\/uploads\/2019\/01\/P1120806_resized-80x60.jpg 80w\" sizes=\"auto, (max-width: 1000px) 100vw, 1000px\" \/><\/figure><\/li><li class=\"blocks-gallery-item\"><figure><img loading=\"lazy\" decoding=\"async\" width=\"1000\" height=\"750\" src=\"https:\/\/ecolecaritas.be\/new\/wp-content\/uploads\/2019\/01\/P1120807_resized.jpg\" alt=\"\" data-id=\"149171\" data-link=\"https:\/\/ecolecaritas.be\/new\/?attachment_id=149171\" class=\"wp-image-149171\" srcset=\"https:\/\/ecolecaritas.be\/new\/wp-content\/uploads\/2019\/01\/P1120807_resized.jpg 1000w, https:\/\/ecolecaritas.be\/new\/wp-content\/uploads\/2019\/01\/P1120807_resized-300x225.jpg 300w, https:\/\/ecolecaritas.be\/new\/wp-content\/uploads\/2019\/01\/P1120807_resized-768x576.jpg 768w, https:\/\/ecolecaritas.be\/new\/wp-content\/uploads\/2019\/01\/P1120807_resized-600x450.jpg 600w, https:\/\/ecolecaritas.be\/new\/wp-content\/uploads\/2019\/01\/P1120807_resized-678x509.jpg 678w, https:\/\/ecolecaritas.be\/new\/wp-content\/uploads\/2019\/01\/P1120807_resized-326x245.jpg 326w, https:\/\/ecolecaritas.be\/new\/wp-content\/uploads\/2019\/01\/P1120807_resized-80x60.jpg 80w\" sizes=\"auto, (max-width: 1000px) 100vw, 1000px\" \/><\/figure><\/li><li class=\"blocks-gallery-item\"><figure><img loading=\"lazy\" decoding=\"async\" width=\"1000\" height=\"750\" src=\"https:\/\/ecolecaritas.be\/new\/wp-content\/uploads\/2019\/01\/P1120809_resized.jpg\" alt=\"\" data-id=\"149172\" data-link=\"https:\/\/ecolecaritas.be\/new\/?attachment_id=149172\" class=\"wp-image-149172\" srcset=\"https:\/\/ecolecaritas.be\/new\/wp-content\/uploads\/2019\/01\/P1120809_resized.jpg 1000w, https:\/\/ecolecaritas.be\/new\/wp-content\/uploads\/2019\/01\/P1120809_resized-300x225.jpg 300w, https:\/\/ecolecaritas.be\/new\/wp-content\/uploads\/2019\/01\/P1120809_resized-768x576.jpg 768w, https:\/\/ecolecaritas.be\/new\/wp-content\/uploads\/2019\/01\/P1120809_resized-600x450.jpg 600w, https:\/\/ecolecaritas.be\/new\/wp-content\/uploads\/2019\/01\/P1120809_resized-678x509.jpg 678w, https:\/\/ecolecaritas.be\/new\/wp-content\/uploads\/2019\/01\/P1120809_resized-326x245.jpg 326w, https:\/\/ecolecaritas.be\/new\/wp-content\/uploads\/2019\/01\/P1120809_resized-80x60.jpg 80w\" sizes=\"auto, (max-width: 1000px) 100vw, 1000px\" \/><\/figure><\/li><li class=\"blocks-gallery-item\"><figure><img loading=\"lazy\" decoding=\"async\" width=\"1000\" height=\"750\" src=\"https:\/\/ecolecaritas.be\/new\/wp-content\/uploads\/2019\/01\/P1120810_resized.jpg\" alt=\"\" data-id=\"149173\" data-link=\"https:\/\/ecolecaritas.be\/new\/?attachment_id=149173\" class=\"wp-image-149173\" srcset=\"https:\/\/ecolecaritas.be\/new\/wp-content\/uploads\/2019\/01\/P1120810_resized.jpg 1000w, https:\/\/ecolecaritas.be\/new\/wp-content\/uploads\/2019\/01\/P1120810_resized-300x225.jpg 300w, https:\/\/ecolecaritas.be\/new\/wp-content\/uploads\/2019\/01\/P1120810_resized-768x576.jpg 768w, https:\/\/ecolecaritas.be\/new\/wp-content\/uploads\/2019\/01\/P1120810_resized-600x450.jpg 600w, https:\/\/ecolecaritas.be\/new\/wp-content\/uploads\/2019\/01\/P1120810_resized-678x509.jpg 678w, https:\/\/ecolecaritas.be\/new\/wp-content\/uploads\/2019\/01\/P1120810_resized-326x245.jpg 326w, https:\/\/ecolecaritas.be\/new\/wp-content\/uploads\/2019\/01\/P1120810_resized-80x60.jpg 80w\" sizes=\"auto, (max-width: 1000px) 100vw, 1000px\" \/><\/figure><\/li><li class=\"blocks-gallery-item\"><figure><img loading=\"lazy\" decoding=\"async\" width=\"1000\" height=\"750\" src=\"https:\/\/ecolecaritas.be\/new\/wp-content\/uploads\/2019\/01\/P1120811_resized.jpg\" alt=\"\" data-id=\"149174\" data-link=\"https:\/\/ecolecaritas.be\/new\/?attachment_id=149174\" class=\"wp-image-149174\" srcset=\"https:\/\/ecolecaritas.be\/new\/wp-content\/uploads\/2019\/01\/P1120811_resized.jpg 1000w, https:\/\/ecolecaritas.be\/new\/wp-content\/uploads\/2019\/01\/P1120811_resized-300x225.jpg 300w, https:\/\/ecolecaritas.be\/new\/wp-content\/uploads\/2019\/01\/P1120811_resized-768x576.jpg 768w, https:\/\/ecolecaritas.be\/new\/wp-content\/uploads\/2019\/01\/P1120811_resized-600x450.jpg 600w, https:\/\/ecolecaritas.be\/new\/wp-content\/uploads\/2019\/01\/P1120811_resized-678x509.jpg 678w, https:\/\/ecolecaritas.be\/new\/wp-content\/uploads\/2019\/01\/P1120811_resized-326x245.jpg 326w, https:\/\/ecolecaritas.be\/new\/wp-content\/uploads\/2019\/01\/P1120811_resized-80x60.jpg 80w\" sizes=\"auto, (max-width: 1000px) 100vw, 1000px\" \/><\/figure><\/li><li class=\"blocks-gallery-item\"><figure><img loading=\"lazy\" decoding=\"async\" width=\"1000\" height=\"750\" src=\"https:\/\/ecolecaritas.be\/new\/wp-content\/uploads\/2019\/01\/P1120812_resized.jpg\" alt=\"\" data-id=\"149175\" data-link=\"https:\/\/ecolecaritas.be\/new\/?attachment_id=149175\" class=\"wp-image-149175\" srcset=\"https:\/\/ecolecaritas.be\/new\/wp-content\/uploads\/2019\/01\/P1120812_resized.jpg 1000w, https:\/\/ecolecaritas.be\/new\/wp-content\/uploads\/2019\/01\/P1120812_resized-300x225.jpg 300w, https:\/\/ecolecaritas.be\/new\/wp-content\/uploads\/2019\/01\/P1120812_resized-768x576.jpg 768w, https:\/\/ecolecaritas.be\/new\/wp-content\/uploads\/2019\/01\/P1120812_resized-600x450.jpg 600w, https:\/\/ecolecaritas.be\/new\/wp-content\/uploads\/2019\/01\/P1120812_resized-678x509.jpg 678w, https:\/\/ecolecaritas.be\/new\/wp-content\/uploads\/2019\/01\/P1120812_resized-326x245.jpg 326w, https:\/\/ecolecaritas.be\/new\/wp-content\/uploads\/2019\/01\/P1120812_resized-80x60.jpg 80w\" sizes=\"auto, (max-width: 1000px) 100vw, 1000px\" \/><\/figure><\/li><li class=\"blocks-gallery-item\"><figure><img loading=\"lazy\" decoding=\"async\" width=\"1000\" height=\"750\" src=\"https:\/\/ecolecaritas.be\/new\/wp-content\/uploads\/2019\/01\/P1120816_resized.jpg\" alt=\"\" data-id=\"149176\" data-link=\"https:\/\/ecolecaritas.be\/new\/?attachment_id=149176\" class=\"wp-image-149176\" srcset=\"https:\/\/ecolecaritas.be\/new\/wp-content\/uploads\/2019\/01\/P1120816_resized.jpg 1000w, https:\/\/ecolecaritas.be\/new\/wp-content\/uploads\/2019\/01\/P1120816_resized-300x225.jpg 300w, https:\/\/ecolecaritas.be\/new\/wp-content\/uploads\/2019\/01\/P1120816_resized-768x576.jpg 768w, https:\/\/ecolecaritas.be\/new\/wp-content\/uploads\/2019\/01\/P1120816_resized-600x450.jpg 600w, https:\/\/ecolecaritas.be\/new\/wp-content\/uploads\/2019\/01\/P1120816_resized-678x509.jpg 678w, https:\/\/ecolecaritas.be\/new\/wp-content\/uploads\/2019\/01\/P1120816_resized-326x245.jpg 326w, https:\/\/ecolecaritas.be\/new\/wp-content\/uploads\/2019\/01\/P1120816_resized-80x60.jpg 80w\" sizes=\"auto, (max-width: 1000px) 100vw, 1000px\" \/><\/figure><\/li><li class=\"blocks-gallery-item\"><figure><img loading=\"lazy\" decoding=\"async\" width=\"1000\" height=\"750\" src=\"https:\/\/ecolecaritas.be\/new\/wp-content\/uploads\/2019\/01\/P1120818_resized.jpg\" alt=\"\" data-id=\"149177\" data-link=\"https:\/\/ecolecaritas.be\/new\/?attachment_id=149177\" class=\"wp-image-149177\" srcset=\"https:\/\/ecolecaritas.be\/new\/wp-content\/uploads\/2019\/01\/P1120818_resized.jpg 1000w, https:\/\/ecolecaritas.be\/new\/wp-content\/uploads\/2019\/01\/P1120818_resized-300x225.jpg 300w, https:\/\/ecolecaritas.be\/new\/wp-content\/uploads\/2019\/01\/P1120818_resized-768x576.jpg 768w, https:\/\/ecolecaritas.be\/new\/wp-content\/uploads\/2019\/01\/P1120818_resized-600x450.jpg 600w, https:\/\/ecolecaritas.be\/new\/wp-content\/uploads\/2019\/01\/P1120818_resized-678x509.jpg 678w, https:\/\/ecolecaritas.be\/new\/wp-content\/uploads\/2019\/01\/P1120818_resized-326x245.jpg 326w, https:\/\/ecolecaritas.be\/new\/wp-content\/uploads\/2019\/01\/P1120818_resized-80x60.jpg 80w\" sizes=\"auto, (max-width: 1000px) 100vw, 1000px\" \/><\/figure><\/li><li class=\"blocks-gallery-item\"><figure><img loading=\"lazy\" decoding=\"async\" width=\"1000\" height=\"750\" src=\"https:\/\/ecolecaritas.be\/new\/wp-content\/uploads\/2019\/01\/P1120819_resized.jpg\" alt=\"\" data-id=\"149178\" data-link=\"https:\/\/ecolecaritas.be\/new\/?attachment_id=149178\" class=\"wp-image-149178\" srcset=\"https:\/\/ecolecaritas.be\/new\/wp-content\/uploads\/2019\/01\/P1120819_resized.jpg 1000w, https:\/\/ecolecaritas.be\/new\/wp-content\/uploads\/2019\/01\/P1120819_resized-300x225.jpg 300w, https:\/\/ecolecaritas.be\/new\/wp-content\/uploads\/2019\/01\/P1120819_resized-768x576.jpg 768w, https:\/\/ecolecaritas.be\/new\/wp-content\/uploads\/2019\/01\/P1120819_resized-600x450.jpg 600w, https:\/\/ecolecaritas.be\/new\/wp-content\/uploads\/2019\/01\/P1120819_resized-678x509.jpg 678w, https:\/\/ecolecaritas.be\/new\/wp-content\/uploads\/2019\/01\/P1120819_resized-326x245.jpg 326w, https:\/\/ecolecaritas.be\/new\/wp-content\/uploads\/2019\/01\/P1120819_resized-80x60.jpg 80w\" sizes=\"auto, (max-width: 1000px) 100vw, 1000px\" \/><\/figure><\/li><li class=\"blocks-gallery-item\"><figure><img loading=\"lazy\" decoding=\"async\" width=\"1000\" height=\"750\" src=\"https:\/\/ecolecaritas.be\/new\/wp-content\/uploads\/2019\/01\/P1120820_resized.jpg\" alt=\"\" data-id=\"149179\" data-link=\"https:\/\/ecolecaritas.be\/new\/?attachment_id=149179\" class=\"wp-image-149179\" srcset=\"https:\/\/ecolecaritas.be\/new\/wp-content\/uploads\/2019\/01\/P1120820_resized.jpg 1000w, https:\/\/ecolecaritas.be\/new\/wp-content\/uploads\/2019\/01\/P1120820_resized-300x225.jpg 300w, https:\/\/ecolecaritas.be\/new\/wp-content\/uploads\/2019\/01\/P1120820_resized-768x576.jpg 768w, https:\/\/ecolecaritas.be\/new\/wp-content\/uploads\/2019\/01\/P1120820_resized-600x450.jpg 600w, https:\/\/ecolecaritas.be\/new\/wp-content\/uploads\/2019\/01\/P1120820_resized-678x509.jpg 678w, https:\/\/ecolecaritas.be\/new\/wp-content\/uploads\/2019\/01\/P1120820_resized-326x245.jpg 326w, https:\/\/ecolecaritas.be\/new\/wp-content\/uploads\/2019\/01\/P1120820_resized-80x60.jpg 80w\" sizes=\"auto, (max-width: 1000px) 100vw, 1000px\" \/><\/figure><\/li><li class=\"blocks-gallery-item\"><figure><img loading=\"lazy\" decoding=\"async\" width=\"1000\" height=\"750\" src=\"https:\/\/ecolecaritas.be\/new\/wp-content\/uploads\/2019\/01\/P1120821_resized.jpg\" alt=\"\" data-id=\"149180\" data-link=\"https:\/\/ecolecaritas.be\/new\/?attachment_id=149180\" class=\"wp-image-149180\" srcset=\"https:\/\/ecolecaritas.be\/new\/wp-content\/uploads\/2019\/01\/P1120821_resized.jpg 1000w, https:\/\/ecolecaritas.be\/new\/wp-content\/uploads\/2019\/01\/P1120821_resized-300x225.jpg 300w, https:\/\/ecolecaritas.be\/new\/wp-content\/uploads\/2019\/01\/P1120821_resized-768x576.jpg 768w, https:\/\/ecolecaritas.be\/new\/wp-content\/uploads\/2019\/01\/P1120821_resized-600x450.jpg 600w, https:\/\/ecolecaritas.be\/new\/wp-content\/uploads\/2019\/01\/P1120821_resized-678x509.jpg 678w, https:\/\/ecolecaritas.be\/new\/wp-content\/uploads\/2019\/01\/P1120821_resized-326x245.jpg 326w, https:\/\/ecolecaritas.be\/new\/wp-content\/uploads\/2019\/01\/P1120821_resized-80x60.jpg 80w\" sizes=\"auto, (max-width: 1000px) 100vw, 1000px\" \/><\/figure><\/li><li class=\"blocks-gallery-item\"><figure><img loading=\"lazy\" decoding=\"async\" width=\"1000\" height=\"750\" src=\"https:\/\/ecolecaritas.be\/new\/wp-content\/uploads\/2019\/01\/P1120825_resized.jpg\" alt=\"\" data-id=\"149181\" data-link=\"https:\/\/ecolecaritas.be\/new\/?attachment_id=149181\" class=\"wp-image-149181\" srcset=\"https:\/\/ecolecaritas.be\/new\/wp-content\/uploads\/2019\/01\/P1120825_resized.jpg 1000w, https:\/\/ecolecaritas.be\/new\/wp-content\/uploads\/2019\/01\/P1120825_resized-300x225.jpg 300w, https:\/\/ecolecaritas.be\/new\/wp-content\/uploads\/2019\/01\/P1120825_resized-768x576.jpg 768w, https:\/\/ecolecaritas.be\/new\/wp-content\/uploads\/2019\/01\/P1120825_resized-600x450.jpg 600w, https:\/\/ecolecaritas.be\/new\/wp-content\/uploads\/2019\/01\/P1120825_resized-678x509.jpg 678w, https:\/\/ecolecaritas.be\/new\/wp-content\/uploads\/2019\/01\/P1120825_resized-326x245.jpg 326w, https:\/\/ecolecaritas.be\/new\/wp-content\/uploads\/2019\/01\/P1120825_resized-80x60.jpg 80w\" sizes=\"auto, (max-width: 1000px) 100vw, 1000px\" \/><\/figure><\/li><li class=\"blocks-gallery-item\"><figure><img loading=\"lazy\" decoding=\"async\" width=\"1000\" height=\"750\" src=\"https:\/\/ecolecaritas.be\/new\/wp-content\/uploads\/2019\/01\/P1120826_resized.jpg\" alt=\"\" data-id=\"149182\" data-link=\"https:\/\/ecolecaritas.be\/new\/?attachment_id=149182\" class=\"wp-image-149182\" srcset=\"https:\/\/ecolecaritas.be\/new\/wp-content\/uploads\/2019\/01\/P1120826_resized.jpg 1000w, https:\/\/ecolecaritas.be\/new\/wp-content\/uploads\/2019\/01\/P1120826_resized-300x225.jpg 300w, https:\/\/ecolecaritas.be\/new\/wp-content\/uploads\/2019\/01\/P1120826_resized-768x576.jpg 768w, https:\/\/ecolecaritas.be\/new\/wp-content\/uploads\/2019\/01\/P1120826_resized-600x450.jpg 600w, https:\/\/ecolecaritas.be\/new\/wp-content\/uploads\/2019\/01\/P1120826_resized-678x509.jpg 678w, https:\/\/ecolecaritas.be\/new\/wp-content\/uploads\/2019\/01\/P1120826_resized-326x245.jpg 326w, https:\/\/ecolecaritas.be\/new\/wp-content\/uploads\/2019\/01\/P1120826_resized-80x60.jpg 80w\" sizes=\"auto, (max-width: 1000px) 100vw, 1000px\" \/><\/figure><\/li><li class=\"blocks-gallery-item\"><figure><img loading=\"lazy\" decoding=\"async\" width=\"1000\" height=\"750\" src=\"https:\/\/ecolecaritas.be\/new\/wp-content\/uploads\/2019\/01\/P1120829_resized.jpg\" alt=\"\" data-id=\"149183\" data-link=\"https:\/\/ecolecaritas.be\/new\/?attachment_id=149183\" class=\"wp-image-149183\" srcset=\"https:\/\/ecolecaritas.be\/new\/wp-content\/uploads\/2019\/01\/P1120829_resized.jpg 1000w, https:\/\/ecolecaritas.be\/new\/wp-content\/uploads\/2019\/01\/P1120829_resized-300x225.jpg 300w, https:\/\/ecolecaritas.be\/new\/wp-content\/uploads\/2019\/01\/P1120829_resized-768x576.jpg 768w, https:\/\/ecolecaritas.be\/new\/wp-content\/uploads\/2019\/01\/P1120829_resized-600x450.jpg 600w, https:\/\/ecolecaritas.be\/new\/wp-content\/uploads\/2019\/01\/P1120829_resized-678x509.jpg 678w, https:\/\/ecolecaritas.be\/new\/wp-content\/uploads\/2019\/01\/P1120829_resized-326x245.jpg 326w, https:\/\/ecolecaritas.be\/new\/wp-content\/uploads\/2019\/01\/P1120829_resized-80x60.jpg 80w\" sizes=\"auto, (max-width: 1000px) 100vw, 1000px\" \/><\/figure><\/li><li class=\"blocks-gallery-item\"><figure><img loading=\"lazy\" decoding=\"async\" width=\"1000\" height=\"750\" src=\"https:\/\/ecolecaritas.be\/new\/wp-content\/uploads\/2019\/01\/P1120831_resized.jpg\" alt=\"\" data-id=\"149184\" data-link=\"https:\/\/ecolecaritas.be\/new\/?attachment_id=149184\" class=\"wp-image-149184\" srcset=\"https:\/\/ecolecaritas.be\/new\/wp-content\/uploads\/2019\/01\/P1120831_resized.jpg 1000w, https:\/\/ecolecaritas.be\/new\/wp-content\/uploads\/2019\/01\/P1120831_resized-300x225.jpg 300w, https:\/\/ecolecaritas.be\/new\/wp-content\/uploads\/2019\/01\/P1120831_resized-768x576.jpg 768w, https:\/\/ecolecaritas.be\/new\/wp-content\/uploads\/2019\/01\/P1120831_resized-600x450.jpg 600w, https:\/\/ecolecaritas.be\/new\/wp-content\/uploads\/2019\/01\/P1120831_resized-678x509.jpg 678w, https:\/\/ecolecaritas.be\/new\/wp-content\/uploads\/2019\/01\/P1120831_resized-326x245.jpg 326w, https:\/\/ecolecaritas.be\/new\/wp-content\/uploads\/2019\/01\/P1120831_resized-80x60.jpg 80w\" sizes=\"auto, (max-width: 1000px) 100vw, 1000px\" \/><\/figure><\/li><li class=\"blocks-gallery-item\"><figure><img loading=\"lazy\" decoding=\"async\" width=\"1000\" height=\"750\" src=\"https:\/\/ecolecaritas.be\/new\/wp-content\/uploads\/2019\/01\/P1120832_resized.jpg\" alt=\"\" data-id=\"149185\" data-link=\"https:\/\/ecolecaritas.be\/new\/?attachment_id=149185\" class=\"wp-image-149185\" srcset=\"https:\/\/ecolecaritas.be\/new\/wp-content\/uploads\/2019\/01\/P1120832_resized.jpg 1000w, https:\/\/ecolecaritas.be\/new\/wp-content\/uploads\/2019\/01\/P1120832_resized-300x225.jpg 300w, https:\/\/ecolecaritas.be\/new\/wp-content\/uploads\/2019\/01\/P1120832_resized-768x576.jpg 768w, https:\/\/ecolecaritas.be\/new\/wp-content\/uploads\/2019\/01\/P1120832_resized-600x450.jpg 600w, https:\/\/ecolecaritas.be\/new\/wp-content\/uploads\/2019\/01\/P1120832_resized-678x509.jpg 678w, https:\/\/ecolecaritas.be\/new\/wp-content\/uploads\/2019\/01\/P1120832_resized-326x245.jpg 326w, https:\/\/ecolecaritas.be\/new\/wp-content\/uploads\/2019\/01\/P1120832_resized-80x60.jpg 80w\" sizes=\"auto, (max-width: 1000px) 100vw, 1000px\" \/><\/figure><\/li><li class=\"blocks-gallery-item\"><figure><img loading=\"lazy\" decoding=\"async\" width=\"1000\" height=\"750\" src=\"https:\/\/ecolecaritas.be\/new\/wp-content\/uploads\/2019\/01\/P1120836_resized.jpg\" alt=\"\" data-id=\"149186\" data-link=\"https:\/\/ecolecaritas.be\/new\/?attachment_id=149186\" class=\"wp-image-149186\" srcset=\"https:\/\/ecolecaritas.be\/new\/wp-content\/uploads\/2019\/01\/P1120836_resized.jpg 1000w, https:\/\/ecolecaritas.be\/new\/wp-content\/uploads\/2019\/01\/P1120836_resized-300x225.jpg 300w, https:\/\/ecolecaritas.be\/new\/wp-content\/uploads\/2019\/01\/P1120836_resized-768x576.jpg 768w, https:\/\/ecolecaritas.be\/new\/wp-content\/uploads\/2019\/01\/P1120836_resized-600x450.jpg 600w, https:\/\/ecolecaritas.be\/new\/wp-content\/uploads\/2019\/01\/P1120836_resized-678x509.jpg 678w, https:\/\/ecolecaritas.be\/new\/wp-content\/uploads\/2019\/01\/P1120836_resized-326x245.jpg 326w, https:\/\/ecolecaritas.be\/new\/wp-content\/uploads\/2019\/01\/P1120836_resized-80x60.jpg 80w\" sizes=\"auto, (max-width: 1000px) 100vw, 1000px\" \/><\/figure><\/li><\/ul>\n","protected":false},"excerpt":{"rendered":"<div class=\"mh-excerpt\"><p>Photo Gallery Classes Neige&nbsp;(Click&nbsp;sur&nbsp;ce&nbsp;lien) Message de ce mardi 29 janvier au soir Les activit\u00e9s s&rsquo;encha\u00eenent: randonn\u00e9e en raquettes, jeu de piste du trappeur, visite de <a class=\"mh-excerpt-more\" href=\"https:\/\/ecolecaritas.be\/new\/classes-neige-24-1-1-2\/\" title=\"Classes de neige 24\/1 &#8211; 1\/2\">[&#8230;]<\/a><\/p>\n<\/div>","protected":false},"author":2,"featured_media":149278,"comment_status":"closed","ping_status":"closed","sticky":false,"template":"","format":"standard","meta":{"footnotes":""},"categories":[10],"tags":[],"class_list":["post-149187","post","type-post","status-publish","format-standard","has-post-thumbnail","hentry","category-p56"],"_links":{"self":[{"href":"https:\/\/ecolecaritas.be\/new\/wp-json\/wp\/v2\/posts\/149187","targetHints":{"allow":["GET"]}}],"collection":[{"href":"https:\/\/ecolecaritas.be\/new\/wp-json\/wp\/v2\/posts"}],"about":[{"href":"https:\/\/ecolecaritas.be\/new\/wp-json\/wp\/v2\/types\/post"}],"author":[{"embeddable":true,"href":"https:\/\/ecolecaritas.be\/new\/wp-json\/wp\/v2\/users\/2"}],"replies":[{"embeddable":true,"href":"https:\/\/ecolecaritas.be\/new\/wp-json\/wp\/v2\/comments?post=149187"}],"version-history":[{"count":28,"href":"https:\/\/ecolecaritas.be\/new\/wp-json\/wp\/v2\/posts\/149187\/revisions"}],"predecessor-version":[{"id":149312,"href":"https:\/\/ecolecaritas.be\/new\/wp-json\/wp\/v2\/posts\/149187\/revisions\/149312"}],"wp:featuredmedia":[{"embeddable":true,"href":"https:\/\/ecolecaritas.be\/new\/wp-json\/wp\/v2\/media\/149278"}],"wp:attachment":[{"href":"https:\/\/ecolecaritas.be\/new\/wp-json\/wp\/v2\/media?parent=149187"}],"wp:term":[{"taxonomy":"category","embeddable":true,"href":"https:\/\/ecolecaritas.be\/new\/wp-json\/wp\/v2\/categories?post=149187"},{"taxonomy":"post_tag","embeddable":true,"href":"https:\/\/ecolecaritas.be\/new\/wp-json\/wp\/v2\/tags?post=149187"}],"curies":[{"name":"wp","href":"https:\/\/api.w.org\/{rel}","templated":true}]}}