{"id":149790,"date":"2019-04-02T09:49:33","date_gmt":"2019-04-02T07:49:33","guid":{"rendered":"http:\/\/ecolecaritas.be\/new\/?p=149790"},"modified":"2019-04-02T09:49:33","modified_gmt":"2019-04-02T07:49:33","slug":"de-loeuf-a-la-poule","status":"publish","type":"post","link":"https:\/\/ecolecaritas.be\/new\/de-loeuf-a-la-poule\/","title":{"rendered":"De l&rsquo;oeuf \u00e0 la poule"},"content":{"rendered":"\n<p>A la suite de notre visite \u00e0 la ferme de la Vall\u00e9e, notre animateur Steeve est venu tout nous expliquer sur les oeufs, poussins et poules !  \ud83d\ude42 <\/p>\n\n\n\n<p>C&rsquo;\u00e9tait tr\u00e8s int\u00e9ressant !<\/p>\n\n\n\n<figure class=\"wp-block-image\"><img loading=\"lazy\" decoding=\"async\" width=\"600\" height=\"450\" src=\"https:\/\/ecolecaritas.be\/new\/wp-content\/uploads\/2019\/04\/IMG_3862-600x450.jpg\" alt=\"\" class=\"wp-image-149794\" srcset=\"https:\/\/ecolecaritas.be\/new\/wp-content\/uploads\/2019\/04\/IMG_3862-600x450.jpg 600w, https:\/\/ecolecaritas.be\/new\/wp-content\/uploads\/2019\/04\/IMG_3862-300x225.jpg 300w, https:\/\/ecolecaritas.be\/new\/wp-content\/uploads\/2019\/04\/IMG_3862-326x245.jpg 326w, https:\/\/ecolecaritas.be\/new\/wp-content\/uploads\/2019\/04\/IMG_3862-80x60.jpg 80w, https:\/\/ecolecaritas.be\/new\/wp-content\/uploads\/2019\/04\/IMG_3862.jpg 640w\" sizes=\"auto, (max-width: 600px) 100vw, 600px\" \/><\/figure>\n\n\n\n<figure class=\"wp-block-image\"><img loading=\"lazy\" decoding=\"async\" width=\"600\" height=\"450\" src=\"https:\/\/ecolecaritas.be\/new\/wp-content\/uploads\/2019\/04\/IMG_3861-600x450.jpg\" alt=\"\" class=\"wp-image-149793\" srcset=\"https:\/\/ecolecaritas.be\/new\/wp-content\/uploads\/2019\/04\/IMG_3861-600x450.jpg 600w, https:\/\/ecolecaritas.be\/new\/wp-content\/uploads\/2019\/04\/IMG_3861-300x225.jpg 300w, https:\/\/ecolecaritas.be\/new\/wp-content\/uploads\/2019\/04\/IMG_3861-326x245.jpg 326w, https:\/\/ecolecaritas.be\/new\/wp-content\/uploads\/2019\/04\/IMG_3861-80x60.jpg 80w, https:\/\/ecolecaritas.be\/new\/wp-content\/uploads\/2019\/04\/IMG_3861.jpg 640w\" sizes=\"auto, (max-width: 600px) 100vw, 600px\" \/><\/figure>\n\n\n\n<figure class=\"wp-block-image\"><img loading=\"lazy\" decoding=\"async\" width=\"600\" height=\"450\" src=\"https:\/\/ecolecaritas.be\/new\/wp-content\/uploads\/2019\/04\/IMG_3859-600x450.jpg\" alt=\"\" class=\"wp-image-149792\" srcset=\"https:\/\/ecolecaritas.be\/new\/wp-content\/uploads\/2019\/04\/IMG_3859-600x450.jpg 600w, https:\/\/ecolecaritas.be\/new\/wp-content\/uploads\/2019\/04\/IMG_3859-300x225.jpg 300w, https:\/\/ecolecaritas.be\/new\/wp-content\/uploads\/2019\/04\/IMG_3859-326x245.jpg 326w, https:\/\/ecolecaritas.be\/new\/wp-content\/uploads\/2019\/04\/IMG_3859-80x60.jpg 80w, https:\/\/ecolecaritas.be\/new\/wp-content\/uploads\/2019\/04\/IMG_3859.jpg 640w\" sizes=\"auto, (max-width: 600px) 100vw, 600px\" \/><\/figure>\n\n\n\n<figure class=\"wp-block-image\"><img loading=\"lazy\" decoding=\"async\" width=\"600\" height=\"450\" src=\"https:\/\/ecolecaritas.be\/new\/wp-content\/uploads\/2019\/04\/IMG_3857-600x450.jpg\" alt=\"\" class=\"wp-image-149791\" srcset=\"https:\/\/ecolecaritas.be\/new\/wp-content\/uploads\/2019\/04\/IMG_3857-600x450.jpg 600w, https:\/\/ecolecaritas.be\/new\/wp-content\/uploads\/2019\/04\/IMG_3857-300x225.jpg 300w, https:\/\/ecolecaritas.be\/new\/wp-content\/uploads\/2019\/04\/IMG_3857-326x245.jpg 326w, https:\/\/ecolecaritas.be\/new\/wp-content\/uploads\/2019\/04\/IMG_3857-80x60.jpg 80w, https:\/\/ecolecaritas.be\/new\/wp-content\/uploads\/2019\/04\/IMG_3857.jpg 640w\" sizes=\"auto, (max-width: 600px) 100vw, 600px\" \/><\/figure>\n","protected":false},"excerpt":{"rendered":"<div class=\"mh-excerpt\"><p>A la suite de notre visite \u00e0 la ferme de la Vall\u00e9e, notre animateur Steeve est venu tout nous expliquer sur les oeufs, poussins et <a class=\"mh-excerpt-more\" href=\"https:\/\/ecolecaritas.be\/new\/de-loeuf-a-la-poule\/\" title=\"De l&rsquo;oeuf \u00e0 la poule\">[&#8230;]<\/a><\/p>\n<\/div>","protected":false},"author":5,"featured_media":149795,"comment_status":"closed","ping_status":"closed","sticky":false,"template":"","format":"standard","meta":{"footnotes":""},"categories":[7],"tags":[],"class_list":["post-149790","post","type-post","status-publish","format-standard","has-post-thumbnail","hentry","category-mat"],"_links":{"self":[{"href":"https:\/\/ecolecaritas.be\/new\/wp-json\/wp\/v2\/posts\/149790","targetHints":{"allow":["GET"]}}],"collection":[{"href":"https:\/\/ecolecaritas.be\/new\/wp-json\/wp\/v2\/posts"}],"about":[{"href":"https:\/\/ecolecaritas.be\/new\/wp-json\/wp\/v2\/types\/post"}],"author":[{"embeddable":true,"href":"https:\/\/ecolecaritas.be\/new\/wp-json\/wp\/v2\/users\/5"}],"replies":[{"embeddable":true,"href":"https:\/\/ecolecaritas.be\/new\/wp-json\/wp\/v2\/comments?post=149790"}],"version-history":[{"count":1,"href":"https:\/\/ecolecaritas.be\/new\/wp-json\/wp\/v2\/posts\/149790\/revisions"}],"predecessor-version":[{"id":149796,"href":"https:\/\/ecolecaritas.be\/new\/wp-json\/wp\/v2\/posts\/149790\/revisions\/149796"}],"wp:featuredmedia":[{"embeddable":true,"href":"https:\/\/ecolecaritas.be\/new\/wp-json\/wp\/v2\/media\/149795"}],"wp:attachment":[{"href":"https:\/\/ecolecaritas.be\/new\/wp-json\/wp\/v2\/media?parent=149790"}],"wp:term":[{"taxonomy":"category","embeddable":true,"href":"https:\/\/ecolecaritas.be\/new\/wp-json\/wp\/v2\/categories?post=149790"},{"taxonomy":"post_tag","embeddable":true,"href":"https:\/\/ecolecaritas.be\/new\/wp-json\/wp\/v2\/tags?post=149790"}],"curies":[{"name":"wp","href":"https:\/\/api.w.org\/{rel}","templated":true}]}}