{"id":150338,"date":"2019-06-15T12:09:55","date_gmt":"2019-06-15T10:09:55","guid":{"rendered":"http:\/\/ecolecaritas.be\/new\/?p=150338"},"modified":"2019-06-15T12:11:47","modified_gmt":"2019-06-15T10:11:47","slug":"les-m3-ces-artistes","status":"publish","type":"post","link":"https:\/\/ecolecaritas.be\/new\/les-m3-ces-artistes\/","title":{"rendered":"Quels artistes !"},"content":{"rendered":"\n<p>Une \u00e9cole toujours plus belle gr\u00e2ce aux r\u00e9alisations de nos maternelles &lt;3<\/p>\n\n\n\n<ul class=\"wp-block-gallery columns-3 is-cropped wp-block-gallery-1 is-layout-flex wp-block-gallery-is-layout-flex\"><li class=\"blocks-gallery-item\"><figure><img loading=\"lazy\" decoding=\"async\" width=\"600\" height=\"338\" src=\"https:\/\/ecolecaritas.be\/new\/wp-content\/uploads\/2019\/06\/20190611_100903-600x338.jpg\" alt=\"\" data-id=\"150355\" data-link=\"https:\/\/ecolecaritas.be\/new\/?attachment_id=150355\" class=\"wp-image-150355\" srcset=\"https:\/\/ecolecaritas.be\/new\/wp-content\/uploads\/2019\/06\/20190611_100903-600x338.jpg 600w, https:\/\/ecolecaritas.be\/new\/wp-content\/uploads\/2019\/06\/20190611_100903-300x169.jpg 300w, https:\/\/ecolecaritas.be\/new\/wp-content\/uploads\/2019\/06\/20190611_100903-768x432.jpg 768w, https:\/\/ecolecaritas.be\/new\/wp-content\/uploads\/2019\/06\/20190611_100903-678x381.jpg 678w\" sizes=\"auto, (max-width: 600px) 100vw, 600px\" \/><\/figure><\/li><li class=\"blocks-gallery-item\"><figure><img loading=\"lazy\" decoding=\"async\" width=\"600\" height=\"338\" src=\"https:\/\/ecolecaritas.be\/new\/wp-content\/uploads\/2019\/06\/20190611_100038-600x338.jpg\" alt=\"\" data-id=\"150356\" data-link=\"https:\/\/ecolecaritas.be\/new\/?attachment_id=150356\" class=\"wp-image-150356\" srcset=\"https:\/\/ecolecaritas.be\/new\/wp-content\/uploads\/2019\/06\/20190611_100038-600x338.jpg 600w, https:\/\/ecolecaritas.be\/new\/wp-content\/uploads\/2019\/06\/20190611_100038-300x169.jpg 300w, https:\/\/ecolecaritas.be\/new\/wp-content\/uploads\/2019\/06\/20190611_100038-768x432.jpg 768w, https:\/\/ecolecaritas.be\/new\/wp-content\/uploads\/2019\/06\/20190611_100038-678x381.jpg 678w\" sizes=\"auto, (max-width: 600px) 100vw, 600px\" \/><\/figure><\/li><li class=\"blocks-gallery-item\"><figure><img loading=\"lazy\" decoding=\"async\" width=\"600\" height=\"338\" src=\"https:\/\/ecolecaritas.be\/new\/wp-content\/uploads\/2019\/06\/20190611_100120-1-600x338.jpg\" alt=\"\" data-id=\"150357\" data-link=\"https:\/\/ecolecaritas.be\/new\/?attachment_id=150357\" class=\"wp-image-150357\" srcset=\"https:\/\/ecolecaritas.be\/new\/wp-content\/uploads\/2019\/06\/20190611_100120-1-600x338.jpg 600w, https:\/\/ecolecaritas.be\/new\/wp-content\/uploads\/2019\/06\/20190611_100120-1-300x169.jpg 300w, https:\/\/ecolecaritas.be\/new\/wp-content\/uploads\/2019\/06\/20190611_100120-1-768x432.jpg 768w, https:\/\/ecolecaritas.be\/new\/wp-content\/uploads\/2019\/06\/20190611_100120-1-678x381.jpg 678w\" sizes=\"auto, (max-width: 600px) 100vw, 600px\" \/><\/figure><\/li><\/ul>\n\n\n\n<ul class=\"wp-block-gallery columns-0 is-cropped wp-block-gallery-2 is-layout-flex wp-block-gallery-is-layout-flex\"><\/ul>\n","protected":false},"excerpt":{"rendered":"<div class=\"mh-excerpt\"><p>Une \u00e9cole toujours plus belle gr\u00e2ce aux r\u00e9alisations de nos maternelles &lt;3<\/p>\n<\/div>","protected":false},"author":5,"featured_media":150355,"comment_status":"closed","ping_status":"closed","sticky":false,"template":"","format":"standard","meta":{"footnotes":""},"categories":[7],"tags":[],"class_list":["post-150338","post","type-post","status-publish","format-standard","has-post-thumbnail","hentry","category-mat"],"_links":{"self":[{"href":"https:\/\/ecolecaritas.be\/new\/wp-json\/wp\/v2\/posts\/150338","targetHints":{"allow":["GET"]}}],"collection":[{"href":"https:\/\/ecolecaritas.be\/new\/wp-json\/wp\/v2\/posts"}],"about":[{"href":"https:\/\/ecolecaritas.be\/new\/wp-json\/wp\/v2\/types\/post"}],"author":[{"embeddable":true,"href":"https:\/\/ecolecaritas.be\/new\/wp-json\/wp\/v2\/users\/5"}],"replies":[{"embeddable":true,"href":"https:\/\/ecolecaritas.be\/new\/wp-json\/wp\/v2\/comments?post=150338"}],"version-history":[{"count":5,"href":"https:\/\/ecolecaritas.be\/new\/wp-json\/wp\/v2\/posts\/150338\/revisions"}],"predecessor-version":[{"id":150360,"href":"https:\/\/ecolecaritas.be\/new\/wp-json\/wp\/v2\/posts\/150338\/revisions\/150360"}],"wp:featuredmedia":[{"embeddable":true,"href":"https:\/\/ecolecaritas.be\/new\/wp-json\/wp\/v2\/media\/150355"}],"wp:attachment":[{"href":"https:\/\/ecolecaritas.be\/new\/wp-json\/wp\/v2\/media?parent=150338"}],"wp:term":[{"taxonomy":"category","embeddable":true,"href":"https:\/\/ecolecaritas.be\/new\/wp-json\/wp\/v2\/categories?post=150338"},{"taxonomy":"post_tag","embeddable":true,"href":"https:\/\/ecolecaritas.be\/new\/wp-json\/wp\/v2\/tags?post=150338"}],"curies":[{"name":"wp","href":"https:\/\/api.w.org\/{rel}","templated":true}]}}