{"id":150361,"date":"2019-06-19T16:06:43","date_gmt":"2019-06-19T14:06:43","guid":{"rendered":"http:\/\/ecolecaritas.be\/new\/?p=150361"},"modified":"2019-06-19T16:06:43","modified_gmt":"2019-06-19T14:06:43","slug":"les-p5c-a-la-ferme-grand-royal","status":"publish","type":"post","link":"https:\/\/ecolecaritas.be\/new\/les-p5c-a-la-ferme-grand-royal\/","title":{"rendered":"Les P5C \u00e0 la ferme Grand Royal"},"content":{"rendered":"\n<p>Apr\u00e8s l&rsquo;effort, le r\u00e9confort ! Ce matin, visite des P5C \u00e0 la ferme p\u00e9dagogique du Grand Royal : ils ont A.D.O.R.\u00c9 ! Merci Valentin !<\/p>\n\n\n\n<figure class=\"wp-block-image\"><img loading=\"lazy\" decoding=\"async\" width=\"600\" height=\"450\" src=\"https:\/\/ecolecaritas.be\/new\/wp-content\/uploads\/2019\/06\/IMG-20190619-WA0002-600x450.jpg\" alt=\"\" class=\"wp-image-150363\" srcset=\"https:\/\/ecolecaritas.be\/new\/wp-content\/uploads\/2019\/06\/IMG-20190619-WA0002-600x450.jpg 600w, https:\/\/ecolecaritas.be\/new\/wp-content\/uploads\/2019\/06\/IMG-20190619-WA0002-300x225.jpg 300w, https:\/\/ecolecaritas.be\/new\/wp-content\/uploads\/2019\/06\/IMG-20190619-WA0002-768x576.jpg 768w, https:\/\/ecolecaritas.be\/new\/wp-content\/uploads\/2019\/06\/IMG-20190619-WA0002-678x509.jpg 678w, https:\/\/ecolecaritas.be\/new\/wp-content\/uploads\/2019\/06\/IMG-20190619-WA0002-326x245.jpg 326w, https:\/\/ecolecaritas.be\/new\/wp-content\/uploads\/2019\/06\/IMG-20190619-WA0002-80x60.jpg 80w, https:\/\/ecolecaritas.be\/new\/wp-content\/uploads\/2019\/06\/IMG-20190619-WA0002.jpg 1919w\" sizes=\"auto, (max-width: 600px) 100vw, 600px\" \/><\/figure>\n\n\n\n<figure class=\"wp-block-image\"><img loading=\"lazy\" decoding=\"async\" width=\"600\" height=\"450\" src=\"https:\/\/ecolecaritas.be\/new\/wp-content\/uploads\/2019\/06\/IMG-20190619-WA0003-600x450.jpg\" alt=\"\" class=\"wp-image-150364\" srcset=\"https:\/\/ecolecaritas.be\/new\/wp-content\/uploads\/2019\/06\/IMG-20190619-WA0003-600x450.jpg 600w, https:\/\/ecolecaritas.be\/new\/wp-content\/uploads\/2019\/06\/IMG-20190619-WA0003-300x225.jpg 300w, https:\/\/ecolecaritas.be\/new\/wp-content\/uploads\/2019\/06\/IMG-20190619-WA0003-768x576.jpg 768w, https:\/\/ecolecaritas.be\/new\/wp-content\/uploads\/2019\/06\/IMG-20190619-WA0003-678x509.jpg 678w, https:\/\/ecolecaritas.be\/new\/wp-content\/uploads\/2019\/06\/IMG-20190619-WA0003-326x245.jpg 326w, https:\/\/ecolecaritas.be\/new\/wp-content\/uploads\/2019\/06\/IMG-20190619-WA0003-80x60.jpg 80w, https:\/\/ecolecaritas.be\/new\/wp-content\/uploads\/2019\/06\/IMG-20190619-WA0003.jpg 1919w\" sizes=\"auto, (max-width: 600px) 100vw, 600px\" \/><\/figure>\n\n\n\n<figure class=\"wp-block-image\"><img loading=\"lazy\" decoding=\"async\" width=\"450\" height=\"600\" src=\"https:\/\/ecolecaritas.be\/new\/wp-content\/uploads\/2019\/06\/IMG-20190619-WA0004-450x600.jpg\" alt=\"\" class=\"wp-image-150365\" srcset=\"https:\/\/ecolecaritas.be\/new\/wp-content\/uploads\/2019\/06\/IMG-20190619-WA0004-450x600.jpg 450w, https:\/\/ecolecaritas.be\/new\/wp-content\/uploads\/2019\/06\/IMG-20190619-WA0004-225x300.jpg 225w, https:\/\/ecolecaritas.be\/new\/wp-content\/uploads\/2019\/06\/IMG-20190619-WA0004-768x1023.jpg 768w, https:\/\/ecolecaritas.be\/new\/wp-content\/uploads\/2019\/06\/IMG-20190619-WA0004-600x800.jpg 600w, https:\/\/ecolecaritas.be\/new\/wp-content\/uploads\/2019\/06\/IMG-20190619-WA0004.jpg 1440w\" sizes=\"auto, (max-width: 450px) 100vw, 450px\" \/><\/figure>\n\n\n\n<figure class=\"wp-block-image\"><img loading=\"lazy\" decoding=\"async\" width=\"450\" height=\"600\" src=\"https:\/\/ecolecaritas.be\/new\/wp-content\/uploads\/2019\/06\/IMG-20190619-WA0005-450x600.jpg\" alt=\"\" class=\"wp-image-150366\" srcset=\"https:\/\/ecolecaritas.be\/new\/wp-content\/uploads\/2019\/06\/IMG-20190619-WA0005-450x600.jpg 450w, https:\/\/ecolecaritas.be\/new\/wp-content\/uploads\/2019\/06\/IMG-20190619-WA0005-225x300.jpg 225w, https:\/\/ecolecaritas.be\/new\/wp-content\/uploads\/2019\/06\/IMG-20190619-WA0005-768x1023.jpg 768w, https:\/\/ecolecaritas.be\/new\/wp-content\/uploads\/2019\/06\/IMG-20190619-WA0005-600x800.jpg 600w, https:\/\/ecolecaritas.be\/new\/wp-content\/uploads\/2019\/06\/IMG-20190619-WA0005.jpg 1440w\" sizes=\"auto, (max-width: 450px) 100vw, 450px\" \/><\/figure>\n\n\n\n<figure class=\"wp-block-image\"><img loading=\"lazy\" decoding=\"async\" width=\"600\" height=\"450\" src=\"https:\/\/ecolecaritas.be\/new\/wp-content\/uploads\/2019\/06\/IMG-20190619-WA0006-600x450.jpg\" alt=\"\" class=\"wp-image-150367\" srcset=\"https:\/\/ecolecaritas.be\/new\/wp-content\/uploads\/2019\/06\/IMG-20190619-WA0006-600x450.jpg 600w, https:\/\/ecolecaritas.be\/new\/wp-content\/uploads\/2019\/06\/IMG-20190619-WA0006-300x225.jpg 300w, https:\/\/ecolecaritas.be\/new\/wp-content\/uploads\/2019\/06\/IMG-20190619-WA0006-768x576.jpg 768w, https:\/\/ecolecaritas.be\/new\/wp-content\/uploads\/2019\/06\/IMG-20190619-WA0006-678x509.jpg 678w, https:\/\/ecolecaritas.be\/new\/wp-content\/uploads\/2019\/06\/IMG-20190619-WA0006-326x245.jpg 326w, https:\/\/ecolecaritas.be\/new\/wp-content\/uploads\/2019\/06\/IMG-20190619-WA0006-80x60.jpg 80w, https:\/\/ecolecaritas.be\/new\/wp-content\/uploads\/2019\/06\/IMG-20190619-WA0006.jpg 1919w\" sizes=\"auto, (max-width: 600px) 100vw, 600px\" \/><\/figure>\n\n\n\n<figure class=\"wp-block-image\"><img loading=\"lazy\" decoding=\"async\" width=\"600\" height=\"450\" src=\"https:\/\/ecolecaritas.be\/new\/wp-content\/uploads\/2019\/06\/IMG-20190619-WA0007-600x450.jpg\" alt=\"\" class=\"wp-image-150368\" srcset=\"https:\/\/ecolecaritas.be\/new\/wp-content\/uploads\/2019\/06\/IMG-20190619-WA0007-600x450.jpg 600w, https:\/\/ecolecaritas.be\/new\/wp-content\/uploads\/2019\/06\/IMG-20190619-WA0007-300x225.jpg 300w, https:\/\/ecolecaritas.be\/new\/wp-content\/uploads\/2019\/06\/IMG-20190619-WA0007-768x576.jpg 768w, https:\/\/ecolecaritas.be\/new\/wp-content\/uploads\/2019\/06\/IMG-20190619-WA0007-678x509.jpg 678w, https:\/\/ecolecaritas.be\/new\/wp-content\/uploads\/2019\/06\/IMG-20190619-WA0007-326x245.jpg 326w, https:\/\/ecolecaritas.be\/new\/wp-content\/uploads\/2019\/06\/IMG-20190619-WA0007-80x60.jpg 80w, https:\/\/ecolecaritas.be\/new\/wp-content\/uploads\/2019\/06\/IMG-20190619-WA0007.jpg 1919w\" sizes=\"auto, (max-width: 600px) 100vw, 600px\" \/><\/figure>\n\n\n\n<figure class=\"wp-block-image\"><img loading=\"lazy\" decoding=\"async\" width=\"450\" height=\"600\" src=\"https:\/\/ecolecaritas.be\/new\/wp-content\/uploads\/2019\/06\/IMG-20190619-WA0008-450x600.jpg\" alt=\"\" class=\"wp-image-150369\" srcset=\"https:\/\/ecolecaritas.be\/new\/wp-content\/uploads\/2019\/06\/IMG-20190619-WA0008-450x600.jpg 450w, https:\/\/ecolecaritas.be\/new\/wp-content\/uploads\/2019\/06\/IMG-20190619-WA0008-225x300.jpg 225w, https:\/\/ecolecaritas.be\/new\/wp-content\/uploads\/2019\/06\/IMG-20190619-WA0008-768x1023.jpg 768w, https:\/\/ecolecaritas.be\/new\/wp-content\/uploads\/2019\/06\/IMG-20190619-WA0008-600x800.jpg 600w, https:\/\/ecolecaritas.be\/new\/wp-content\/uploads\/2019\/06\/IMG-20190619-WA0008.jpg 1440w\" sizes=\"auto, (max-width: 450px) 100vw, 450px\" \/><\/figure>\n\n\n\n<figure class=\"wp-block-image\"><img loading=\"lazy\" decoding=\"async\" width=\"450\" height=\"600\" src=\"https:\/\/ecolecaritas.be\/new\/wp-content\/uploads\/2019\/06\/IMG-20190619-WA0009-450x600.jpg\" alt=\"\" class=\"wp-image-150370\" srcset=\"https:\/\/ecolecaritas.be\/new\/wp-content\/uploads\/2019\/06\/IMG-20190619-WA0009-450x600.jpg 450w, https:\/\/ecolecaritas.be\/new\/wp-content\/uploads\/2019\/06\/IMG-20190619-WA0009-225x300.jpg 225w, https:\/\/ecolecaritas.be\/new\/wp-content\/uploads\/2019\/06\/IMG-20190619-WA0009-768x1023.jpg 768w, https:\/\/ecolecaritas.be\/new\/wp-content\/uploads\/2019\/06\/IMG-20190619-WA0009-600x800.jpg 600w, https:\/\/ecolecaritas.be\/new\/wp-content\/uploads\/2019\/06\/IMG-20190619-WA0009.jpg 1440w\" sizes=\"auto, (max-width: 450px) 100vw, 450px\" \/><\/figure>\n\n\n\n<figure class=\"wp-block-image\"><img loading=\"lazy\" decoding=\"async\" width=\"450\" height=\"600\" src=\"https:\/\/ecolecaritas.be\/new\/wp-content\/uploads\/2019\/06\/IMG-20190619-WA0010-450x600.jpg\" alt=\"\" class=\"wp-image-150371\" srcset=\"https:\/\/ecolecaritas.be\/new\/wp-content\/uploads\/2019\/06\/IMG-20190619-WA0010-450x600.jpg 450w, https:\/\/ecolecaritas.be\/new\/wp-content\/uploads\/2019\/06\/IMG-20190619-WA0010-225x300.jpg 225w, https:\/\/ecolecaritas.be\/new\/wp-content\/uploads\/2019\/06\/IMG-20190619-WA0010-768x1023.jpg 768w, https:\/\/ecolecaritas.be\/new\/wp-content\/uploads\/2019\/06\/IMG-20190619-WA0010-600x800.jpg 600w, https:\/\/ecolecaritas.be\/new\/wp-content\/uploads\/2019\/06\/IMG-20190619-WA0010.jpg 1440w\" sizes=\"auto, (max-width: 450px) 100vw, 450px\" \/><\/figure>\n\n\n\n<figure class=\"wp-block-image\"><img loading=\"lazy\" decoding=\"async\" width=\"600\" height=\"450\" src=\"https:\/\/ecolecaritas.be\/new\/wp-content\/uploads\/2019\/06\/IMG-20190619-WA0011-600x450.jpg\" alt=\"\" class=\"wp-image-150372\" srcset=\"https:\/\/ecolecaritas.be\/new\/wp-content\/uploads\/2019\/06\/IMG-20190619-WA0011-600x450.jpg 600w, https:\/\/ecolecaritas.be\/new\/wp-content\/uploads\/2019\/06\/IMG-20190619-WA0011-300x225.jpg 300w, https:\/\/ecolecaritas.be\/new\/wp-content\/uploads\/2019\/06\/IMG-20190619-WA0011-768x576.jpg 768w, https:\/\/ecolecaritas.be\/new\/wp-content\/uploads\/2019\/06\/IMG-20190619-WA0011-678x509.jpg 678w, https:\/\/ecolecaritas.be\/new\/wp-content\/uploads\/2019\/06\/IMG-20190619-WA0011-326x245.jpg 326w, https:\/\/ecolecaritas.be\/new\/wp-content\/uploads\/2019\/06\/IMG-20190619-WA0011-80x60.jpg 80w, https:\/\/ecolecaritas.be\/new\/wp-content\/uploads\/2019\/06\/IMG-20190619-WA0011.jpg 1919w\" sizes=\"auto, (max-width: 600px) 100vw, 600px\" \/><\/figure>\n\n\n\n<figure class=\"wp-block-image\"><img loading=\"lazy\" decoding=\"async\" width=\"450\" height=\"600\" src=\"https:\/\/ecolecaritas.be\/new\/wp-content\/uploads\/2019\/06\/IMG-20190619-WA0012-450x600.jpg\" alt=\"\" class=\"wp-image-150373\" srcset=\"https:\/\/ecolecaritas.be\/new\/wp-content\/uploads\/2019\/06\/IMG-20190619-WA0012-450x600.jpg 450w, https:\/\/ecolecaritas.be\/new\/wp-content\/uploads\/2019\/06\/IMG-20190619-WA0012-225x300.jpg 225w, https:\/\/ecolecaritas.be\/new\/wp-content\/uploads\/2019\/06\/IMG-20190619-WA0012-768x1023.jpg 768w, https:\/\/ecolecaritas.be\/new\/wp-content\/uploads\/2019\/06\/IMG-20190619-WA0012-600x800.jpg 600w, https:\/\/ecolecaritas.be\/new\/wp-content\/uploads\/2019\/06\/IMG-20190619-WA0012.jpg 1440w\" sizes=\"auto, (max-width: 450px) 100vw, 450px\" \/><\/figure>\n\n\n\n<figure class=\"wp-block-image\"><img loading=\"lazy\" decoding=\"async\" width=\"450\" height=\"600\" src=\"https:\/\/ecolecaritas.be\/new\/wp-content\/uploads\/2019\/06\/IMG-20190619-WA0013-450x600.jpg\" alt=\"\" class=\"wp-image-150374\" srcset=\"https:\/\/ecolecaritas.be\/new\/wp-content\/uploads\/2019\/06\/IMG-20190619-WA0013-450x600.jpg 450w, https:\/\/ecolecaritas.be\/new\/wp-content\/uploads\/2019\/06\/IMG-20190619-WA0013-225x300.jpg 225w, https:\/\/ecolecaritas.be\/new\/wp-content\/uploads\/2019\/06\/IMG-20190619-WA0013-768x1023.jpg 768w, https:\/\/ecolecaritas.be\/new\/wp-content\/uploads\/2019\/06\/IMG-20190619-WA0013-600x800.jpg 600w, https:\/\/ecolecaritas.be\/new\/wp-content\/uploads\/2019\/06\/IMG-20190619-WA0013.jpg 1440w\" sizes=\"auto, (max-width: 450px) 100vw, 450px\" \/><\/figure>\n\n\n\n<figure class=\"wp-block-image\"><img loading=\"lazy\" decoding=\"async\" width=\"600\" height=\"450\" src=\"https:\/\/ecolecaritas.be\/new\/wp-content\/uploads\/2019\/06\/IMG-20190619-WA0014-600x450.jpg\" alt=\"\" class=\"wp-image-150375\" srcset=\"https:\/\/ecolecaritas.be\/new\/wp-content\/uploads\/2019\/06\/IMG-20190619-WA0014-600x450.jpg 600w, https:\/\/ecolecaritas.be\/new\/wp-content\/uploads\/2019\/06\/IMG-20190619-WA0014-300x225.jpg 300w, https:\/\/ecolecaritas.be\/new\/wp-content\/uploads\/2019\/06\/IMG-20190619-WA0014-768x576.jpg 768w, https:\/\/ecolecaritas.be\/new\/wp-content\/uploads\/2019\/06\/IMG-20190619-WA0014-678x509.jpg 678w, https:\/\/ecolecaritas.be\/new\/wp-content\/uploads\/2019\/06\/IMG-20190619-WA0014-326x245.jpg 326w, https:\/\/ecolecaritas.be\/new\/wp-content\/uploads\/2019\/06\/IMG-20190619-WA0014-80x60.jpg 80w, https:\/\/ecolecaritas.be\/new\/wp-content\/uploads\/2019\/06\/IMG-20190619-WA0014.jpg 1919w\" sizes=\"auto, (max-width: 600px) 100vw, 600px\" \/><\/figure>\n","protected":false},"excerpt":{"rendered":"<div class=\"mh-excerpt\"><p>Apr\u00e8s l&rsquo;effort, le r\u00e9confort ! Ce matin, visite des P5C \u00e0 la ferme p\u00e9dagogique du Grand Royal : ils ont A.D.O.R.\u00c9 ! Merci Valentin !<\/p>\n<\/div>","protected":false},"author":5,"featured_media":150363,"comment_status":"closed","ping_status":"closed","sticky":false,"template":"","format":"standard","meta":{"footnotes":""},"categories":[10],"tags":[],"class_list":["post-150361","post","type-post","status-publish","format-standard","has-post-thumbnail","hentry","category-p56"],"_links":{"self":[{"href":"https:\/\/ecolecaritas.be\/new\/wp-json\/wp\/v2\/posts\/150361","targetHints":{"allow":["GET"]}}],"collection":[{"href":"https:\/\/ecolecaritas.be\/new\/wp-json\/wp\/v2\/posts"}],"about":[{"href":"https:\/\/ecolecaritas.be\/new\/wp-json\/wp\/v2\/types\/post"}],"author":[{"embeddable":true,"href":"https:\/\/ecolecaritas.be\/new\/wp-json\/wp\/v2\/users\/5"}],"replies":[{"embeddable":true,"href":"https:\/\/ecolecaritas.be\/new\/wp-json\/wp\/v2\/comments?post=150361"}],"version-history":[{"count":2,"href":"https:\/\/ecolecaritas.be\/new\/wp-json\/wp\/v2\/posts\/150361\/revisions"}],"predecessor-version":[{"id":150377,"href":"https:\/\/ecolecaritas.be\/new\/wp-json\/wp\/v2\/posts\/150361\/revisions\/150377"}],"wp:featuredmedia":[{"embeddable":true,"href":"https:\/\/ecolecaritas.be\/new\/wp-json\/wp\/v2\/media\/150363"}],"wp:attachment":[{"href":"https:\/\/ecolecaritas.be\/new\/wp-json\/wp\/v2\/media?parent=150361"}],"wp:term":[{"taxonomy":"category","embeddable":true,"href":"https:\/\/ecolecaritas.be\/new\/wp-json\/wp\/v2\/categories?post=150361"},{"taxonomy":"post_tag","embeddable":true,"href":"https:\/\/ecolecaritas.be\/new\/wp-json\/wp\/v2\/tags?post=150361"}],"curies":[{"name":"wp","href":"https:\/\/api.w.org\/{rel}","templated":true}]}}