{"id":150383,"date":"2019-06-28T11:14:22","date_gmt":"2019-06-28T09:14:22","guid":{"rendered":"http:\/\/ecolecaritas.be\/new\/?p=150383"},"modified":"2019-06-28T11:17:27","modified_gmt":"2019-06-28T09:17:27","slug":"p3-au-musee-tchantches","status":"publish","type":"post","link":"https:\/\/ecolecaritas.be\/new\/p3-au-musee-tchantches\/","title":{"rendered":"Les P3 au mus\u00e9e Tchantch\u00e8s"},"content":{"rendered":"\n<p>Nous avons visit\u00e9 le mus\u00e9e Tchantch\u00e8s qui est un personnage du folklore li\u00e9geois. Nous avons eu la joie d&rsquo;assister \u00e0 un spectacle de marionnettes! Nous avons eu des fous rires! C&rsquo;\u00e9tait top!<\/p>\n","protected":false},"excerpt":{"rendered":"<div class=\"mh-excerpt\"><p>Nous avons visit\u00e9 le mus\u00e9e Tchantch\u00e8s qui est un personnage du folklore li\u00e9geois. Nous avons eu la joie d&rsquo;assister \u00e0 un spectacle de marionnettes! Nous <a class=\"mh-excerpt-more\" href=\"https:\/\/ecolecaritas.be\/new\/p3-au-musee-tchantches\/\" title=\"Les P3 au mus\u00e9e Tchantch\u00e8s\">[&#8230;]<\/a><\/p>\n<\/div>","protected":false},"author":5,"featured_media":150386,"comment_status":"closed","ping_status":"closed","sticky":false,"template":"","format":"standard","meta":{"footnotes":""},"categories":[9],"tags":[],"class_list":["post-150383","post","type-post","status-publish","format-standard","has-post-thumbnail","hentry","category-p34"],"_links":{"self":[{"href":"https:\/\/ecolecaritas.be\/new\/wp-json\/wp\/v2\/posts\/150383","targetHints":{"allow":["GET"]}}],"collection":[{"href":"https:\/\/ecolecaritas.be\/new\/wp-json\/wp\/v2\/posts"}],"about":[{"href":"https:\/\/ecolecaritas.be\/new\/wp-json\/wp\/v2\/types\/post"}],"author":[{"embeddable":true,"href":"https:\/\/ecolecaritas.be\/new\/wp-json\/wp\/v2\/users\/5"}],"replies":[{"embeddable":true,"href":"https:\/\/ecolecaritas.be\/new\/wp-json\/wp\/v2\/comments?post=150383"}],"version-history":[{"count":4,"href":"https:\/\/ecolecaritas.be\/new\/wp-json\/wp\/v2\/posts\/150383\/revisions"}],"predecessor-version":[{"id":150389,"href":"https:\/\/ecolecaritas.be\/new\/wp-json\/wp\/v2\/posts\/150383\/revisions\/150389"}],"wp:featuredmedia":[{"embeddable":true,"href":"https:\/\/ecolecaritas.be\/new\/wp-json\/wp\/v2\/media\/150386"}],"wp:attachment":[{"href":"https:\/\/ecolecaritas.be\/new\/wp-json\/wp\/v2\/media?parent=150383"}],"wp:term":[{"taxonomy":"category","embeddable":true,"href":"https:\/\/ecolecaritas.be\/new\/wp-json\/wp\/v2\/categories?post=150383"},{"taxonomy":"post_tag","embeddable":true,"href":"https:\/\/ecolecaritas.be\/new\/wp-json\/wp\/v2\/tags?post=150383"}],"curies":[{"name":"wp","href":"https:\/\/api.w.org\/{rel}","templated":true}]}}