{"id":150809,"date":"2019-11-14T09:34:34","date_gmt":"2019-11-14T08:34:34","guid":{"rendered":"http:\/\/ecolecaritas.be\/new\/?p=150809"},"modified":"2019-11-14T09:34:34","modified_gmt":"2019-11-14T08:34:34","slug":"cross-inter-ecole-des-ardennes-brabanconnes","status":"publish","type":"post","link":"https:\/\/ecolecaritas.be\/new\/cross-inter-ecole-des-ardennes-brabanconnes\/","title":{"rendered":"Cross inter-\u00e9cole des Ardennes Braban\u00e7onnes."},"content":{"rendered":"\n<p>Le 19 octobre dernier, 176 enfants ont particip\u00e9 au cross inter-\u00e9cole des Ardennes Braban\u00e7onnes. Bien \u00e9videmment, l&rsquo;\u00e9cole Caritas a port\u00e9 haut ses couleurs avec un peu plus d&rsquo;une vingtaine d&rsquo;\u00e9l\u00e8ves de la premi\u00e8re \u00e0 la sixi\u00e8me primaire. Nous pouvons \u00eatre tr\u00e8s fiers de notre \u00e9cole et de nos \u00e9l\u00e8ves car sur les 16 courses disput\u00e9es, l&rsquo;\u00e9cole Caritas en remporte six. Bravo les champions!!!<\/p>\n\n\n\n<figure class=\"wp-block-image\"><img loading=\"lazy\" decoding=\"async\" width=\"600\" height=\"458\" src=\"https:\/\/ecolecaritas.be\/new\/wp-content\/uploads\/2019\/11\/IMG-20191113-WA0013-600x458.jpg\" alt=\"\" class=\"wp-image-150795\" srcset=\"https:\/\/ecolecaritas.be\/new\/wp-content\/uploads\/2019\/11\/IMG-20191113-WA0013-600x458.jpg 600w, https:\/\/ecolecaritas.be\/new\/wp-content\/uploads\/2019\/11\/IMG-20191113-WA0013-300x229.jpg 300w, https:\/\/ecolecaritas.be\/new\/wp-content\/uploads\/2019\/11\/IMG-20191113-WA0013-768x587.jpg 768w, https:\/\/ecolecaritas.be\/new\/wp-content\/uploads\/2019\/11\/IMG-20191113-WA0013-80x60.jpg 80w, https:\/\/ecolecaritas.be\/new\/wp-content\/uploads\/2019\/11\/IMG-20191113-WA0013-1320x1009.jpg 1320w, https:\/\/ecolecaritas.be\/new\/wp-content\/uploads\/2019\/11\/IMG-20191113-WA0013.jpg 1696w\" sizes=\"auto, (max-width: 600px) 100vw, 600px\" \/><\/figure>\n\n\n\n<figure class=\"wp-block-image\"><img loading=\"lazy\" decoding=\"async\" width=\"338\" height=\"600\" src=\"https:\/\/ecolecaritas.be\/new\/wp-content\/uploads\/2019\/11\/IMG-20191113-WA0012-338x600.jpg\" alt=\"\" class=\"wp-image-150794\" srcset=\"https:\/\/ecolecaritas.be\/new\/wp-content\/uploads\/2019\/11\/IMG-20191113-WA0012-338x600.jpg 338w, https:\/\/ecolecaritas.be\/new\/wp-content\/uploads\/2019\/11\/IMG-20191113-WA0012-169x300.jpg 169w, https:\/\/ecolecaritas.be\/new\/wp-content\/uploads\/2019\/11\/IMG-20191113-WA0012-768x1365.jpg 768w, https:\/\/ecolecaritas.be\/new\/wp-content\/uploads\/2019\/11\/IMG-20191113-WA0012-600x1066.jpg 600w, https:\/\/ecolecaritas.be\/new\/wp-content\/uploads\/2019\/11\/IMG-20191113-WA0012.jpg 1080w\" sizes=\"auto, (max-width: 338px) 100vw, 338px\" \/><\/figure>\n\n\n\n<figure class=\"wp-block-image\"><img loading=\"lazy\" decoding=\"async\" width=\"338\" height=\"600\" src=\"https:\/\/ecolecaritas.be\/new\/wp-content\/uploads\/2019\/11\/IMG-20191113-WA0011-338x600.jpg\" alt=\"\" class=\"wp-image-150793\" srcset=\"https:\/\/ecolecaritas.be\/new\/wp-content\/uploads\/2019\/11\/IMG-20191113-WA0011-338x600.jpg 338w, https:\/\/ecolecaritas.be\/new\/wp-content\/uploads\/2019\/11\/IMG-20191113-WA0011-169x300.jpg 169w, https:\/\/ecolecaritas.be\/new\/wp-content\/uploads\/2019\/11\/IMG-20191113-WA0011-768x1365.jpg 768w, https:\/\/ecolecaritas.be\/new\/wp-content\/uploads\/2019\/11\/IMG-20191113-WA0011-600x1066.jpg 600w, https:\/\/ecolecaritas.be\/new\/wp-content\/uploads\/2019\/11\/IMG-20191113-WA0011.jpg 1080w\" sizes=\"auto, (max-width: 338px) 100vw, 338px\" \/><\/figure>\n\n\n\n<figure class=\"wp-block-image\"><img loading=\"lazy\" decoding=\"async\" width=\"600\" height=\"372\" src=\"https:\/\/ecolecaritas.be\/new\/wp-content\/uploads\/2019\/11\/IMG-20191113-WA0010-600x372.jpg\" alt=\"\" class=\"wp-image-150792\" srcset=\"https:\/\/ecolecaritas.be\/new\/wp-content\/uploads\/2019\/11\/IMG-20191113-WA0010-600x372.jpg 600w, https:\/\/ecolecaritas.be\/new\/wp-content\/uploads\/2019\/11\/IMG-20191113-WA0010-300x186.jpg 300w, https:\/\/ecolecaritas.be\/new\/wp-content\/uploads\/2019\/11\/IMG-20191113-WA0010-768x476.jpg 768w, https:\/\/ecolecaritas.be\/new\/wp-content\/uploads\/2019\/11\/IMG-20191113-WA0010-1320x819.jpg 1320w, https:\/\/ecolecaritas.be\/new\/wp-content\/uploads\/2019\/11\/IMG-20191113-WA0010.jpg 1753w\" sizes=\"auto, (max-width: 600px) 100vw, 600px\" \/><\/figure>\n\n\n\n<figure class=\"wp-block-image\"><img loading=\"lazy\" decoding=\"async\" width=\"600\" height=\"393\" src=\"https:\/\/ecolecaritas.be\/new\/wp-content\/uploads\/2019\/11\/IMG-20191113-WA0009-600x393.jpg\" alt=\"\" class=\"wp-image-150791\" srcset=\"https:\/\/ecolecaritas.be\/new\/wp-content\/uploads\/2019\/11\/IMG-20191113-WA0009-600x393.jpg 600w, https:\/\/ecolecaritas.be\/new\/wp-content\/uploads\/2019\/11\/IMG-20191113-WA0009-300x196.jpg 300w, https:\/\/ecolecaritas.be\/new\/wp-content\/uploads\/2019\/11\/IMG-20191113-WA0009-768x502.jpg 768w, https:\/\/ecolecaritas.be\/new\/wp-content\/uploads\/2019\/11\/IMG-20191113-WA0009-1320x864.jpg 1320w, https:\/\/ecolecaritas.be\/new\/wp-content\/uploads\/2019\/11\/IMG-20191113-WA0009.jpg 1920w\" sizes=\"auto, (max-width: 600px) 100vw, 600px\" \/><\/figure>\n\n\n\n<figure class=\"wp-block-image\"><img loading=\"lazy\" decoding=\"async\" width=\"600\" height=\"276\" src=\"https:\/\/ecolecaritas.be\/new\/wp-content\/uploads\/2019\/11\/IMG-20191113-WA0006-600x276.jpg\" alt=\"\" class=\"wp-image-150788\" srcset=\"https:\/\/ecolecaritas.be\/new\/wp-content\/uploads\/2019\/11\/IMG-20191113-WA0006-600x276.jpg 600w, https:\/\/ecolecaritas.be\/new\/wp-content\/uploads\/2019\/11\/IMG-20191113-WA0006-300x138.jpg 300w, https:\/\/ecolecaritas.be\/new\/wp-content\/uploads\/2019\/11\/IMG-20191113-WA0006-768x353.jpg 768w, https:\/\/ecolecaritas.be\/new\/wp-content\/uploads\/2019\/11\/IMG-20191113-WA0006-1320x607.jpg 1320w, https:\/\/ecolecaritas.be\/new\/wp-content\/uploads\/2019\/11\/IMG-20191113-WA0006.jpg 1919w\" sizes=\"auto, (max-width: 600px) 100vw, 600px\" \/><\/figure>\n\n\n\n<figure class=\"wp-block-image\"><img loading=\"lazy\" decoding=\"async\" width=\"338\" height=\"600\" src=\"https:\/\/ecolecaritas.be\/new\/wp-content\/uploads\/2019\/11\/IMG-20191113-WA0005-338x600.jpg\" alt=\"\" class=\"wp-image-150787\" srcset=\"https:\/\/ecolecaritas.be\/new\/wp-content\/uploads\/2019\/11\/IMG-20191113-WA0005-338x600.jpg 338w, https:\/\/ecolecaritas.be\/new\/wp-content\/uploads\/2019\/11\/IMG-20191113-WA0005-169x300.jpg 169w, https:\/\/ecolecaritas.be\/new\/wp-content\/uploads\/2019\/11\/IMG-20191113-WA0005-768x1365.jpg 768w, https:\/\/ecolecaritas.be\/new\/wp-content\/uploads\/2019\/11\/IMG-20191113-WA0005-600x1066.jpg 600w, https:\/\/ecolecaritas.be\/new\/wp-content\/uploads\/2019\/11\/IMG-20191113-WA0005.jpg 1080w\" sizes=\"auto, (max-width: 338px) 100vw, 338px\" \/><\/figure>\n\n\n\n<figure class=\"wp-block-image\"><img loading=\"lazy\" decoding=\"async\" width=\"600\" height=\"348\" src=\"https:\/\/ecolecaritas.be\/new\/wp-content\/uploads\/2019\/11\/IMG-20191113-WA0004-600x348.jpg\" alt=\"\" class=\"wp-image-150786\" srcset=\"https:\/\/ecolecaritas.be\/new\/wp-content\/uploads\/2019\/11\/IMG-20191113-WA0004-600x348.jpg 600w, https:\/\/ecolecaritas.be\/new\/wp-content\/uploads\/2019\/11\/IMG-20191113-WA0004-300x174.jpg 300w, https:\/\/ecolecaritas.be\/new\/wp-content\/uploads\/2019\/11\/IMG-20191113-WA0004-768x445.jpg 768w, https:\/\/ecolecaritas.be\/new\/wp-content\/uploads\/2019\/11\/IMG-20191113-WA0004-1320x766.jpg 1320w, https:\/\/ecolecaritas.be\/new\/wp-content\/uploads\/2019\/11\/IMG-20191113-WA0004.jpg 1836w\" sizes=\"auto, (max-width: 600px) 100vw, 600px\" \/><\/figure>\n\n\n\n<figure class=\"wp-block-image\"><img loading=\"lazy\" decoding=\"async\" width=\"338\" height=\"600\" src=\"https:\/\/ecolecaritas.be\/new\/wp-content\/uploads\/2019\/11\/IMG-20191113-WA0003-338x600.jpg\" alt=\"\" class=\"wp-image-150785\" srcset=\"https:\/\/ecolecaritas.be\/new\/wp-content\/uploads\/2019\/11\/IMG-20191113-WA0003-338x600.jpg 338w, https:\/\/ecolecaritas.be\/new\/wp-content\/uploads\/2019\/11\/IMG-20191113-WA0003-169x300.jpg 169w, https:\/\/ecolecaritas.be\/new\/wp-content\/uploads\/2019\/11\/IMG-20191113-WA0003-768x1365.jpg 768w, https:\/\/ecolecaritas.be\/new\/wp-content\/uploads\/2019\/11\/IMG-20191113-WA0003-600x1066.jpg 600w, https:\/\/ecolecaritas.be\/new\/wp-content\/uploads\/2019\/11\/IMG-20191113-WA0003.jpg 1080w\" sizes=\"auto, (max-width: 338px) 100vw, 338px\" \/><\/figure>\n\n\n\n<figure class=\"wp-block-image\"><img loading=\"lazy\" decoding=\"async\" width=\"600\" height=\"380\" src=\"https:\/\/ecolecaritas.be\/new\/wp-content\/uploads\/2019\/11\/IMG-20191113-WA0002-600x380.jpg\" alt=\"\" class=\"wp-image-150784\" srcset=\"https:\/\/ecolecaritas.be\/new\/wp-content\/uploads\/2019\/11\/IMG-20191113-WA0002-600x380.jpg 600w, https:\/\/ecolecaritas.be\/new\/wp-content\/uploads\/2019\/11\/IMG-20191113-WA0002-300x190.jpg 300w, https:\/\/ecolecaritas.be\/new\/wp-content\/uploads\/2019\/11\/IMG-20191113-WA0002-768x486.jpg 768w, https:\/\/ecolecaritas.be\/new\/wp-content\/uploads\/2019\/11\/IMG-20191113-WA0002-1320x836.jpg 1320w, https:\/\/ecolecaritas.be\/new\/wp-content\/uploads\/2019\/11\/IMG-20191113-WA0002.jpg 1920w\" sizes=\"auto, (max-width: 600px) 100vw, 600px\" \/><\/figure>\n\n\n\n<figure class=\"wp-block-image\"><img loading=\"lazy\" decoding=\"async\" width=\"600\" height=\"466\" src=\"https:\/\/ecolecaritas.be\/new\/wp-content\/uploads\/2019\/11\/IMG-20191113-WA0001-600x466.jpg\" alt=\"\" class=\"wp-image-150783\" srcset=\"https:\/\/ecolecaritas.be\/new\/wp-content\/uploads\/2019\/11\/IMG-20191113-WA0001-600x466.jpg 600w, https:\/\/ecolecaritas.be\/new\/wp-content\/uploads\/2019\/11\/IMG-20191113-WA0001-300x233.jpg 300w, https:\/\/ecolecaritas.be\/new\/wp-content\/uploads\/2019\/11\/IMG-20191113-WA0001-768x597.jpg 768w, https:\/\/ecolecaritas.be\/new\/wp-content\/uploads\/2019\/11\/IMG-20191113-WA0001-1320x1026.jpg 1320w, https:\/\/ecolecaritas.be\/new\/wp-content\/uploads\/2019\/11\/IMG-20191113-WA0001.jpg 1668w\" sizes=\"auto, (max-width: 600px) 100vw, 600px\" \/><\/figure>\n\n\n\n<figure class=\"wp-block-image\"><img loading=\"lazy\" decoding=\"async\" width=\"338\" height=\"600\" src=\"https:\/\/ecolecaritas.be\/new\/wp-content\/uploads\/2019\/11\/IMG-20191113-WA0000-338x600.jpg\" alt=\"\" class=\"wp-image-150782\" srcset=\"https:\/\/ecolecaritas.be\/new\/wp-content\/uploads\/2019\/11\/IMG-20191113-WA0000-338x600.jpg 338w, https:\/\/ecolecaritas.be\/new\/wp-content\/uploads\/2019\/11\/IMG-20191113-WA0000-169x300.jpg 169w, https:\/\/ecolecaritas.be\/new\/wp-content\/uploads\/2019\/11\/IMG-20191113-WA0000-768x1365.jpg 768w, https:\/\/ecolecaritas.be\/new\/wp-content\/uploads\/2019\/11\/IMG-20191113-WA0000-600x1066.jpg 600w, https:\/\/ecolecaritas.be\/new\/wp-content\/uploads\/2019\/11\/IMG-20191113-WA0000.jpg 1080w\" sizes=\"auto, (max-width: 338px) 100vw, 338px\" \/><\/figure>\n\n\n\n<figure class=\"wp-block-image\"><img loading=\"lazy\" decoding=\"async\" width=\"338\" height=\"600\" src=\"https:\/\/ecolecaritas.be\/new\/wp-content\/uploads\/2019\/11\/IMG-20191113-WA0008-338x600.jpg\" alt=\"\" class=\"wp-image-150790\" srcset=\"https:\/\/ecolecaritas.be\/new\/wp-content\/uploads\/2019\/11\/IMG-20191113-WA0008-338x600.jpg 338w, https:\/\/ecolecaritas.be\/new\/wp-content\/uploads\/2019\/11\/IMG-20191113-WA0008-169x300.jpg 169w, https:\/\/ecolecaritas.be\/new\/wp-content\/uploads\/2019\/11\/IMG-20191113-WA0008-768x1365.jpg 768w, https:\/\/ecolecaritas.be\/new\/wp-content\/uploads\/2019\/11\/IMG-20191113-WA0008-600x1066.jpg 600w, https:\/\/ecolecaritas.be\/new\/wp-content\/uploads\/2019\/11\/IMG-20191113-WA0008.jpg 1080w\" sizes=\"auto, (max-width: 338px) 100vw, 338px\" \/><\/figure>\n\n\n\n<figure class=\"wp-block-image\"><img loading=\"lazy\" decoding=\"async\" width=\"600\" height=\"430\" src=\"https:\/\/ecolecaritas.be\/new\/wp-content\/uploads\/2019\/11\/IMG-20191113-WA0007-600x430.jpg\" alt=\"\" class=\"wp-image-150789\" srcset=\"https:\/\/ecolecaritas.be\/new\/wp-content\/uploads\/2019\/11\/IMG-20191113-WA0007-600x430.jpg 600w, https:\/\/ecolecaritas.be\/new\/wp-content\/uploads\/2019\/11\/IMG-20191113-WA0007-300x215.jpg 300w, https:\/\/ecolecaritas.be\/new\/wp-content\/uploads\/2019\/11\/IMG-20191113-WA0007-768x550.jpg 768w, https:\/\/ecolecaritas.be\/new\/wp-content\/uploads\/2019\/11\/IMG-20191113-WA0007-1320x945.jpg 1320w, https:\/\/ecolecaritas.be\/new\/wp-content\/uploads\/2019\/11\/IMG-20191113-WA0007.jpg 1810w\" sizes=\"auto, (max-width: 600px) 100vw, 600px\" \/><\/figure>\n\n\n","protected":false},"excerpt":{"rendered":"<div class=\"mh-excerpt\"><p>Le 19 octobre dernier, 176 enfants ont particip\u00e9 au cross inter-\u00e9cole des Ardennes Braban\u00e7onnes. Bien \u00e9videmment, l&rsquo;\u00e9cole Caritas a port\u00e9 haut ses couleurs avec un <a class=\"mh-excerpt-more\" href=\"https:\/\/ecolecaritas.be\/new\/cross-inter-ecole-des-ardennes-brabanconnes\/\" title=\"Cross inter-\u00e9cole des Ardennes Braban\u00e7onnes.\">[&#8230;]<\/a><\/p>\n<\/div>","protected":false},"author":4,"featured_media":150796,"comment_status":"closed","ping_status":"closed","sticky":false,"template":"","format":"standard","meta":{"footnotes":""},"categories":[6],"tags":[],"class_list":["post-150809","post","type-post","status-publish","format-standard","has-post-thumbnail","hentry","category-general"],"_links":{"self":[{"href":"https:\/\/ecolecaritas.be\/new\/wp-json\/wp\/v2\/posts\/150809","targetHints":{"allow":["GET"]}}],"collection":[{"href":"https:\/\/ecolecaritas.be\/new\/wp-json\/wp\/v2\/posts"}],"about":[{"href":"https:\/\/ecolecaritas.be\/new\/wp-json\/wp\/v2\/types\/post"}],"author":[{"embeddable":true,"href":"https:\/\/ecolecaritas.be\/new\/wp-json\/wp\/v2\/users\/4"}],"replies":[{"embeddable":true,"href":"https:\/\/ecolecaritas.be\/new\/wp-json\/wp\/v2\/comments?post=150809"}],"version-history":[{"count":4,"href":"https:\/\/ecolecaritas.be\/new\/wp-json\/wp\/v2\/posts\/150809\/revisions"}],"predecessor-version":[{"id":150818,"href":"https:\/\/ecolecaritas.be\/new\/wp-json\/wp\/v2\/posts\/150809\/revisions\/150818"}],"wp:featuredmedia":[{"embeddable":true,"href":"https:\/\/ecolecaritas.be\/new\/wp-json\/wp\/v2\/media\/150796"}],"wp:attachment":[{"href":"https:\/\/ecolecaritas.be\/new\/wp-json\/wp\/v2\/media?parent=150809"}],"wp:term":[{"taxonomy":"category","embeddable":true,"href":"https:\/\/ecolecaritas.be\/new\/wp-json\/wp\/v2\/categories?post=150809"},{"taxonomy":"post_tag","embeddable":true,"href":"https:\/\/ecolecaritas.be\/new\/wp-json\/wp\/v2\/tags?post=150809"}],"curies":[{"name":"wp","href":"https:\/\/api.w.org\/{rel}","templated":true}]}}