{"id":150867,"date":"2019-11-25T17:26:49","date_gmt":"2019-11-25T16:26:49","guid":{"rendered":"http:\/\/ecolecaritas.be\/new\/?p=150867"},"modified":"2019-11-25T17:26:49","modified_gmt":"2019-11-25T16:26:49","slug":"sortie-dans-le-froid-ce-jeudi-21-novembre-pour-les-6pc","status":"publish","type":"post","link":"https:\/\/ecolecaritas.be\/new\/sortie-dans-le-froid-ce-jeudi-21-novembre-pour-les-6pc\/","title":{"rendered":"Sortie dans le froid ce jeudi 21 novembre pour les 6PC."},"content":{"rendered":"\n<p>Par une temp\u00e9rature proche de 0\u00b0C, les 6PC se sont rendus sur le champ ce jeudi 21 novembre.  Au programme :  d\u00e9but de la boucle de 5 km de notre marche ADEPS pour l&rsquo;aller. Une bonne promenade revigorante dans des paysages glac\u00e9s. Sur place, ils ont exprim\u00e9 leur cr\u00e9ativit\u00e9 en r\u00e9alisant des mandalas \u00ab\u00a0nature\u00a0\u00bb et des prises de vue film\u00e9es ou photographi\u00e9es gr\u00e2ce aux tablettes de l&rsquo;\u00e9cole. Un bon feu de bois et des marshmallows ont r\u00e9chauff\u00e9 nos pieds et nos \u00e2mes. Au retour, le soleil nous a fait un timide coucou sur la fin de la boucle de 5 km. Quelle belle journ\u00e9e!<\/p>\n\n\n\n<figure class=\"wp-block-image\"><img loading=\"lazy\" decoding=\"async\" width=\"600\" height=\"292\" src=\"https:\/\/ecolecaritas.be\/new\/wp-content\/uploads\/2019\/11\/IMG-20191122-WA0001-600x292.jpg\" alt=\"\" class=\"wp-image-150854\" srcset=\"https:\/\/ecolecaritas.be\/new\/wp-content\/uploads\/2019\/11\/IMG-20191122-WA0001-600x292.jpg 600w, https:\/\/ecolecaritas.be\/new\/wp-content\/uploads\/2019\/11\/IMG-20191122-WA0001-300x146.jpg 300w, https:\/\/ecolecaritas.be\/new\/wp-content\/uploads\/2019\/11\/IMG-20191122-WA0001-768x373.jpg 768w, https:\/\/ecolecaritas.be\/new\/wp-content\/uploads\/2019\/11\/IMG-20191122-WA0001-1320x642.jpg 1320w, https:\/\/ecolecaritas.be\/new\/wp-content\/uploads\/2019\/11\/IMG-20191122-WA0001.jpg 1919w\" sizes=\"auto, (max-width: 600px) 100vw, 600px\" \/><\/figure>\n\n\n\n<figure class=\"wp-block-image\"><img loading=\"lazy\" decoding=\"async\" width=\"292\" height=\"600\" src=\"https:\/\/ecolecaritas.be\/new\/wp-content\/uploads\/2019\/11\/IMG-20191122-WA0002-292x600.jpg\" alt=\"\" class=\"wp-image-150855\" srcset=\"https:\/\/ecolecaritas.be\/new\/wp-content\/uploads\/2019\/11\/IMG-20191122-WA0002-292x600.jpg 292w, https:\/\/ecolecaritas.be\/new\/wp-content\/uploads\/2019\/11\/IMG-20191122-WA0002-146x300.jpg 146w, https:\/\/ecolecaritas.be\/new\/wp-content\/uploads\/2019\/11\/IMG-20191122-WA0002-768x1580.jpg 768w, https:\/\/ecolecaritas.be\/new\/wp-content\/uploads\/2019\/11\/IMG-20191122-WA0002-600x1234.jpg 600w, https:\/\/ecolecaritas.be\/new\/wp-content\/uploads\/2019\/11\/IMG-20191122-WA0002.jpg 933w\" sizes=\"auto, (max-width: 292px) 100vw, 292px\" \/><\/figure>\n\n\n\n<figure class=\"wp-block-image\"><img loading=\"lazy\" decoding=\"async\" width=\"600\" height=\"292\" src=\"https:\/\/ecolecaritas.be\/new\/wp-content\/uploads\/2019\/11\/IMG-20191122-WA0003-600x292.jpg\" alt=\"\" class=\"wp-image-150856\" srcset=\"https:\/\/ecolecaritas.be\/new\/wp-content\/uploads\/2019\/11\/IMG-20191122-WA0003-600x292.jpg 600w, https:\/\/ecolecaritas.be\/new\/wp-content\/uploads\/2019\/11\/IMG-20191122-WA0003-300x146.jpg 300w, https:\/\/ecolecaritas.be\/new\/wp-content\/uploads\/2019\/11\/IMG-20191122-WA0003-768x373.jpg 768w, https:\/\/ecolecaritas.be\/new\/wp-content\/uploads\/2019\/11\/IMG-20191122-WA0003-1320x642.jpg 1320w, https:\/\/ecolecaritas.be\/new\/wp-content\/uploads\/2019\/11\/IMG-20191122-WA0003.jpg 1919w\" sizes=\"auto, (max-width: 600px) 100vw, 600px\" \/><\/figure>\n\n\n\n<figure class=\"wp-block-image\"><img loading=\"lazy\" decoding=\"async\" width=\"600\" height=\"292\" src=\"https:\/\/ecolecaritas.be\/new\/wp-content\/uploads\/2019\/11\/IMG-20191122-WA0004-600x292.jpg\" alt=\"\" class=\"wp-image-150857\" srcset=\"https:\/\/ecolecaritas.be\/new\/wp-content\/uploads\/2019\/11\/IMG-20191122-WA0004-600x292.jpg 600w, https:\/\/ecolecaritas.be\/new\/wp-content\/uploads\/2019\/11\/IMG-20191122-WA0004-300x146.jpg 300w, https:\/\/ecolecaritas.be\/new\/wp-content\/uploads\/2019\/11\/IMG-20191122-WA0004-768x373.jpg 768w, https:\/\/ecolecaritas.be\/new\/wp-content\/uploads\/2019\/11\/IMG-20191122-WA0004-1320x642.jpg 1320w, https:\/\/ecolecaritas.be\/new\/wp-content\/uploads\/2019\/11\/IMG-20191122-WA0004.jpg 1919w\" sizes=\"auto, (max-width: 600px) 100vw, 600px\" \/><\/figure>\n\n\n\n<figure class=\"wp-block-image\"><img loading=\"lazy\" decoding=\"async\" width=\"600\" height=\"292\" src=\"https:\/\/ecolecaritas.be\/new\/wp-content\/uploads\/2019\/11\/IMG-20191122-WA0011-600x292.jpg\" alt=\"\" class=\"wp-image-150864\" srcset=\"https:\/\/ecolecaritas.be\/new\/wp-content\/uploads\/2019\/11\/IMG-20191122-WA0011-600x292.jpg 600w, https:\/\/ecolecaritas.be\/new\/wp-content\/uploads\/2019\/11\/IMG-20191122-WA0011-300x146.jpg 300w, https:\/\/ecolecaritas.be\/new\/wp-content\/uploads\/2019\/11\/IMG-20191122-WA0011-768x373.jpg 768w, https:\/\/ecolecaritas.be\/new\/wp-content\/uploads\/2019\/11\/IMG-20191122-WA0011-1320x642.jpg 1320w, https:\/\/ecolecaritas.be\/new\/wp-content\/uploads\/2019\/11\/IMG-20191122-WA0011.jpg 1919w\" sizes=\"auto, (max-width: 600px) 100vw, 600px\" \/><\/figure>\n\n\n\n<figure class=\"wp-block-image\"><img loading=\"lazy\" decoding=\"async\" width=\"292\" height=\"600\" src=\"https:\/\/ecolecaritas.be\/new\/wp-content\/uploads\/2019\/11\/IMG-20191122-WA0005-292x600.jpg\" alt=\"\" class=\"wp-image-150858\" srcset=\"https:\/\/ecolecaritas.be\/new\/wp-content\/uploads\/2019\/11\/IMG-20191122-WA0005-292x600.jpg 292w, https:\/\/ecolecaritas.be\/new\/wp-content\/uploads\/2019\/11\/IMG-20191122-WA0005-146x300.jpg 146w, https:\/\/ecolecaritas.be\/new\/wp-content\/uploads\/2019\/11\/IMG-20191122-WA0005-768x1580.jpg 768w, https:\/\/ecolecaritas.be\/new\/wp-content\/uploads\/2019\/11\/IMG-20191122-WA0005-600x1234.jpg 600w, https:\/\/ecolecaritas.be\/new\/wp-content\/uploads\/2019\/11\/IMG-20191122-WA0005.jpg 933w\" sizes=\"auto, (max-width: 292px) 100vw, 292px\" \/><\/figure>\n\n\n\n<figure class=\"wp-block-image\"><img loading=\"lazy\" decoding=\"async\" width=\"292\" height=\"600\" src=\"https:\/\/ecolecaritas.be\/new\/wp-content\/uploads\/2019\/11\/IMG-20191122-WA0010-292x600.jpg\" alt=\"\" class=\"wp-image-150863\" srcset=\"https:\/\/ecolecaritas.be\/new\/wp-content\/uploads\/2019\/11\/IMG-20191122-WA0010-292x600.jpg 292w, https:\/\/ecolecaritas.be\/new\/wp-content\/uploads\/2019\/11\/IMG-20191122-WA0010-146x300.jpg 146w, https:\/\/ecolecaritas.be\/new\/wp-content\/uploads\/2019\/11\/IMG-20191122-WA0010-768x1580.jpg 768w, https:\/\/ecolecaritas.be\/new\/wp-content\/uploads\/2019\/11\/IMG-20191122-WA0010-600x1234.jpg 600w, https:\/\/ecolecaritas.be\/new\/wp-content\/uploads\/2019\/11\/IMG-20191122-WA0010.jpg 933w\" sizes=\"auto, (max-width: 292px) 100vw, 292px\" \/><\/figure>\n\n\n\n<figure class=\"wp-block-image\"><img loading=\"lazy\" decoding=\"async\" width=\"600\" height=\"292\" src=\"https:\/\/ecolecaritas.be\/new\/wp-content\/uploads\/2019\/11\/IMG-20191122-WA0006-600x292.jpg\" alt=\"\" class=\"wp-image-150859\" srcset=\"https:\/\/ecolecaritas.be\/new\/wp-content\/uploads\/2019\/11\/IMG-20191122-WA0006-600x292.jpg 600w, https:\/\/ecolecaritas.be\/new\/wp-content\/uploads\/2019\/11\/IMG-20191122-WA0006-300x146.jpg 300w, https:\/\/ecolecaritas.be\/new\/wp-content\/uploads\/2019\/11\/IMG-20191122-WA0006-768x373.jpg 768w, https:\/\/ecolecaritas.be\/new\/wp-content\/uploads\/2019\/11\/IMG-20191122-WA0006-1320x642.jpg 1320w, https:\/\/ecolecaritas.be\/new\/wp-content\/uploads\/2019\/11\/IMG-20191122-WA0006.jpg 1919w\" sizes=\"auto, (max-width: 600px) 100vw, 600px\" \/><\/figure>\n\n\n\n<figure class=\"wp-block-image\"><img loading=\"lazy\" decoding=\"async\" width=\"600\" height=\"292\" src=\"https:\/\/ecolecaritas.be\/new\/wp-content\/uploads\/2019\/11\/IMG-20191122-WA0009-600x292.jpg\" alt=\"\" class=\"wp-image-150862\" srcset=\"https:\/\/ecolecaritas.be\/new\/wp-content\/uploads\/2019\/11\/IMG-20191122-WA0009-600x292.jpg 600w, https:\/\/ecolecaritas.be\/new\/wp-content\/uploads\/2019\/11\/IMG-20191122-WA0009-300x146.jpg 300w, https:\/\/ecolecaritas.be\/new\/wp-content\/uploads\/2019\/11\/IMG-20191122-WA0009-768x373.jpg 768w, https:\/\/ecolecaritas.be\/new\/wp-content\/uploads\/2019\/11\/IMG-20191122-WA0009-1320x642.jpg 1320w, https:\/\/ecolecaritas.be\/new\/wp-content\/uploads\/2019\/11\/IMG-20191122-WA0009.jpg 1919w\" sizes=\"auto, (max-width: 600px) 100vw, 600px\" \/><\/figure>\n\n\n\n<figure class=\"wp-block-image\"><img loading=\"lazy\" decoding=\"async\" width=\"292\" height=\"600\" src=\"https:\/\/ecolecaritas.be\/new\/wp-content\/uploads\/2019\/11\/IMG-20191122-WA0008-292x600.jpg\" alt=\"\" class=\"wp-image-150861\" srcset=\"https:\/\/ecolecaritas.be\/new\/wp-content\/uploads\/2019\/11\/IMG-20191122-WA0008-292x600.jpg 292w, https:\/\/ecolecaritas.be\/new\/wp-content\/uploads\/2019\/11\/IMG-20191122-WA0008-146x300.jpg 146w, https:\/\/ecolecaritas.be\/new\/wp-content\/uploads\/2019\/11\/IMG-20191122-WA0008-768x1580.jpg 768w, https:\/\/ecolecaritas.be\/new\/wp-content\/uploads\/2019\/11\/IMG-20191122-WA0008-600x1234.jpg 600w, https:\/\/ecolecaritas.be\/new\/wp-content\/uploads\/2019\/11\/IMG-20191122-WA0008.jpg 933w\" sizes=\"auto, (max-width: 292px) 100vw, 292px\" \/><\/figure>\n\n\n\n<figure class=\"wp-block-image\"><img loading=\"lazy\" decoding=\"async\" width=\"600\" height=\"292\" src=\"https:\/\/ecolecaritas.be\/new\/wp-content\/uploads\/2019\/11\/IMG-20191122-WA0007-600x292.jpg\" alt=\"\" class=\"wp-image-150860\" srcset=\"https:\/\/ecolecaritas.be\/new\/wp-content\/uploads\/2019\/11\/IMG-20191122-WA0007-600x292.jpg 600w, https:\/\/ecolecaritas.be\/new\/wp-content\/uploads\/2019\/11\/IMG-20191122-WA0007-300x146.jpg 300w, https:\/\/ecolecaritas.be\/new\/wp-content\/uploads\/2019\/11\/IMG-20191122-WA0007-768x373.jpg 768w, https:\/\/ecolecaritas.be\/new\/wp-content\/uploads\/2019\/11\/IMG-20191122-WA0007-1320x642.jpg 1320w, https:\/\/ecolecaritas.be\/new\/wp-content\/uploads\/2019\/11\/IMG-20191122-WA0007.jpg 1919w\" sizes=\"auto, (max-width: 600px) 100vw, 600px\" \/><\/figure>\n\n\n\n<figure class=\"wp-block-image\"><img loading=\"lazy\" decoding=\"async\" width=\"600\" height=\"600\" src=\"https:\/\/ecolecaritas.be\/new\/wp-content\/uploads\/2019\/11\/IMG-20191122-WA0012-600x600.jpg\" alt=\"\" class=\"wp-image-150865\" srcset=\"https:\/\/ecolecaritas.be\/new\/wp-content\/uploads\/2019\/11\/IMG-20191122-WA0012-600x600.jpg 600w, https:\/\/ecolecaritas.be\/new\/wp-content\/uploads\/2019\/11\/IMG-20191122-WA0012-150x150.jpg 150w, https:\/\/ecolecaritas.be\/new\/wp-content\/uploads\/2019\/11\/IMG-20191122-WA0012-300x300.jpg 300w, https:\/\/ecolecaritas.be\/new\/wp-content\/uploads\/2019\/11\/IMG-20191122-WA0012-768x768.jpg 768w, https:\/\/ecolecaritas.be\/new\/wp-content\/uploads\/2019\/11\/IMG-20191122-WA0012-500x500.jpg 500w, https:\/\/ecolecaritas.be\/new\/wp-content\/uploads\/2019\/11\/IMG-20191122-WA0012-400x400.jpg 400w, https:\/\/ecolecaritas.be\/new\/wp-content\/uploads\/2019\/11\/IMG-20191122-WA0012-1320x1320.jpg 1320w, https:\/\/ecolecaritas.be\/new\/wp-content\/uploads\/2019\/11\/IMG-20191122-WA0012.jpg 1920w\" sizes=\"auto, (max-width: 600px) 100vw, 600px\" \/><\/figure>\n","protected":false},"excerpt":{"rendered":"<div class=\"mh-excerpt\"><p>Par une temp\u00e9rature proche de 0\u00b0C, les 6PC se sont rendus sur le champ ce jeudi 21 novembre. Au programme : d\u00e9but de la boucle <a class=\"mh-excerpt-more\" href=\"https:\/\/ecolecaritas.be\/new\/sortie-dans-le-froid-ce-jeudi-21-novembre-pour-les-6pc\/\" title=\"Sortie dans le froid ce jeudi 21 novembre pour les 6PC.\">[&#8230;]<\/a><\/p>\n<\/div>","protected":false},"author":4,"featured_media":150853,"comment_status":"closed","ping_status":"closed","sticky":false,"template":"","format":"standard","meta":{"footnotes":""},"categories":[10],"tags":[],"class_list":["post-150867","post","type-post","status-publish","format-standard","has-post-thumbnail","hentry","category-p56"],"_links":{"self":[{"href":"https:\/\/ecolecaritas.be\/new\/wp-json\/wp\/v2\/posts\/150867","targetHints":{"allow":["GET"]}}],"collection":[{"href":"https:\/\/ecolecaritas.be\/new\/wp-json\/wp\/v2\/posts"}],"about":[{"href":"https:\/\/ecolecaritas.be\/new\/wp-json\/wp\/v2\/types\/post"}],"author":[{"embeddable":true,"href":"https:\/\/ecolecaritas.be\/new\/wp-json\/wp\/v2\/users\/4"}],"replies":[{"embeddable":true,"href":"https:\/\/ecolecaritas.be\/new\/wp-json\/wp\/v2\/comments?post=150867"}],"version-history":[{"count":5,"href":"https:\/\/ecolecaritas.be\/new\/wp-json\/wp\/v2\/posts\/150867\/revisions"}],"predecessor-version":[{"id":150873,"href":"https:\/\/ecolecaritas.be\/new\/wp-json\/wp\/v2\/posts\/150867\/revisions\/150873"}],"wp:featuredmedia":[{"embeddable":true,"href":"https:\/\/ecolecaritas.be\/new\/wp-json\/wp\/v2\/media\/150853"}],"wp:attachment":[{"href":"https:\/\/ecolecaritas.be\/new\/wp-json\/wp\/v2\/media?parent=150867"}],"wp:term":[{"taxonomy":"category","embeddable":true,"href":"https:\/\/ecolecaritas.be\/new\/wp-json\/wp\/v2\/categories?post=150867"},{"taxonomy":"post_tag","embeddable":true,"href":"https:\/\/ecolecaritas.be\/new\/wp-json\/wp\/v2\/tags?post=150867"}],"curies":[{"name":"wp","href":"https:\/\/api.w.org\/{rel}","templated":true}]}}