{"id":150895,"date":"2019-12-05T08:14:09","date_gmt":"2019-12-05T07:14:09","guid":{"rendered":"http:\/\/ecolecaritas.be\/new\/?p=150895"},"modified":"2019-12-05T08:14:09","modified_gmt":"2019-12-05T07:14:09","slug":"des-lettres-pour-saint-nicolas","status":"publish","type":"post","link":"https:\/\/ecolecaritas.be\/new\/des-lettres-pour-saint-nicolas\/","title":{"rendered":"Des lettres pour saint Nicolas."},"content":{"rendered":"\n<p>Vite vite&#8230; Il n&rsquo;est pas trop tard! Les P2 \u00e9crivent leur lettre \u00e0 saint Nicolas.  Beaucoup de pr\u00e9cision et d&rsquo;application pour r\u00e9diger cette pr\u00e9cieuse missive.  Quelle fiert\u00e9 de soi-m\u00eame la poster!<\/p>\n\n\n\n<figure class=\"wp-block-image\"><img loading=\"lazy\" decoding=\"async\" width=\"292\" height=\"600\" src=\"https:\/\/ecolecaritas.be\/new\/wp-content\/uploads\/2019\/12\/IMG-20191203-WA0000-292x600.jpg\" alt=\"\" class=\"wp-image-150897\" srcset=\"https:\/\/ecolecaritas.be\/new\/wp-content\/uploads\/2019\/12\/IMG-20191203-WA0000-292x600.jpg 292w, https:\/\/ecolecaritas.be\/new\/wp-content\/uploads\/2019\/12\/IMG-20191203-WA0000-146x300.jpg 146w, https:\/\/ecolecaritas.be\/new\/wp-content\/uploads\/2019\/12\/IMG-20191203-WA0000-768x1580.jpg 768w, https:\/\/ecolecaritas.be\/new\/wp-content\/uploads\/2019\/12\/IMG-20191203-WA0000-600x1234.jpg 600w, https:\/\/ecolecaritas.be\/new\/wp-content\/uploads\/2019\/12\/IMG-20191203-WA0000.jpg 933w\" sizes=\"auto, (max-width: 292px) 100vw, 292px\" \/><\/figure>\n\n\n\n<figure class=\"wp-block-image\"><img loading=\"lazy\" decoding=\"async\" width=\"292\" height=\"600\" src=\"https:\/\/ecolecaritas.be\/new\/wp-content\/uploads\/2019\/12\/IMG-20191203-WA0006-292x600.jpg\" alt=\"\" class=\"wp-image-150903\" srcset=\"https:\/\/ecolecaritas.be\/new\/wp-content\/uploads\/2019\/12\/IMG-20191203-WA0006-292x600.jpg 292w, https:\/\/ecolecaritas.be\/new\/wp-content\/uploads\/2019\/12\/IMG-20191203-WA0006-146x300.jpg 146w, https:\/\/ecolecaritas.be\/new\/wp-content\/uploads\/2019\/12\/IMG-20191203-WA0006-768x1580.jpg 768w, https:\/\/ecolecaritas.be\/new\/wp-content\/uploads\/2019\/12\/IMG-20191203-WA0006-600x1234.jpg 600w, https:\/\/ecolecaritas.be\/new\/wp-content\/uploads\/2019\/12\/IMG-20191203-WA0006.jpg 933w\" sizes=\"auto, (max-width: 292px) 100vw, 292px\" \/><\/figure>\n\n\n\n<figure class=\"wp-block-image\"><img loading=\"lazy\" decoding=\"async\" width=\"600\" height=\"292\" src=\"https:\/\/ecolecaritas.be\/new\/wp-content\/uploads\/2019\/12\/IMG-20191203-WA0005-600x292.jpg\" alt=\"\" class=\"wp-image-150902\" srcset=\"https:\/\/ecolecaritas.be\/new\/wp-content\/uploads\/2019\/12\/IMG-20191203-WA0005-600x292.jpg 600w, https:\/\/ecolecaritas.be\/new\/wp-content\/uploads\/2019\/12\/IMG-20191203-WA0005-300x146.jpg 300w, https:\/\/ecolecaritas.be\/new\/wp-content\/uploads\/2019\/12\/IMG-20191203-WA0005-768x373.jpg 768w, https:\/\/ecolecaritas.be\/new\/wp-content\/uploads\/2019\/12\/IMG-20191203-WA0005-1320x642.jpg 1320w, https:\/\/ecolecaritas.be\/new\/wp-content\/uploads\/2019\/12\/IMG-20191203-WA0005.jpg 1919w\" sizes=\"auto, (max-width: 600px) 100vw, 600px\" \/><\/figure>\n\n\n\n<figure class=\"wp-block-image\"><img loading=\"lazy\" decoding=\"async\" width=\"600\" height=\"292\" src=\"https:\/\/ecolecaritas.be\/new\/wp-content\/uploads\/2019\/12\/IMG-20191203-WA0004-600x292.jpg\" alt=\"\" class=\"wp-image-150901\" srcset=\"https:\/\/ecolecaritas.be\/new\/wp-content\/uploads\/2019\/12\/IMG-20191203-WA0004-600x292.jpg 600w, https:\/\/ecolecaritas.be\/new\/wp-content\/uploads\/2019\/12\/IMG-20191203-WA0004-300x146.jpg 300w, https:\/\/ecolecaritas.be\/new\/wp-content\/uploads\/2019\/12\/IMG-20191203-WA0004-768x373.jpg 768w, https:\/\/ecolecaritas.be\/new\/wp-content\/uploads\/2019\/12\/IMG-20191203-WA0004-1320x642.jpg 1320w, https:\/\/ecolecaritas.be\/new\/wp-content\/uploads\/2019\/12\/IMG-20191203-WA0004.jpg 1919w\" sizes=\"auto, (max-width: 600px) 100vw, 600px\" \/><\/figure>\n\n\n\n<figure class=\"wp-block-image\"><img loading=\"lazy\" decoding=\"async\" width=\"600\" height=\"292\" src=\"https:\/\/ecolecaritas.be\/new\/wp-content\/uploads\/2019\/12\/IMG-20191203-WA0002-600x292.jpg\" alt=\"\" class=\"wp-image-150899\" srcset=\"https:\/\/ecolecaritas.be\/new\/wp-content\/uploads\/2019\/12\/IMG-20191203-WA0002-600x292.jpg 600w, https:\/\/ecolecaritas.be\/new\/wp-content\/uploads\/2019\/12\/IMG-20191203-WA0002-300x146.jpg 300w, https:\/\/ecolecaritas.be\/new\/wp-content\/uploads\/2019\/12\/IMG-20191203-WA0002-768x373.jpg 768w, https:\/\/ecolecaritas.be\/new\/wp-content\/uploads\/2019\/12\/IMG-20191203-WA0002-1320x642.jpg 1320w, https:\/\/ecolecaritas.be\/new\/wp-content\/uploads\/2019\/12\/IMG-20191203-WA0002.jpg 1919w\" sizes=\"auto, (max-width: 600px) 100vw, 600px\" \/><\/figure>\n\n\n\n<figure class=\"wp-block-image\"><img loading=\"lazy\" decoding=\"async\" width=\"600\" height=\"292\" src=\"https:\/\/ecolecaritas.be\/new\/wp-content\/uploads\/2019\/12\/IMG-20191203-WA0001-600x292.jpg\" alt=\"\" class=\"wp-image-150898\" srcset=\"https:\/\/ecolecaritas.be\/new\/wp-content\/uploads\/2019\/12\/IMG-20191203-WA0001-600x292.jpg 600w, https:\/\/ecolecaritas.be\/new\/wp-content\/uploads\/2019\/12\/IMG-20191203-WA0001-300x146.jpg 300w, https:\/\/ecolecaritas.be\/new\/wp-content\/uploads\/2019\/12\/IMG-20191203-WA0001-768x373.jpg 768w, https:\/\/ecolecaritas.be\/new\/wp-content\/uploads\/2019\/12\/IMG-20191203-WA0001-1320x642.jpg 1320w, https:\/\/ecolecaritas.be\/new\/wp-content\/uploads\/2019\/12\/IMG-20191203-WA0001.jpg 1919w\" sizes=\"auto, (max-width: 600px) 100vw, 600px\" \/><\/figure>\n","protected":false},"excerpt":{"rendered":"<div class=\"mh-excerpt\"><p>Vite vite&#8230; Il n&rsquo;est pas trop tard! Les P2 \u00e9crivent leur lettre \u00e0 saint Nicolas. Beaucoup de pr\u00e9cision et d&rsquo;application pour r\u00e9diger cette pr\u00e9cieuse missive. <a class=\"mh-excerpt-more\" href=\"https:\/\/ecolecaritas.be\/new\/des-lettres-pour-saint-nicolas\/\" title=\"Des lettres pour saint Nicolas.\">[&#8230;]<\/a><\/p>\n<\/div>","protected":false},"author":4,"featured_media":150900,"comment_status":"closed","ping_status":"closed","sticky":false,"template":"","format":"standard","meta":{"footnotes":""},"categories":[8],"tags":[],"class_list":["post-150895","post","type-post","status-publish","format-standard","has-post-thumbnail","hentry","category-p12"],"_links":{"self":[{"href":"https:\/\/ecolecaritas.be\/new\/wp-json\/wp\/v2\/posts\/150895","targetHints":{"allow":["GET"]}}],"collection":[{"href":"https:\/\/ecolecaritas.be\/new\/wp-json\/wp\/v2\/posts"}],"about":[{"href":"https:\/\/ecolecaritas.be\/new\/wp-json\/wp\/v2\/types\/post"}],"author":[{"embeddable":true,"href":"https:\/\/ecolecaritas.be\/new\/wp-json\/wp\/v2\/users\/4"}],"replies":[{"embeddable":true,"href":"https:\/\/ecolecaritas.be\/new\/wp-json\/wp\/v2\/comments?post=150895"}],"version-history":[{"count":4,"href":"https:\/\/ecolecaritas.be\/new\/wp-json\/wp\/v2\/posts\/150895\/revisions"}],"predecessor-version":[{"id":150907,"href":"https:\/\/ecolecaritas.be\/new\/wp-json\/wp\/v2\/posts\/150895\/revisions\/150907"}],"wp:featuredmedia":[{"embeddable":true,"href":"https:\/\/ecolecaritas.be\/new\/wp-json\/wp\/v2\/media\/150900"}],"wp:attachment":[{"href":"https:\/\/ecolecaritas.be\/new\/wp-json\/wp\/v2\/media?parent=150895"}],"wp:term":[{"taxonomy":"category","embeddable":true,"href":"https:\/\/ecolecaritas.be\/new\/wp-json\/wp\/v2\/categories?post=150895"},{"taxonomy":"post_tag","embeddable":true,"href":"https:\/\/ecolecaritas.be\/new\/wp-json\/wp\/v2\/tags?post=150895"}],"curies":[{"name":"wp","href":"https:\/\/api.w.org\/{rel}","templated":true}]}}