{"id":150914,"date":"2019-12-06T14:52:23","date_gmt":"2019-12-06T13:52:23","guid":{"rendered":"http:\/\/ecolecaritas.be\/new\/?p=150914"},"modified":"2019-12-06T14:52:23","modified_gmt":"2019-12-06T13:52:23","slug":"reportage-tvcom-a-caritas","status":"publish","type":"post","link":"https:\/\/ecolecaritas.be\/new\/reportage-tvcom-a-caritas\/","title":{"rendered":"Reportage TVcom \u00e0 Caritas"},"content":{"rendered":"\n<p>Ce jeudi 5 d\u00e9cembre, c&rsquo;\u00e9tait la journ\u00e9e internationale du volontariat. A cette occasion, TVcom a tourn\u00e9 des capsules vid\u00e9os mettant \u00e0 l&rsquo;honneur diff\u00e9rents types d&rsquo;engagement b\u00e9n\u00e9vole.<\/p>\n\n\n\n<p>Via le lien suivant, vous acc\u00e9derez \u00e0 l&rsquo;\u00e9mission EducaBW. La capsule concernant Caritas commence environ \u00e0 6&rsquo;20.<\/p>\n\n\n\n<p><a href=\"https:\/\/www.tvcom.be\/video\/sociye-tye-\/educa-bw-helene-gadisseux-gal-culturalite-en-hesbaye-brabanconne_25249_390.html\">https:\/\/www.tvcom.be\/video\/sociye-tye-\/educa-bw-helene-gadisseux-gal-culturalite-en-hesbaye-brabanconne_25249_390.html<\/a><\/p>\n","protected":false},"excerpt":{"rendered":"<div class=\"mh-excerpt\"><p>Ce jeudi 5 d\u00e9cembre, c&rsquo;\u00e9tait la journ\u00e9e internationale du volontariat. A cette occasion, TVcom a tourn\u00e9 des capsules vid\u00e9os mettant \u00e0 l&rsquo;honneur diff\u00e9rents types d&rsquo;engagement <a class=\"mh-excerpt-more\" href=\"https:\/\/ecolecaritas.be\/new\/reportage-tvcom-a-caritas\/\" title=\"Reportage TVcom \u00e0 Caritas\">[&#8230;]<\/a><\/p>\n<\/div>","protected":false},"author":4,"featured_media":150915,"comment_status":"closed","ping_status":"closed","sticky":false,"template":"","format":"standard","meta":{"footnotes":""},"categories":[3,7,8],"tags":[],"class_list":["post-150914","post","type-post","status-publish","format-standard","has-post-thumbnail","hentry","category-accueil","category-mat","category-p12"],"_links":{"self":[{"href":"https:\/\/ecolecaritas.be\/new\/wp-json\/wp\/v2\/posts\/150914","targetHints":{"allow":["GET"]}}],"collection":[{"href":"https:\/\/ecolecaritas.be\/new\/wp-json\/wp\/v2\/posts"}],"about":[{"href":"https:\/\/ecolecaritas.be\/new\/wp-json\/wp\/v2\/types\/post"}],"author":[{"embeddable":true,"href":"https:\/\/ecolecaritas.be\/new\/wp-json\/wp\/v2\/users\/4"}],"replies":[{"embeddable":true,"href":"https:\/\/ecolecaritas.be\/new\/wp-json\/wp\/v2\/comments?post=150914"}],"version-history":[{"count":1,"href":"https:\/\/ecolecaritas.be\/new\/wp-json\/wp\/v2\/posts\/150914\/revisions"}],"predecessor-version":[{"id":150916,"href":"https:\/\/ecolecaritas.be\/new\/wp-json\/wp\/v2\/posts\/150914\/revisions\/150916"}],"wp:featuredmedia":[{"embeddable":true,"href":"https:\/\/ecolecaritas.be\/new\/wp-json\/wp\/v2\/media\/150915"}],"wp:attachment":[{"href":"https:\/\/ecolecaritas.be\/new\/wp-json\/wp\/v2\/media?parent=150914"}],"wp:term":[{"taxonomy":"category","embeddable":true,"href":"https:\/\/ecolecaritas.be\/new\/wp-json\/wp\/v2\/categories?post=150914"},{"taxonomy":"post_tag","embeddable":true,"href":"https:\/\/ecolecaritas.be\/new\/wp-json\/wp\/v2\/tags?post=150914"}],"curies":[{"name":"wp","href":"https:\/\/api.w.org\/{rel}","templated":true}]}}