{"id":150964,"date":"2019-12-13T07:56:34","date_gmt":"2019-12-13T06:56:34","guid":{"rendered":"http:\/\/ecolecaritas.be\/new\/?p=150964"},"modified":"2019-12-13T07:56:34","modified_gmt":"2019-12-13T06:56:34","slug":"les-classes-sportives-m3-et-p1","status":"publish","type":"post","link":"https:\/\/ecolecaritas.be\/new\/les-classes-sportives-m3-et-p1\/","title":{"rendered":"Les classes sportives M3 et P1"},"content":{"rendered":"\n<p>Du 9 au 11 d\u00e9cembre 2019, nous avons pu vivre trois jours inoubliables en classes sportives \u00e0 Louvain-La-Neuve.  Nous avons d\u00e9couvert plein de sports diff\u00e9rents et mang\u00e9 comme des ogres! Nous avons m\u00eame fait du sport sur la nouvelle piste d&rsquo;athl\u00e9tisme \u00ab\u00a0professionnelle\u00a0\u00bb!<\/p>\n\n\n\n<figure class=\"wp-block-image\"><img loading=\"lazy\" decoding=\"async\" width=\"600\" height=\"338\" src=\"https:\/\/ecolecaritas.be\/new\/wp-content\/uploads\/2019\/12\/IMG-20191210-WA0046-600x338.jpg\" alt=\"\" class=\"wp-image-150963\" srcset=\"https:\/\/ecolecaritas.be\/new\/wp-content\/uploads\/2019\/12\/IMG-20191210-WA0046-600x338.jpg 600w, https:\/\/ecolecaritas.be\/new\/wp-content\/uploads\/2019\/12\/IMG-20191210-WA0046-300x169.jpg 300w, https:\/\/ecolecaritas.be\/new\/wp-content\/uploads\/2019\/12\/IMG-20191210-WA0046-768x432.jpg 768w, https:\/\/ecolecaritas.be\/new\/wp-content\/uploads\/2019\/12\/IMG-20191210-WA0046-678x381.jpg 678w, https:\/\/ecolecaritas.be\/new\/wp-content\/uploads\/2019\/12\/IMG-20191210-WA0046-1320x743.jpg 1320w, https:\/\/ecolecaritas.be\/new\/wp-content\/uploads\/2019\/12\/IMG-20191210-WA0046.jpg 1920w\" sizes=\"auto, (max-width: 600px) 100vw, 600px\" \/><\/figure>\n\n\n\n<figure class=\"wp-block-image\"><img loading=\"lazy\" decoding=\"async\" width=\"600\" height=\"338\" src=\"https:\/\/ecolecaritas.be\/new\/wp-content\/uploads\/2019\/12\/IMG-20191210-WA0045-600x338.jpg\" alt=\"\" class=\"wp-image-150962\" srcset=\"https:\/\/ecolecaritas.be\/new\/wp-content\/uploads\/2019\/12\/IMG-20191210-WA0045-600x338.jpg 600w, https:\/\/ecolecaritas.be\/new\/wp-content\/uploads\/2019\/12\/IMG-20191210-WA0045-300x169.jpg 300w, https:\/\/ecolecaritas.be\/new\/wp-content\/uploads\/2019\/12\/IMG-20191210-WA0045-768x432.jpg 768w, https:\/\/ecolecaritas.be\/new\/wp-content\/uploads\/2019\/12\/IMG-20191210-WA0045-678x381.jpg 678w, https:\/\/ecolecaritas.be\/new\/wp-content\/uploads\/2019\/12\/IMG-20191210-WA0045-1320x743.jpg 1320w, https:\/\/ecolecaritas.be\/new\/wp-content\/uploads\/2019\/12\/IMG-20191210-WA0045.jpg 1920w\" sizes=\"auto, (max-width: 600px) 100vw, 600px\" \/><\/figure>\n\n\n\n<figure class=\"wp-block-image\"><img loading=\"lazy\" decoding=\"async\" width=\"600\" height=\"338\" src=\"https:\/\/ecolecaritas.be\/new\/wp-content\/uploads\/2019\/12\/IMG-20191210-WA0041-600x338.jpg\" alt=\"\" class=\"wp-image-150958\" srcset=\"https:\/\/ecolecaritas.be\/new\/wp-content\/uploads\/2019\/12\/IMG-20191210-WA0041-600x338.jpg 600w, https:\/\/ecolecaritas.be\/new\/wp-content\/uploads\/2019\/12\/IMG-20191210-WA0041-300x169.jpg 300w, https:\/\/ecolecaritas.be\/new\/wp-content\/uploads\/2019\/12\/IMG-20191210-WA0041-768x432.jpg 768w, https:\/\/ecolecaritas.be\/new\/wp-content\/uploads\/2019\/12\/IMG-20191210-WA0041-678x381.jpg 678w, https:\/\/ecolecaritas.be\/new\/wp-content\/uploads\/2019\/12\/IMG-20191210-WA0041-1320x743.jpg 1320w, https:\/\/ecolecaritas.be\/new\/wp-content\/uploads\/2019\/12\/IMG-20191210-WA0041.jpg 1920w\" sizes=\"auto, (max-width: 600px) 100vw, 600px\" \/><\/figure>\n\n\n\n<figure class=\"wp-block-image\"><img loading=\"lazy\" decoding=\"async\" width=\"600\" height=\"338\" src=\"https:\/\/ecolecaritas.be\/new\/wp-content\/uploads\/2019\/12\/IMG-20191210-WA0037-600x338.jpg\" alt=\"\" class=\"wp-image-150954\" srcset=\"https:\/\/ecolecaritas.be\/new\/wp-content\/uploads\/2019\/12\/IMG-20191210-WA0037-600x338.jpg 600w, https:\/\/ecolecaritas.be\/new\/wp-content\/uploads\/2019\/12\/IMG-20191210-WA0037-300x169.jpg 300w, https:\/\/ecolecaritas.be\/new\/wp-content\/uploads\/2019\/12\/IMG-20191210-WA0037-768x432.jpg 768w, https:\/\/ecolecaritas.be\/new\/wp-content\/uploads\/2019\/12\/IMG-20191210-WA0037-678x381.jpg 678w, https:\/\/ecolecaritas.be\/new\/wp-content\/uploads\/2019\/12\/IMG-20191210-WA0037-1320x743.jpg 1320w, https:\/\/ecolecaritas.be\/new\/wp-content\/uploads\/2019\/12\/IMG-20191210-WA0037.jpg 1920w\" sizes=\"auto, (max-width: 600px) 100vw, 600px\" \/><\/figure>\n\n\n\n<figure class=\"wp-block-image\"><img loading=\"lazy\" decoding=\"async\" width=\"600\" height=\"338\" src=\"https:\/\/ecolecaritas.be\/new\/wp-content\/uploads\/2019\/12\/IMG-20191210-WA0035-600x338.jpg\" alt=\"\" class=\"wp-image-150952\" srcset=\"https:\/\/ecolecaritas.be\/new\/wp-content\/uploads\/2019\/12\/IMG-20191210-WA0035-600x338.jpg 600w, https:\/\/ecolecaritas.be\/new\/wp-content\/uploads\/2019\/12\/IMG-20191210-WA0035-300x169.jpg 300w, https:\/\/ecolecaritas.be\/new\/wp-content\/uploads\/2019\/12\/IMG-20191210-WA0035-768x432.jpg 768w, https:\/\/ecolecaritas.be\/new\/wp-content\/uploads\/2019\/12\/IMG-20191210-WA0035-678x381.jpg 678w, https:\/\/ecolecaritas.be\/new\/wp-content\/uploads\/2019\/12\/IMG-20191210-WA0035-1320x743.jpg 1320w, https:\/\/ecolecaritas.be\/new\/wp-content\/uploads\/2019\/12\/IMG-20191210-WA0035.jpg 1920w\" sizes=\"auto, (max-width: 600px) 100vw, 600px\" \/><\/figure>\n\n\n\n<figure class=\"wp-block-image\"><img loading=\"lazy\" decoding=\"async\" width=\"600\" height=\"338\" src=\"https:\/\/ecolecaritas.be\/new\/wp-content\/uploads\/2019\/12\/IMG-20191210-WA0031-600x338.jpg\" alt=\"\" class=\"wp-image-150948\" srcset=\"https:\/\/ecolecaritas.be\/new\/wp-content\/uploads\/2019\/12\/IMG-20191210-WA0031-600x338.jpg 600w, https:\/\/ecolecaritas.be\/new\/wp-content\/uploads\/2019\/12\/IMG-20191210-WA0031-300x169.jpg 300w, https:\/\/ecolecaritas.be\/new\/wp-content\/uploads\/2019\/12\/IMG-20191210-WA0031-768x432.jpg 768w, https:\/\/ecolecaritas.be\/new\/wp-content\/uploads\/2019\/12\/IMG-20191210-WA0031-678x381.jpg 678w, https:\/\/ecolecaritas.be\/new\/wp-content\/uploads\/2019\/12\/IMG-20191210-WA0031-1320x743.jpg 1320w, https:\/\/ecolecaritas.be\/new\/wp-content\/uploads\/2019\/12\/IMG-20191210-WA0031.jpg 1920w\" sizes=\"auto, (max-width: 600px) 100vw, 600px\" \/><\/figure>\n\n\n\n<figure class=\"wp-block-image\"><img loading=\"lazy\" decoding=\"async\" width=\"600\" height=\"338\" src=\"https:\/\/ecolecaritas.be\/new\/wp-content\/uploads\/2019\/12\/IMG-20191210-WA0029-600x338.jpg\" alt=\"\" class=\"wp-image-150946\" srcset=\"https:\/\/ecolecaritas.be\/new\/wp-content\/uploads\/2019\/12\/IMG-20191210-WA0029-600x338.jpg 600w, https:\/\/ecolecaritas.be\/new\/wp-content\/uploads\/2019\/12\/IMG-20191210-WA0029-300x169.jpg 300w, https:\/\/ecolecaritas.be\/new\/wp-content\/uploads\/2019\/12\/IMG-20191210-WA0029-768x432.jpg 768w, https:\/\/ecolecaritas.be\/new\/wp-content\/uploads\/2019\/12\/IMG-20191210-WA0029-678x381.jpg 678w, https:\/\/ecolecaritas.be\/new\/wp-content\/uploads\/2019\/12\/IMG-20191210-WA0029-1320x743.jpg 1320w, https:\/\/ecolecaritas.be\/new\/wp-content\/uploads\/2019\/12\/IMG-20191210-WA0029.jpg 1920w\" sizes=\"auto, (max-width: 600px) 100vw, 600px\" \/><\/figure>\n\n\n\n<figure class=\"wp-block-image\"><img loading=\"lazy\" decoding=\"async\" width=\"600\" height=\"338\" src=\"https:\/\/ecolecaritas.be\/new\/wp-content\/uploads\/2019\/12\/IMG-20191210-WA0008-600x338.jpg\" alt=\"\" class=\"wp-image-150925\" srcset=\"https:\/\/ecolecaritas.be\/new\/wp-content\/uploads\/2019\/12\/IMG-20191210-WA0008-600x338.jpg 600w, https:\/\/ecolecaritas.be\/new\/wp-content\/uploads\/2019\/12\/IMG-20191210-WA0008-300x169.jpg 300w, https:\/\/ecolecaritas.be\/new\/wp-content\/uploads\/2019\/12\/IMG-20191210-WA0008-768x432.jpg 768w, https:\/\/ecolecaritas.be\/new\/wp-content\/uploads\/2019\/12\/IMG-20191210-WA0008-678x381.jpg 678w, https:\/\/ecolecaritas.be\/new\/wp-content\/uploads\/2019\/12\/IMG-20191210-WA0008-1320x743.jpg 1320w, https:\/\/ecolecaritas.be\/new\/wp-content\/uploads\/2019\/12\/IMG-20191210-WA0008.jpg 1920w\" sizes=\"auto, (max-width: 600px) 100vw, 600px\" \/><\/figure>\n\n\n\n<figure class=\"wp-block-image\"><img loading=\"lazy\" decoding=\"async\" width=\"600\" height=\"338\" src=\"https:\/\/ecolecaritas.be\/new\/wp-content\/uploads\/2019\/12\/IMG-20191210-WA0005-600x338.jpg\" alt=\"\" class=\"wp-image-150922\" srcset=\"https:\/\/ecolecaritas.be\/new\/wp-content\/uploads\/2019\/12\/IMG-20191210-WA0005-600x338.jpg 600w, https:\/\/ecolecaritas.be\/new\/wp-content\/uploads\/2019\/12\/IMG-20191210-WA0005-300x169.jpg 300w, https:\/\/ecolecaritas.be\/new\/wp-content\/uploads\/2019\/12\/IMG-20191210-WA0005-768x432.jpg 768w, https:\/\/ecolecaritas.be\/new\/wp-content\/uploads\/2019\/12\/IMG-20191210-WA0005-678x381.jpg 678w, https:\/\/ecolecaritas.be\/new\/wp-content\/uploads\/2019\/12\/IMG-20191210-WA0005-1320x743.jpg 1320w, https:\/\/ecolecaritas.be\/new\/wp-content\/uploads\/2019\/12\/IMG-20191210-WA0005.jpg 1920w\" sizes=\"auto, (max-width: 600px) 100vw, 600px\" \/><\/figure>\n\n\n\n<figure class=\"wp-block-image\"><img loading=\"lazy\" decoding=\"async\" width=\"600\" height=\"338\" src=\"https:\/\/ecolecaritas.be\/new\/wp-content\/uploads\/2019\/12\/IMG-20191210-WA0015-600x338.jpg\" alt=\"\" class=\"wp-image-150932\" srcset=\"https:\/\/ecolecaritas.be\/new\/wp-content\/uploads\/2019\/12\/IMG-20191210-WA0015-600x338.jpg 600w, https:\/\/ecolecaritas.be\/new\/wp-content\/uploads\/2019\/12\/IMG-20191210-WA0015-300x169.jpg 300w, https:\/\/ecolecaritas.be\/new\/wp-content\/uploads\/2019\/12\/IMG-20191210-WA0015-768x432.jpg 768w, https:\/\/ecolecaritas.be\/new\/wp-content\/uploads\/2019\/12\/IMG-20191210-WA0015-678x381.jpg 678w, https:\/\/ecolecaritas.be\/new\/wp-content\/uploads\/2019\/12\/IMG-20191210-WA0015-1320x743.jpg 1320w, https:\/\/ecolecaritas.be\/new\/wp-content\/uploads\/2019\/12\/IMG-20191210-WA0015.jpg 1920w\" sizes=\"auto, (max-width: 600px) 100vw, 600px\" \/><\/figure>\n\n\n\n<figure class=\"wp-block-image\"><img loading=\"lazy\" decoding=\"async\" width=\"600\" height=\"338\" src=\"https:\/\/ecolecaritas.be\/new\/wp-content\/uploads\/2019\/12\/IMG-20191210-WA0027-600x338.jpg\" alt=\"\" class=\"wp-image-150944\" srcset=\"https:\/\/ecolecaritas.be\/new\/wp-content\/uploads\/2019\/12\/IMG-20191210-WA0027-600x338.jpg 600w, https:\/\/ecolecaritas.be\/new\/wp-content\/uploads\/2019\/12\/IMG-20191210-WA0027-300x169.jpg 300w, https:\/\/ecolecaritas.be\/new\/wp-content\/uploads\/2019\/12\/IMG-20191210-WA0027-768x432.jpg 768w, https:\/\/ecolecaritas.be\/new\/wp-content\/uploads\/2019\/12\/IMG-20191210-WA0027-678x381.jpg 678w, https:\/\/ecolecaritas.be\/new\/wp-content\/uploads\/2019\/12\/IMG-20191210-WA0027-1320x743.jpg 1320w, https:\/\/ecolecaritas.be\/new\/wp-content\/uploads\/2019\/12\/IMG-20191210-WA0027.jpg 1920w\" sizes=\"auto, (max-width: 600px) 100vw, 600px\" \/><\/figure>\n\n\n\n<figure class=\"wp-block-image\"><img loading=\"lazy\" decoding=\"async\" width=\"600\" height=\"338\" src=\"https:\/\/ecolecaritas.be\/new\/wp-content\/uploads\/2019\/12\/IMG-20191210-WA0010-600x338.jpg\" alt=\"\" class=\"wp-image-150927\" srcset=\"https:\/\/ecolecaritas.be\/new\/wp-content\/uploads\/2019\/12\/IMG-20191210-WA0010-600x338.jpg 600w, https:\/\/ecolecaritas.be\/new\/wp-content\/uploads\/2019\/12\/IMG-20191210-WA0010-300x169.jpg 300w, https:\/\/ecolecaritas.be\/new\/wp-content\/uploads\/2019\/12\/IMG-20191210-WA0010-768x432.jpg 768w, https:\/\/ecolecaritas.be\/new\/wp-content\/uploads\/2019\/12\/IMG-20191210-WA0010-678x381.jpg 678w, https:\/\/ecolecaritas.be\/new\/wp-content\/uploads\/2019\/12\/IMG-20191210-WA0010-1320x743.jpg 1320w, https:\/\/ecolecaritas.be\/new\/wp-content\/uploads\/2019\/12\/IMG-20191210-WA0010.jpg 1920w\" sizes=\"auto, (max-width: 600px) 100vw, 600px\" \/><\/figure>\n\n\n\n<figure class=\"wp-block-image\"><img loading=\"lazy\" decoding=\"async\" width=\"450\" height=\"600\" src=\"https:\/\/ecolecaritas.be\/new\/wp-content\/uploads\/2019\/12\/IMG-20191212-WA0009-450x600.jpg\" alt=\"\" class=\"wp-image-150976\" srcset=\"https:\/\/ecolecaritas.be\/new\/wp-content\/uploads\/2019\/12\/IMG-20191212-WA0009-450x600.jpg 450w, https:\/\/ecolecaritas.be\/new\/wp-content\/uploads\/2019\/12\/IMG-20191212-WA0009-225x300.jpg 225w, https:\/\/ecolecaritas.be\/new\/wp-content\/uploads\/2019\/12\/IMG-20191212-WA0009-768x1024.jpg 768w, https:\/\/ecolecaritas.be\/new\/wp-content\/uploads\/2019\/12\/IMG-20191212-WA0009-600x800.jpg 600w, https:\/\/ecolecaritas.be\/new\/wp-content\/uploads\/2019\/12\/IMG-20191212-WA0009-1320x1760.jpg 1320w, https:\/\/ecolecaritas.be\/new\/wp-content\/uploads\/2019\/12\/IMG-20191212-WA0009.jpg 1439w\" sizes=\"auto, (max-width: 450px) 100vw, 450px\" \/><\/figure>\n\n\n\n<figure class=\"wp-block-image\"><img loading=\"lazy\" decoding=\"async\" width=\"450\" height=\"600\" src=\"https:\/\/ecolecaritas.be\/new\/wp-content\/uploads\/2019\/12\/IMG-20191212-WA0007-450x600.jpg\" alt=\"\" class=\"wp-image-150974\" srcset=\"https:\/\/ecolecaritas.be\/new\/wp-content\/uploads\/2019\/12\/IMG-20191212-WA0007-450x600.jpg 450w, https:\/\/ecolecaritas.be\/new\/wp-content\/uploads\/2019\/12\/IMG-20191212-WA0007-225x300.jpg 225w, https:\/\/ecolecaritas.be\/new\/wp-content\/uploads\/2019\/12\/IMG-20191212-WA0007-768x1024.jpg 768w, https:\/\/ecolecaritas.be\/new\/wp-content\/uploads\/2019\/12\/IMG-20191212-WA0007-600x800.jpg 600w, https:\/\/ecolecaritas.be\/new\/wp-content\/uploads\/2019\/12\/IMG-20191212-WA0007-1320x1760.jpg 1320w, https:\/\/ecolecaritas.be\/new\/wp-content\/uploads\/2019\/12\/IMG-20191212-WA0007.jpg 1439w\" sizes=\"auto, (max-width: 450px) 100vw, 450px\" \/><\/figure>\n\n\n\n<figure class=\"wp-block-image\"><img loading=\"lazy\" decoding=\"async\" width=\"450\" height=\"600\" src=\"https:\/\/ecolecaritas.be\/new\/wp-content\/uploads\/2019\/12\/IMG-20191212-WA0006-450x600.jpg\" alt=\"\" class=\"wp-image-150973\" srcset=\"https:\/\/ecolecaritas.be\/new\/wp-content\/uploads\/2019\/12\/IMG-20191212-WA0006-450x600.jpg 450w, https:\/\/ecolecaritas.be\/new\/wp-content\/uploads\/2019\/12\/IMG-20191212-WA0006-225x300.jpg 225w, https:\/\/ecolecaritas.be\/new\/wp-content\/uploads\/2019\/12\/IMG-20191212-WA0006-768x1024.jpg 768w, https:\/\/ecolecaritas.be\/new\/wp-content\/uploads\/2019\/12\/IMG-20191212-WA0006-600x800.jpg 600w, https:\/\/ecolecaritas.be\/new\/wp-content\/uploads\/2019\/12\/IMG-20191212-WA0006-1320x1760.jpg 1320w, https:\/\/ecolecaritas.be\/new\/wp-content\/uploads\/2019\/12\/IMG-20191212-WA0006.jpg 1439w\" sizes=\"auto, (max-width: 450px) 100vw, 450px\" \/><\/figure>\n\n\n\n<figure class=\"wp-block-image\"><img loading=\"lazy\" decoding=\"async\" width=\"450\" height=\"600\" src=\"https:\/\/ecolecaritas.be\/new\/wp-content\/uploads\/2019\/12\/IMG-20191212-WA0005-450x600.jpg\" alt=\"\" class=\"wp-image-150972\" srcset=\"https:\/\/ecolecaritas.be\/new\/wp-content\/uploads\/2019\/12\/IMG-20191212-WA0005-450x600.jpg 450w, https:\/\/ecolecaritas.be\/new\/wp-content\/uploads\/2019\/12\/IMG-20191212-WA0005-225x300.jpg 225w, https:\/\/ecolecaritas.be\/new\/wp-content\/uploads\/2019\/12\/IMG-20191212-WA0005-768x1024.jpg 768w, https:\/\/ecolecaritas.be\/new\/wp-content\/uploads\/2019\/12\/IMG-20191212-WA0005-600x800.jpg 600w, https:\/\/ecolecaritas.be\/new\/wp-content\/uploads\/2019\/12\/IMG-20191212-WA0005-1320x1760.jpg 1320w, https:\/\/ecolecaritas.be\/new\/wp-content\/uploads\/2019\/12\/IMG-20191212-WA0005.jpg 1439w\" sizes=\"auto, (max-width: 450px) 100vw, 450px\" \/><\/figure>\n\n\n\n<figure class=\"wp-block-image\"><img loading=\"lazy\" decoding=\"async\" width=\"450\" height=\"600\" src=\"https:\/\/ecolecaritas.be\/new\/wp-content\/uploads\/2019\/12\/IMG-20191212-WA0004-450x600.jpg\" alt=\"\" class=\"wp-image-150971\" srcset=\"https:\/\/ecolecaritas.be\/new\/wp-content\/uploads\/2019\/12\/IMG-20191212-WA0004-450x600.jpg 450w, https:\/\/ecolecaritas.be\/new\/wp-content\/uploads\/2019\/12\/IMG-20191212-WA0004-225x300.jpg 225w, https:\/\/ecolecaritas.be\/new\/wp-content\/uploads\/2019\/12\/IMG-20191212-WA0004-768x1024.jpg 768w, https:\/\/ecolecaritas.be\/new\/wp-content\/uploads\/2019\/12\/IMG-20191212-WA0004-600x800.jpg 600w, https:\/\/ecolecaritas.be\/new\/wp-content\/uploads\/2019\/12\/IMG-20191212-WA0004-1320x1760.jpg 1320w, https:\/\/ecolecaritas.be\/new\/wp-content\/uploads\/2019\/12\/IMG-20191212-WA0004.jpg 1439w\" sizes=\"auto, (max-width: 450px) 100vw, 450px\" \/><\/figure>\n\n\n\n<figure class=\"wp-block-image\"><img loading=\"lazy\" decoding=\"async\" width=\"450\" height=\"600\" src=\"https:\/\/ecolecaritas.be\/new\/wp-content\/uploads\/2019\/12\/IMG-20191212-WA0003-450x600.jpg\" alt=\"\" class=\"wp-image-150970\" srcset=\"https:\/\/ecolecaritas.be\/new\/wp-content\/uploads\/2019\/12\/IMG-20191212-WA0003-450x600.jpg 450w, https:\/\/ecolecaritas.be\/new\/wp-content\/uploads\/2019\/12\/IMG-20191212-WA0003-225x300.jpg 225w, https:\/\/ecolecaritas.be\/new\/wp-content\/uploads\/2019\/12\/IMG-20191212-WA0003-768x1024.jpg 768w, https:\/\/ecolecaritas.be\/new\/wp-content\/uploads\/2019\/12\/IMG-20191212-WA0003-600x800.jpg 600w, https:\/\/ecolecaritas.be\/new\/wp-content\/uploads\/2019\/12\/IMG-20191212-WA0003-1320x1760.jpg 1320w, https:\/\/ecolecaritas.be\/new\/wp-content\/uploads\/2019\/12\/IMG-20191212-WA0003.jpg 1439w\" sizes=\"auto, (max-width: 450px) 100vw, 450px\" \/><\/figure>\n\n\n\n<figure class=\"wp-block-image\"><img loading=\"lazy\" decoding=\"async\" width=\"450\" height=\"600\" src=\"https:\/\/ecolecaritas.be\/new\/wp-content\/uploads\/2019\/12\/IMG-20191212-WA0002-450x600.jpg\" alt=\"\" class=\"wp-image-150969\" srcset=\"https:\/\/ecolecaritas.be\/new\/wp-content\/uploads\/2019\/12\/IMG-20191212-WA0002-450x600.jpg 450w, https:\/\/ecolecaritas.be\/new\/wp-content\/uploads\/2019\/12\/IMG-20191212-WA0002-225x300.jpg 225w, https:\/\/ecolecaritas.be\/new\/wp-content\/uploads\/2019\/12\/IMG-20191212-WA0002-768x1024.jpg 768w, https:\/\/ecolecaritas.be\/new\/wp-content\/uploads\/2019\/12\/IMG-20191212-WA0002-600x800.jpg 600w, https:\/\/ecolecaritas.be\/new\/wp-content\/uploads\/2019\/12\/IMG-20191212-WA0002-1320x1760.jpg 1320w, https:\/\/ecolecaritas.be\/new\/wp-content\/uploads\/2019\/12\/IMG-20191212-WA0002.jpg 1439w\" sizes=\"auto, (max-width: 450px) 100vw, 450px\" \/><\/figure>\n\n\n\n<figure class=\"wp-block-image\"><img loading=\"lazy\" decoding=\"async\" width=\"450\" height=\"600\" src=\"https:\/\/ecolecaritas.be\/new\/wp-content\/uploads\/2019\/12\/IMG-20191212-WA0001-450x600.jpg\" alt=\"\" class=\"wp-image-150968\" srcset=\"https:\/\/ecolecaritas.be\/new\/wp-content\/uploads\/2019\/12\/IMG-20191212-WA0001-450x600.jpg 450w, https:\/\/ecolecaritas.be\/new\/wp-content\/uploads\/2019\/12\/IMG-20191212-WA0001-225x300.jpg 225w, https:\/\/ecolecaritas.be\/new\/wp-content\/uploads\/2019\/12\/IMG-20191212-WA0001-768x1024.jpg 768w, https:\/\/ecolecaritas.be\/new\/wp-content\/uploads\/2019\/12\/IMG-20191212-WA0001-600x800.jpg 600w, https:\/\/ecolecaritas.be\/new\/wp-content\/uploads\/2019\/12\/IMG-20191212-WA0001-1320x1760.jpg 1320w, https:\/\/ecolecaritas.be\/new\/wp-content\/uploads\/2019\/12\/IMG-20191212-WA0001.jpg 1439w\" sizes=\"auto, (max-width: 450px) 100vw, 450px\" \/><\/figure>\n\n\n\n<figure class=\"wp-block-image\"><img loading=\"lazy\" decoding=\"async\" width=\"450\" height=\"600\" src=\"https:\/\/ecolecaritas.be\/new\/wp-content\/uploads\/2019\/12\/IMG-20191212-WA0000-450x600.jpg\" alt=\"\" class=\"wp-image-150967\" srcset=\"https:\/\/ecolecaritas.be\/new\/wp-content\/uploads\/2019\/12\/IMG-20191212-WA0000-450x600.jpg 450w, https:\/\/ecolecaritas.be\/new\/wp-content\/uploads\/2019\/12\/IMG-20191212-WA0000-225x300.jpg 225w, https:\/\/ecolecaritas.be\/new\/wp-content\/uploads\/2019\/12\/IMG-20191212-WA0000-768x1024.jpg 768w, https:\/\/ecolecaritas.be\/new\/wp-content\/uploads\/2019\/12\/IMG-20191212-WA0000-600x800.jpg 600w, https:\/\/ecolecaritas.be\/new\/wp-content\/uploads\/2019\/12\/IMG-20191212-WA0000-1320x1760.jpg 1320w, https:\/\/ecolecaritas.be\/new\/wp-content\/uploads\/2019\/12\/IMG-20191212-WA0000.jpg 1439w\" sizes=\"auto, (max-width: 450px) 100vw, 450px\" \/><\/figure>\n","protected":false},"excerpt":{"rendered":"<div class=\"mh-excerpt\"><p>Du 9 au 11 d\u00e9cembre 2019, nous avons pu vivre trois jours inoubliables en classes sportives \u00e0 Louvain-La-Neuve. Nous avons d\u00e9couvert plein de sports diff\u00e9rents <a class=\"mh-excerpt-more\" href=\"https:\/\/ecolecaritas.be\/new\/les-classes-sportives-m3-et-p1\/\" title=\"Les classes sportives M3 et P1\">[&#8230;]<\/a><\/p>\n<\/div>","protected":false},"author":4,"featured_media":150930,"comment_status":"closed","ping_status":"closed","sticky":false,"template":"","format":"standard","meta":{"footnotes":""},"categories":[7,8],"tags":[],"class_list":["post-150964","post","type-post","status-publish","format-standard","has-post-thumbnail","hentry","category-mat","category-p12"],"_links":{"self":[{"href":"https:\/\/ecolecaritas.be\/new\/wp-json\/wp\/v2\/posts\/150964","targetHints":{"allow":["GET"]}}],"collection":[{"href":"https:\/\/ecolecaritas.be\/new\/wp-json\/wp\/v2\/posts"}],"about":[{"href":"https:\/\/ecolecaritas.be\/new\/wp-json\/wp\/v2\/types\/post"}],"author":[{"embeddable":true,"href":"https:\/\/ecolecaritas.be\/new\/wp-json\/wp\/v2\/users\/4"}],"replies":[{"embeddable":true,"href":"https:\/\/ecolecaritas.be\/new\/wp-json\/wp\/v2\/comments?post=150964"}],"version-history":[{"count":3,"href":"https:\/\/ecolecaritas.be\/new\/wp-json\/wp\/v2\/posts\/150964\/revisions"}],"predecessor-version":[{"id":150979,"href":"https:\/\/ecolecaritas.be\/new\/wp-json\/wp\/v2\/posts\/150964\/revisions\/150979"}],"wp:featuredmedia":[{"embeddable":true,"href":"https:\/\/ecolecaritas.be\/new\/wp-json\/wp\/v2\/media\/150930"}],"wp:attachment":[{"href":"https:\/\/ecolecaritas.be\/new\/wp-json\/wp\/v2\/media?parent=150964"}],"wp:term":[{"taxonomy":"category","embeddable":true,"href":"https:\/\/ecolecaritas.be\/new\/wp-json\/wp\/v2\/categories?post=150964"},{"taxonomy":"post_tag","embeddable":true,"href":"https:\/\/ecolecaritas.be\/new\/wp-json\/wp\/v2\/tags?post=150964"}],"curies":[{"name":"wp","href":"https:\/\/api.w.org\/{rel}","templated":true}]}}