{"id":151010,"date":"2019-12-16T16:16:13","date_gmt":"2019-12-16T15:16:13","guid":{"rendered":"http:\/\/ecolecaritas.be\/new\/?p=151010"},"modified":"2019-12-16T16:16:13","modified_gmt":"2019-12-16T15:16:13","slug":"visite-de-saint-nicolas-dans-notre-ecole","status":"publish","type":"post","link":"https:\/\/ecolecaritas.be\/new\/visite-de-saint-nicolas-dans-notre-ecole\/","title":{"rendered":"Visite de saint Nicolas dans notre \u00e9cole."},"content":{"rendered":"\n<p>Ce vendredi 6 d\u00e9cembre, saint Nicolas a rendu visite aux \u00e9l\u00e8ves de Caritas. Des plus petits aux plus grands, tous l&rsquo;ont accueilli par des chants avec beaucoup de chaleur.  En se rendant dans les classes, le grand Saint a d\u00e9couvert des surprises vari\u00e9es que chaque groupe avait pr\u00e9par\u00e9es : des chansons, des po\u00e8mes, des dessins, des morceaux de musique en live&#8230; G\u00e2t\u00e9 par toutes ces petites t\u00eates blondes, Saint Nicolas avait un immense sourire en nous quittant.  Il a promis qu&rsquo;il reviendrait l&rsquo;ann\u00e9e prochaine \u00e0 Caritas.  D&rsquo;ici-l\u00e0, tous ont promis d&rsquo;\u00eatre sages&#8230; Merci saint Nicolas pour les g\u00e2teries!!!<\/p>\n\n\n\n<figure class=\"wp-block-image\"><img loading=\"lazy\" decoding=\"async\" width=\"600\" height=\"399\" src=\"https:\/\/ecolecaritas.be\/new\/wp-content\/uploads\/2019\/12\/DSC_1034-600x399.jpg\" alt=\"\" class=\"wp-image-150987\" srcset=\"https:\/\/ecolecaritas.be\/new\/wp-content\/uploads\/2019\/12\/DSC_1034-600x399.jpg 600w, https:\/\/ecolecaritas.be\/new\/wp-content\/uploads\/2019\/12\/DSC_1034-300x199.jpg 300w, https:\/\/ecolecaritas.be\/new\/wp-content\/uploads\/2019\/12\/DSC_1034-768x510.jpg 768w, https:\/\/ecolecaritas.be\/new\/wp-content\/uploads\/2019\/12\/DSC_1034-1320x877.jpg 1320w\" sizes=\"auto, (max-width: 600px) 100vw, 600px\" \/><\/figure>\n\n\n\n<figure class=\"wp-block-image\"><img loading=\"lazy\" decoding=\"async\" width=\"600\" height=\"399\" src=\"https:\/\/ecolecaritas.be\/new\/wp-content\/uploads\/2019\/12\/DSC_1037-600x399.jpg\" alt=\"\" class=\"wp-image-150988\" srcset=\"https:\/\/ecolecaritas.be\/new\/wp-content\/uploads\/2019\/12\/DSC_1037-600x399.jpg 600w, https:\/\/ecolecaritas.be\/new\/wp-content\/uploads\/2019\/12\/DSC_1037-300x199.jpg 300w, https:\/\/ecolecaritas.be\/new\/wp-content\/uploads\/2019\/12\/DSC_1037-768x510.jpg 768w, https:\/\/ecolecaritas.be\/new\/wp-content\/uploads\/2019\/12\/DSC_1037-1320x877.jpg 1320w\" sizes=\"auto, (max-width: 600px) 100vw, 600px\" \/><\/figure>\n\n\n\n<figure class=\"wp-block-image\"><img loading=\"lazy\" decoding=\"async\" width=\"600\" height=\"399\" src=\"https:\/\/ecolecaritas.be\/new\/wp-content\/uploads\/2019\/12\/DSC_1038-600x399.jpg\" alt=\"\" class=\"wp-image-150989\" srcset=\"https:\/\/ecolecaritas.be\/new\/wp-content\/uploads\/2019\/12\/DSC_1038-600x399.jpg 600w, https:\/\/ecolecaritas.be\/new\/wp-content\/uploads\/2019\/12\/DSC_1038-300x199.jpg 300w, https:\/\/ecolecaritas.be\/new\/wp-content\/uploads\/2019\/12\/DSC_1038-768x510.jpg 768w, https:\/\/ecolecaritas.be\/new\/wp-content\/uploads\/2019\/12\/DSC_1038-1320x877.jpg 1320w\" sizes=\"auto, (max-width: 600px) 100vw, 600px\" \/><\/figure>\n\n\n\n<figure class=\"wp-block-image\"><img loading=\"lazy\" decoding=\"async\" width=\"600\" height=\"399\" src=\"https:\/\/ecolecaritas.be\/new\/wp-content\/uploads\/2019\/12\/DSC_1039-600x399.jpg\" alt=\"\" class=\"wp-image-150990\" srcset=\"https:\/\/ecolecaritas.be\/new\/wp-content\/uploads\/2019\/12\/DSC_1039-600x399.jpg 600w, https:\/\/ecolecaritas.be\/new\/wp-content\/uploads\/2019\/12\/DSC_1039-300x199.jpg 300w, https:\/\/ecolecaritas.be\/new\/wp-content\/uploads\/2019\/12\/DSC_1039-768x510.jpg 768w, https:\/\/ecolecaritas.be\/new\/wp-content\/uploads\/2019\/12\/DSC_1039-1320x877.jpg 1320w\" sizes=\"auto, (max-width: 600px) 100vw, 600px\" \/><\/figure>\n\n\n\n<figure class=\"wp-block-image\"><img loading=\"lazy\" decoding=\"async\" width=\"600\" height=\"399\" src=\"https:\/\/ecolecaritas.be\/new\/wp-content\/uploads\/2019\/12\/DSC_1052-600x399.jpg\" alt=\"\" class=\"wp-image-150991\" srcset=\"https:\/\/ecolecaritas.be\/new\/wp-content\/uploads\/2019\/12\/DSC_1052-600x399.jpg 600w, https:\/\/ecolecaritas.be\/new\/wp-content\/uploads\/2019\/12\/DSC_1052-300x199.jpg 300w, https:\/\/ecolecaritas.be\/new\/wp-content\/uploads\/2019\/12\/DSC_1052-768x510.jpg 768w, https:\/\/ecolecaritas.be\/new\/wp-content\/uploads\/2019\/12\/DSC_1052-1320x877.jpg 1320w\" sizes=\"auto, (max-width: 600px) 100vw, 600px\" \/><\/figure>\n\n\n\n<figure class=\"wp-block-image\"><img loading=\"lazy\" decoding=\"async\" width=\"600\" height=\"399\" src=\"https:\/\/ecolecaritas.be\/new\/wp-content\/uploads\/2019\/12\/DSC_1055-600x399.jpg\" alt=\"\" class=\"wp-image-150992\" srcset=\"https:\/\/ecolecaritas.be\/new\/wp-content\/uploads\/2019\/12\/DSC_1055-600x399.jpg 600w, https:\/\/ecolecaritas.be\/new\/wp-content\/uploads\/2019\/12\/DSC_1055-300x199.jpg 300w, https:\/\/ecolecaritas.be\/new\/wp-content\/uploads\/2019\/12\/DSC_1055-768x510.jpg 768w, https:\/\/ecolecaritas.be\/new\/wp-content\/uploads\/2019\/12\/DSC_1055-1320x877.jpg 1320w\" sizes=\"auto, (max-width: 600px) 100vw, 600px\" \/><\/figure>\n\n\n\n<figure class=\"wp-block-image\"><img loading=\"lazy\" decoding=\"async\" width=\"600\" height=\"399\" src=\"https:\/\/ecolecaritas.be\/new\/wp-content\/uploads\/2019\/12\/DSC_1063-600x399.jpg\" alt=\"\" class=\"wp-image-150993\" srcset=\"https:\/\/ecolecaritas.be\/new\/wp-content\/uploads\/2019\/12\/DSC_1063-600x399.jpg 600w, https:\/\/ecolecaritas.be\/new\/wp-content\/uploads\/2019\/12\/DSC_1063-300x199.jpg 300w, https:\/\/ecolecaritas.be\/new\/wp-content\/uploads\/2019\/12\/DSC_1063-768x510.jpg 768w, https:\/\/ecolecaritas.be\/new\/wp-content\/uploads\/2019\/12\/DSC_1063-1320x877.jpg 1320w\" sizes=\"auto, (max-width: 600px) 100vw, 600px\" \/><\/figure>\n\n\n\n<figure class=\"wp-block-image\"><img loading=\"lazy\" decoding=\"async\" width=\"600\" height=\"399\" src=\"https:\/\/ecolecaritas.be\/new\/wp-content\/uploads\/2019\/12\/DSC_1067-600x399.jpg\" alt=\"\" class=\"wp-image-150994\" srcset=\"https:\/\/ecolecaritas.be\/new\/wp-content\/uploads\/2019\/12\/DSC_1067-600x399.jpg 600w, https:\/\/ecolecaritas.be\/new\/wp-content\/uploads\/2019\/12\/DSC_1067-300x199.jpg 300w, https:\/\/ecolecaritas.be\/new\/wp-content\/uploads\/2019\/12\/DSC_1067-768x510.jpg 768w, https:\/\/ecolecaritas.be\/new\/wp-content\/uploads\/2019\/12\/DSC_1067-1320x877.jpg 1320w\" sizes=\"auto, (max-width: 600px) 100vw, 600px\" \/><\/figure>\n\n\n\n<figure class=\"wp-block-image\"><img loading=\"lazy\" decoding=\"async\" width=\"600\" height=\"399\" src=\"https:\/\/ecolecaritas.be\/new\/wp-content\/uploads\/2019\/12\/DSC_1089-600x399.jpg\" alt=\"\" class=\"wp-image-150995\" srcset=\"https:\/\/ecolecaritas.be\/new\/wp-content\/uploads\/2019\/12\/DSC_1089-600x399.jpg 600w, https:\/\/ecolecaritas.be\/new\/wp-content\/uploads\/2019\/12\/DSC_1089-300x199.jpg 300w, https:\/\/ecolecaritas.be\/new\/wp-content\/uploads\/2019\/12\/DSC_1089-768x510.jpg 768w, https:\/\/ecolecaritas.be\/new\/wp-content\/uploads\/2019\/12\/DSC_1089-1320x877.jpg 1320w\" sizes=\"auto, (max-width: 600px) 100vw, 600px\" \/><\/figure>\n\n\n\n<figure class=\"wp-block-image\"><img loading=\"lazy\" decoding=\"async\" width=\"600\" height=\"399\" src=\"https:\/\/ecolecaritas.be\/new\/wp-content\/uploads\/2019\/12\/DSC_1090-600x399.jpg\" alt=\"\" class=\"wp-image-150996\" srcset=\"https:\/\/ecolecaritas.be\/new\/wp-content\/uploads\/2019\/12\/DSC_1090-600x399.jpg 600w, https:\/\/ecolecaritas.be\/new\/wp-content\/uploads\/2019\/12\/DSC_1090-300x199.jpg 300w, https:\/\/ecolecaritas.be\/new\/wp-content\/uploads\/2019\/12\/DSC_1090-768x510.jpg 768w, https:\/\/ecolecaritas.be\/new\/wp-content\/uploads\/2019\/12\/DSC_1090-1320x877.jpg 1320w\" sizes=\"auto, (max-width: 600px) 100vw, 600px\" \/><\/figure>\n\n\n\n<figure class=\"wp-block-image\"><img loading=\"lazy\" decoding=\"async\" width=\"600\" height=\"399\" src=\"https:\/\/ecolecaritas.be\/new\/wp-content\/uploads\/2019\/12\/DSC_1104-600x399.jpg\" alt=\"\" class=\"wp-image-150997\" srcset=\"https:\/\/ecolecaritas.be\/new\/wp-content\/uploads\/2019\/12\/DSC_1104-600x399.jpg 600w, https:\/\/ecolecaritas.be\/new\/wp-content\/uploads\/2019\/12\/DSC_1104-300x199.jpg 300w, https:\/\/ecolecaritas.be\/new\/wp-content\/uploads\/2019\/12\/DSC_1104-768x510.jpg 768w, https:\/\/ecolecaritas.be\/new\/wp-content\/uploads\/2019\/12\/DSC_1104-1320x877.jpg 1320w\" sizes=\"auto, (max-width: 600px) 100vw, 600px\" \/><\/figure>\n\n\n\n<figure class=\"wp-block-image\"><img loading=\"lazy\" decoding=\"async\" width=\"600\" height=\"399\" src=\"https:\/\/ecolecaritas.be\/new\/wp-content\/uploads\/2019\/12\/DSC_1107-600x399.jpg\" alt=\"\" class=\"wp-image-150998\" srcset=\"https:\/\/ecolecaritas.be\/new\/wp-content\/uploads\/2019\/12\/DSC_1107-600x399.jpg 600w, https:\/\/ecolecaritas.be\/new\/wp-content\/uploads\/2019\/12\/DSC_1107-300x199.jpg 300w, https:\/\/ecolecaritas.be\/new\/wp-content\/uploads\/2019\/12\/DSC_1107-768x510.jpg 768w, https:\/\/ecolecaritas.be\/new\/wp-content\/uploads\/2019\/12\/DSC_1107-1320x877.jpg 1320w\" sizes=\"auto, (max-width: 600px) 100vw, 600px\" \/><\/figure>\n\n\n\n<figure class=\"wp-block-image\"><img loading=\"lazy\" decoding=\"async\" width=\"600\" height=\"399\" src=\"https:\/\/ecolecaritas.be\/new\/wp-content\/uploads\/2019\/12\/DSC_1136-600x399.jpg\" alt=\"\" class=\"wp-image-150999\" srcset=\"https:\/\/ecolecaritas.be\/new\/wp-content\/uploads\/2019\/12\/DSC_1136-600x399.jpg 600w, https:\/\/ecolecaritas.be\/new\/wp-content\/uploads\/2019\/12\/DSC_1136-300x199.jpg 300w, https:\/\/ecolecaritas.be\/new\/wp-content\/uploads\/2019\/12\/DSC_1136-768x510.jpg 768w, https:\/\/ecolecaritas.be\/new\/wp-content\/uploads\/2019\/12\/DSC_1136-1320x877.jpg 1320w\" sizes=\"auto, (max-width: 600px) 100vw, 600px\" \/><\/figure>\n\n\n\n<figure class=\"wp-block-image\"><img loading=\"lazy\" decoding=\"async\" width=\"600\" height=\"399\" src=\"https:\/\/ecolecaritas.be\/new\/wp-content\/uploads\/2019\/12\/DSC_1138-600x399.jpg\" alt=\"\" class=\"wp-image-151000\" srcset=\"https:\/\/ecolecaritas.be\/new\/wp-content\/uploads\/2019\/12\/DSC_1138-600x399.jpg 600w, https:\/\/ecolecaritas.be\/new\/wp-content\/uploads\/2019\/12\/DSC_1138-300x199.jpg 300w, https:\/\/ecolecaritas.be\/new\/wp-content\/uploads\/2019\/12\/DSC_1138-768x510.jpg 768w, https:\/\/ecolecaritas.be\/new\/wp-content\/uploads\/2019\/12\/DSC_1138-1320x877.jpg 1320w\" sizes=\"auto, (max-width: 600px) 100vw, 600px\" \/><\/figure>\n\n\n\n<figure class=\"wp-block-image\"><img loading=\"lazy\" decoding=\"async\" width=\"600\" height=\"399\" src=\"https:\/\/ecolecaritas.be\/new\/wp-content\/uploads\/2019\/12\/DSC_1164-600x399.jpg\" alt=\"\" class=\"wp-image-151001\" srcset=\"https:\/\/ecolecaritas.be\/new\/wp-content\/uploads\/2019\/12\/DSC_1164-600x399.jpg 600w, https:\/\/ecolecaritas.be\/new\/wp-content\/uploads\/2019\/12\/DSC_1164-300x199.jpg 300w, https:\/\/ecolecaritas.be\/new\/wp-content\/uploads\/2019\/12\/DSC_1164-768x510.jpg 768w, https:\/\/ecolecaritas.be\/new\/wp-content\/uploads\/2019\/12\/DSC_1164-1320x877.jpg 1320w\" sizes=\"auto, (max-width: 600px) 100vw, 600px\" \/><\/figure>\n\n\n\n<figure class=\"wp-block-image\"><img loading=\"lazy\" decoding=\"async\" width=\"600\" height=\"399\" src=\"https:\/\/ecolecaritas.be\/new\/wp-content\/uploads\/2019\/12\/DSC_1179-600x399.jpg\" alt=\"\" class=\"wp-image-151003\" srcset=\"https:\/\/ecolecaritas.be\/new\/wp-content\/uploads\/2019\/12\/DSC_1179-600x399.jpg 600w, https:\/\/ecolecaritas.be\/new\/wp-content\/uploads\/2019\/12\/DSC_1179-300x199.jpg 300w, https:\/\/ecolecaritas.be\/new\/wp-content\/uploads\/2019\/12\/DSC_1179-768x510.jpg 768w, https:\/\/ecolecaritas.be\/new\/wp-content\/uploads\/2019\/12\/DSC_1179-1320x877.jpg 1320w\" sizes=\"auto, (max-width: 600px) 100vw, 600px\" \/><\/figure>\n\n\n\n<figure class=\"wp-block-image\"><img loading=\"lazy\" decoding=\"async\" width=\"600\" height=\"399\" src=\"https:\/\/ecolecaritas.be\/new\/wp-content\/uploads\/2019\/12\/DSC_1180-600x399.jpg\" alt=\"\" class=\"wp-image-151004\" srcset=\"https:\/\/ecolecaritas.be\/new\/wp-content\/uploads\/2019\/12\/DSC_1180-600x399.jpg 600w, https:\/\/ecolecaritas.be\/new\/wp-content\/uploads\/2019\/12\/DSC_1180-300x199.jpg 300w, https:\/\/ecolecaritas.be\/new\/wp-content\/uploads\/2019\/12\/DSC_1180-768x510.jpg 768w, https:\/\/ecolecaritas.be\/new\/wp-content\/uploads\/2019\/12\/DSC_1180-1320x877.jpg 1320w\" sizes=\"auto, (max-width: 600px) 100vw, 600px\" \/><\/figure>\n\n\n\n<figure class=\"wp-block-image\"><img loading=\"lazy\" decoding=\"async\" width=\"600\" height=\"399\" src=\"https:\/\/ecolecaritas.be\/new\/wp-content\/uploads\/2019\/12\/DSC_1192-600x399.jpg\" alt=\"\" class=\"wp-image-151005\" srcset=\"https:\/\/ecolecaritas.be\/new\/wp-content\/uploads\/2019\/12\/DSC_1192-600x399.jpg 600w, https:\/\/ecolecaritas.be\/new\/wp-content\/uploads\/2019\/12\/DSC_1192-300x199.jpg 300w, https:\/\/ecolecaritas.be\/new\/wp-content\/uploads\/2019\/12\/DSC_1192-768x510.jpg 768w, https:\/\/ecolecaritas.be\/new\/wp-content\/uploads\/2019\/12\/DSC_1192-1320x877.jpg 1320w\" sizes=\"auto, (max-width: 600px) 100vw, 600px\" \/><\/figure>\n\n\n\n<figure class=\"wp-block-image\"><img loading=\"lazy\" decoding=\"async\" width=\"600\" height=\"399\" src=\"https:\/\/ecolecaritas.be\/new\/wp-content\/uploads\/2019\/12\/DSC_1194-600x399.jpg\" alt=\"\" class=\"wp-image-151006\" srcset=\"https:\/\/ecolecaritas.be\/new\/wp-content\/uploads\/2019\/12\/DSC_1194-600x399.jpg 600w, https:\/\/ecolecaritas.be\/new\/wp-content\/uploads\/2019\/12\/DSC_1194-300x199.jpg 300w, https:\/\/ecolecaritas.be\/new\/wp-content\/uploads\/2019\/12\/DSC_1194-768x510.jpg 768w, https:\/\/ecolecaritas.be\/new\/wp-content\/uploads\/2019\/12\/DSC_1194-1320x877.jpg 1320w\" sizes=\"auto, (max-width: 600px) 100vw, 600px\" \/><\/figure>\n\n\n\n<figure class=\"wp-block-image\"><img loading=\"lazy\" decoding=\"async\" width=\"600\" height=\"399\" src=\"https:\/\/ecolecaritas.be\/new\/wp-content\/uploads\/2019\/12\/DSC_1220-600x399.jpg\" alt=\"\" class=\"wp-image-151007\" srcset=\"https:\/\/ecolecaritas.be\/new\/wp-content\/uploads\/2019\/12\/DSC_1220-600x399.jpg 600w, https:\/\/ecolecaritas.be\/new\/wp-content\/uploads\/2019\/12\/DSC_1220-300x199.jpg 300w, https:\/\/ecolecaritas.be\/new\/wp-content\/uploads\/2019\/12\/DSC_1220-768x510.jpg 768w, https:\/\/ecolecaritas.be\/new\/wp-content\/uploads\/2019\/12\/DSC_1220-1320x877.jpg 1320w\" sizes=\"auto, (max-width: 600px) 100vw, 600px\" \/><\/figure>\n\n\n\n<figure class=\"wp-block-image\"><img loading=\"lazy\" decoding=\"async\" width=\"600\" height=\"399\" src=\"https:\/\/ecolecaritas.be\/new\/wp-content\/uploads\/2019\/12\/DSC_1230-600x399.jpg\" alt=\"\" class=\"wp-image-151008\" srcset=\"https:\/\/ecolecaritas.be\/new\/wp-content\/uploads\/2019\/12\/DSC_1230-600x399.jpg 600w, https:\/\/ecolecaritas.be\/new\/wp-content\/uploads\/2019\/12\/DSC_1230-300x199.jpg 300w, https:\/\/ecolecaritas.be\/new\/wp-content\/uploads\/2019\/12\/DSC_1230-768x510.jpg 768w, https:\/\/ecolecaritas.be\/new\/wp-content\/uploads\/2019\/12\/DSC_1230-1320x877.jpg 1320w\" sizes=\"auto, (max-width: 600px) 100vw, 600px\" \/><\/figure>\n","protected":false},"excerpt":{"rendered":"<div class=\"mh-excerpt\"><p>Ce vendredi 6 d\u00e9cembre, saint Nicolas a rendu visite aux \u00e9l\u00e8ves de Caritas. Des plus petits aux plus grands, tous l&rsquo;ont accueilli par des chants <a class=\"mh-excerpt-more\" href=\"https:\/\/ecolecaritas.be\/new\/visite-de-saint-nicolas-dans-notre-ecole\/\" title=\"Visite de saint Nicolas dans notre \u00e9cole.\">[&#8230;]<\/a><\/p>\n<\/div>","protected":false},"author":4,"featured_media":150986,"comment_status":"closed","ping_status":"closed","sticky":false,"template":"","format":"standard","meta":{"footnotes":""},"categories":[6],"tags":[],"class_list":["post-151010","post","type-post","status-publish","format-standard","has-post-thumbnail","hentry","category-general"],"_links":{"self":[{"href":"https:\/\/ecolecaritas.be\/new\/wp-json\/wp\/v2\/posts\/151010","targetHints":{"allow":["GET"]}}],"collection":[{"href":"https:\/\/ecolecaritas.be\/new\/wp-json\/wp\/v2\/posts"}],"about":[{"href":"https:\/\/ecolecaritas.be\/new\/wp-json\/wp\/v2\/types\/post"}],"author":[{"embeddable":true,"href":"https:\/\/ecolecaritas.be\/new\/wp-json\/wp\/v2\/users\/4"}],"replies":[{"embeddable":true,"href":"https:\/\/ecolecaritas.be\/new\/wp-json\/wp\/v2\/comments?post=151010"}],"version-history":[{"count":4,"href":"https:\/\/ecolecaritas.be\/new\/wp-json\/wp\/v2\/posts\/151010\/revisions"}],"predecessor-version":[{"id":151014,"href":"https:\/\/ecolecaritas.be\/new\/wp-json\/wp\/v2\/posts\/151010\/revisions\/151014"}],"wp:featuredmedia":[{"embeddable":true,"href":"https:\/\/ecolecaritas.be\/new\/wp-json\/wp\/v2\/media\/150986"}],"wp:attachment":[{"href":"https:\/\/ecolecaritas.be\/new\/wp-json\/wp\/v2\/media?parent=151010"}],"wp:term":[{"taxonomy":"category","embeddable":true,"href":"https:\/\/ecolecaritas.be\/new\/wp-json\/wp\/v2\/categories?post=151010"},{"taxonomy":"post_tag","embeddable":true,"href":"https:\/\/ecolecaritas.be\/new\/wp-json\/wp\/v2\/tags?post=151010"}],"curies":[{"name":"wp","href":"https:\/\/api.w.org\/{rel}","templated":true}]}}