{"id":151017,"date":"2019-12-20T16:39:10","date_gmt":"2019-12-20T15:39:10","guid":{"rendered":"http:\/\/ecolecaritas.be\/new\/?p=151017"},"modified":"2019-12-20T16:39:10","modified_gmt":"2019-12-20T15:39:10","slug":"des-elections-a-caritas","status":"publish","type":"post","link":"https:\/\/ecolecaritas.be\/new\/des-elections-a-caritas\/","title":{"rendered":"Des \u00e9lections \u00e0 Caritas."},"content":{"rendered":"\n<p> Les \u00e9l\u00e8ves de P5 et P6 ont \u00e9t\u00e9  sollicit\u00e9s pour participer au tout nouveau Conseil Communal des Enfants  de Beauvechain. Quelques candidats ont donc r\u00e9fl\u00e9chi \u00e0 un programme  d&rsquo;actions \u00e0 mener s&rsquo;ils \u00e9taient \u00e9lus. Comme des pros, ils ont tous r\u00e9alis\u00e9 des affiches pour pr\u00e9senter leurs id\u00e9es. Une semaine d&rsquo;affichage et le temps du vote est arriv\u00e9. Munis de leur convocation \u00e9lectorale,  tous les \u00e9l\u00e8ves de P5 et P6 ont pris le chemin des isoloirs pour \u00e9lire  leurs repr\u00e9sentants. Le bureau de vote \u00e9tait organis\u00e9 de mains de ma\u00eetres par  les \u00e9l\u00e8ves de P4 tr\u00e8s attentifs.\u00a0Apr\u00e8s le  d\u00e9pouillement, le verdict tombe : \u00c9milie et Evine de P5, Mai-Lan et Jan  de P6M, Hubert et Charlotte en P6C sont les \u00e9lus. Bravo \u00e0 eux ainsi qu&rsquo;\u00e0  tous les candidats et tous les \u00e9l\u00e8ves qui ont particip\u00e9 avec brio \u00e0  cette magnifique exp\u00e9rience. <\/p>\n\n\n\n<figure class=\"wp-block-image\"><img loading=\"lazy\" decoding=\"async\" width=\"600\" height=\"292\" src=\"https:\/\/ecolecaritas.be\/new\/wp-content\/uploads\/2019\/12\/IMG-20191219-WA0027-600x292.jpg\" alt=\"\" class=\"wp-image-151055\" srcset=\"https:\/\/ecolecaritas.be\/new\/wp-content\/uploads\/2019\/12\/IMG-20191219-WA0027-600x292.jpg 600w, https:\/\/ecolecaritas.be\/new\/wp-content\/uploads\/2019\/12\/IMG-20191219-WA0027-300x146.jpg 300w, https:\/\/ecolecaritas.be\/new\/wp-content\/uploads\/2019\/12\/IMG-20191219-WA0027-768x373.jpg 768w, https:\/\/ecolecaritas.be\/new\/wp-content\/uploads\/2019\/12\/IMG-20191219-WA0027-1320x642.jpg 1320w, https:\/\/ecolecaritas.be\/new\/wp-content\/uploads\/2019\/12\/IMG-20191219-WA0027.jpg 1919w\" sizes=\"auto, (max-width: 600px) 100vw, 600px\" \/><\/figure>\n\n\n\n<figure class=\"wp-block-image\"><img loading=\"lazy\" decoding=\"async\" width=\"600\" height=\"292\" src=\"https:\/\/ecolecaritas.be\/new\/wp-content\/uploads\/2019\/12\/IMG-20191219-WA0044-600x292.jpg\" alt=\"\" class=\"wp-image-151072\" srcset=\"https:\/\/ecolecaritas.be\/new\/wp-content\/uploads\/2019\/12\/IMG-20191219-WA0044-600x292.jpg 600w, https:\/\/ecolecaritas.be\/new\/wp-content\/uploads\/2019\/12\/IMG-20191219-WA0044-300x146.jpg 300w, https:\/\/ecolecaritas.be\/new\/wp-content\/uploads\/2019\/12\/IMG-20191219-WA0044-768x373.jpg 768w, https:\/\/ecolecaritas.be\/new\/wp-content\/uploads\/2019\/12\/IMG-20191219-WA0044-1320x642.jpg 1320w, https:\/\/ecolecaritas.be\/new\/wp-content\/uploads\/2019\/12\/IMG-20191219-WA0044.jpg 1919w\" sizes=\"auto, (max-width: 600px) 100vw, 600px\" \/><\/figure>\n\n\n\n<figure class=\"wp-block-image\"><img loading=\"lazy\" decoding=\"async\" width=\"600\" height=\"292\" src=\"https:\/\/ecolecaritas.be\/new\/wp-content\/uploads\/2019\/12\/IMG-20191219-WA0028-600x292.jpg\" alt=\"\" class=\"wp-image-151056\" srcset=\"https:\/\/ecolecaritas.be\/new\/wp-content\/uploads\/2019\/12\/IMG-20191219-WA0028-600x292.jpg 600w, https:\/\/ecolecaritas.be\/new\/wp-content\/uploads\/2019\/12\/IMG-20191219-WA0028-300x146.jpg 300w, https:\/\/ecolecaritas.be\/new\/wp-content\/uploads\/2019\/12\/IMG-20191219-WA0028-768x373.jpg 768w, https:\/\/ecolecaritas.be\/new\/wp-content\/uploads\/2019\/12\/IMG-20191219-WA0028-1320x642.jpg 1320w, https:\/\/ecolecaritas.be\/new\/wp-content\/uploads\/2019\/12\/IMG-20191219-WA0028.jpg 1919w\" sizes=\"auto, (max-width: 600px) 100vw, 600px\" \/><\/figure>\n\n\n\n<figure class=\"wp-block-image\"><img loading=\"lazy\" decoding=\"async\" width=\"600\" height=\"292\" src=\"https:\/\/ecolecaritas.be\/new\/wp-content\/uploads\/2019\/12\/IMG-20191219-WA0029-600x292.jpg\" alt=\"\" class=\"wp-image-151057\" srcset=\"https:\/\/ecolecaritas.be\/new\/wp-content\/uploads\/2019\/12\/IMG-20191219-WA0029-600x292.jpg 600w, https:\/\/ecolecaritas.be\/new\/wp-content\/uploads\/2019\/12\/IMG-20191219-WA0029-300x146.jpg 300w, https:\/\/ecolecaritas.be\/new\/wp-content\/uploads\/2019\/12\/IMG-20191219-WA0029-768x373.jpg 768w, https:\/\/ecolecaritas.be\/new\/wp-content\/uploads\/2019\/12\/IMG-20191219-WA0029-1320x642.jpg 1320w, https:\/\/ecolecaritas.be\/new\/wp-content\/uploads\/2019\/12\/IMG-20191219-WA0029.jpg 1919w\" sizes=\"auto, (max-width: 600px) 100vw, 600px\" \/><\/figure>\n\n\n\n<figure class=\"wp-block-image\"><img loading=\"lazy\" decoding=\"async\" width=\"600\" height=\"292\" src=\"https:\/\/ecolecaritas.be\/new\/wp-content\/uploads\/2019\/12\/IMG-20191219-WA0043-600x292.jpg\" alt=\"\" class=\"wp-image-151071\" srcset=\"https:\/\/ecolecaritas.be\/new\/wp-content\/uploads\/2019\/12\/IMG-20191219-WA0043-600x292.jpg 600w, https:\/\/ecolecaritas.be\/new\/wp-content\/uploads\/2019\/12\/IMG-20191219-WA0043-300x146.jpg 300w, https:\/\/ecolecaritas.be\/new\/wp-content\/uploads\/2019\/12\/IMG-20191219-WA0043-768x373.jpg 768w, https:\/\/ecolecaritas.be\/new\/wp-content\/uploads\/2019\/12\/IMG-20191219-WA0043-1320x642.jpg 1320w, https:\/\/ecolecaritas.be\/new\/wp-content\/uploads\/2019\/12\/IMG-20191219-WA0043.jpg 1919w\" sizes=\"auto, (max-width: 600px) 100vw, 600px\" \/><\/figure>\n\n\n\n<figure class=\"wp-block-image\"><img loading=\"lazy\" decoding=\"async\" width=\"600\" height=\"292\" src=\"https:\/\/ecolecaritas.be\/new\/wp-content\/uploads\/2019\/12\/IMG-20191219-WA0030-600x292.jpg\" alt=\"\" class=\"wp-image-151058\" srcset=\"https:\/\/ecolecaritas.be\/new\/wp-content\/uploads\/2019\/12\/IMG-20191219-WA0030-600x292.jpg 600w, https:\/\/ecolecaritas.be\/new\/wp-content\/uploads\/2019\/12\/IMG-20191219-WA0030-300x146.jpg 300w, https:\/\/ecolecaritas.be\/new\/wp-content\/uploads\/2019\/12\/IMG-20191219-WA0030-768x373.jpg 768w, https:\/\/ecolecaritas.be\/new\/wp-content\/uploads\/2019\/12\/IMG-20191219-WA0030-1320x642.jpg 1320w, https:\/\/ecolecaritas.be\/new\/wp-content\/uploads\/2019\/12\/IMG-20191219-WA0030.jpg 1919w\" sizes=\"auto, (max-width: 600px) 100vw, 600px\" \/><\/figure>\n\n\n\n<figure class=\"wp-block-image\"><img loading=\"lazy\" decoding=\"async\" width=\"600\" height=\"292\" src=\"https:\/\/ecolecaritas.be\/new\/wp-content\/uploads\/2019\/12\/IMG-20191219-WA0031-600x292.jpg\" alt=\"\" class=\"wp-image-151059\" srcset=\"https:\/\/ecolecaritas.be\/new\/wp-content\/uploads\/2019\/12\/IMG-20191219-WA0031-600x292.jpg 600w, https:\/\/ecolecaritas.be\/new\/wp-content\/uploads\/2019\/12\/IMG-20191219-WA0031-300x146.jpg 300w, https:\/\/ecolecaritas.be\/new\/wp-content\/uploads\/2019\/12\/IMG-20191219-WA0031-768x373.jpg 768w, https:\/\/ecolecaritas.be\/new\/wp-content\/uploads\/2019\/12\/IMG-20191219-WA0031-1320x642.jpg 1320w, https:\/\/ecolecaritas.be\/new\/wp-content\/uploads\/2019\/12\/IMG-20191219-WA0031.jpg 1919w\" sizes=\"auto, (max-width: 600px) 100vw, 600px\" \/><\/figure>\n\n\n\n<figure class=\"wp-block-image\"><img loading=\"lazy\" decoding=\"async\" width=\"600\" height=\"292\" src=\"https:\/\/ecolecaritas.be\/new\/wp-content\/uploads\/2019\/12\/IMG-20191219-WA0032-600x292.jpg\" alt=\"\" class=\"wp-image-151060\" srcset=\"https:\/\/ecolecaritas.be\/new\/wp-content\/uploads\/2019\/12\/IMG-20191219-WA0032-600x292.jpg 600w, https:\/\/ecolecaritas.be\/new\/wp-content\/uploads\/2019\/12\/IMG-20191219-WA0032-300x146.jpg 300w, https:\/\/ecolecaritas.be\/new\/wp-content\/uploads\/2019\/12\/IMG-20191219-WA0032-768x373.jpg 768w, https:\/\/ecolecaritas.be\/new\/wp-content\/uploads\/2019\/12\/IMG-20191219-WA0032-1320x642.jpg 1320w, https:\/\/ecolecaritas.be\/new\/wp-content\/uploads\/2019\/12\/IMG-20191219-WA0032.jpg 1919w\" sizes=\"auto, (max-width: 600px) 100vw, 600px\" \/><\/figure>\n\n\n\n<figure class=\"wp-block-image\"><img loading=\"lazy\" decoding=\"async\" width=\"292\" height=\"600\" src=\"https:\/\/ecolecaritas.be\/new\/wp-content\/uploads\/2019\/12\/IMG-20191219-WA0041-292x600.jpg\" alt=\"\" class=\"wp-image-151069\" srcset=\"https:\/\/ecolecaritas.be\/new\/wp-content\/uploads\/2019\/12\/IMG-20191219-WA0041-292x600.jpg 292w, https:\/\/ecolecaritas.be\/new\/wp-content\/uploads\/2019\/12\/IMG-20191219-WA0041-146x300.jpg 146w, https:\/\/ecolecaritas.be\/new\/wp-content\/uploads\/2019\/12\/IMG-20191219-WA0041-768x1580.jpg 768w, https:\/\/ecolecaritas.be\/new\/wp-content\/uploads\/2019\/12\/IMG-20191219-WA0041-600x1234.jpg 600w, https:\/\/ecolecaritas.be\/new\/wp-content\/uploads\/2019\/12\/IMG-20191219-WA0041.jpg 933w\" sizes=\"auto, (max-width: 292px) 100vw, 292px\" \/><\/figure>\n\n\n\n<figure class=\"wp-block-image\"><img loading=\"lazy\" decoding=\"async\" width=\"292\" height=\"600\" src=\"https:\/\/ecolecaritas.be\/new\/wp-content\/uploads\/2019\/12\/IMG-20191219-WA0033-292x600.jpg\" alt=\"\" class=\"wp-image-151061\" srcset=\"https:\/\/ecolecaritas.be\/new\/wp-content\/uploads\/2019\/12\/IMG-20191219-WA0033-292x600.jpg 292w, https:\/\/ecolecaritas.be\/new\/wp-content\/uploads\/2019\/12\/IMG-20191219-WA0033-146x300.jpg 146w, https:\/\/ecolecaritas.be\/new\/wp-content\/uploads\/2019\/12\/IMG-20191219-WA0033-768x1580.jpg 768w, https:\/\/ecolecaritas.be\/new\/wp-content\/uploads\/2019\/12\/IMG-20191219-WA0033-600x1234.jpg 600w, https:\/\/ecolecaritas.be\/new\/wp-content\/uploads\/2019\/12\/IMG-20191219-WA0033.jpg 933w\" sizes=\"auto, (max-width: 292px) 100vw, 292px\" \/><\/figure>\n\n\n\n<figure class=\"wp-block-image\"><img loading=\"lazy\" decoding=\"async\" width=\"292\" height=\"600\" src=\"https:\/\/ecolecaritas.be\/new\/wp-content\/uploads\/2019\/12\/IMG-20191219-WA0040-292x600.jpg\" alt=\"\" class=\"wp-image-151068\" srcset=\"https:\/\/ecolecaritas.be\/new\/wp-content\/uploads\/2019\/12\/IMG-20191219-WA0040-292x600.jpg 292w, https:\/\/ecolecaritas.be\/new\/wp-content\/uploads\/2019\/12\/IMG-20191219-WA0040-146x300.jpg 146w, https:\/\/ecolecaritas.be\/new\/wp-content\/uploads\/2019\/12\/IMG-20191219-WA0040-768x1580.jpg 768w, https:\/\/ecolecaritas.be\/new\/wp-content\/uploads\/2019\/12\/IMG-20191219-WA0040-600x1234.jpg 600w, https:\/\/ecolecaritas.be\/new\/wp-content\/uploads\/2019\/12\/IMG-20191219-WA0040.jpg 933w\" sizes=\"auto, (max-width: 292px) 100vw, 292px\" \/><\/figure>\n\n\n\n<figure class=\"wp-block-image\"><img loading=\"lazy\" decoding=\"async\" width=\"600\" height=\"292\" src=\"https:\/\/ecolecaritas.be\/new\/wp-content\/uploads\/2019\/12\/IMG-20191219-WA0034-600x292.jpg\" alt=\"\" class=\"wp-image-151062\" srcset=\"https:\/\/ecolecaritas.be\/new\/wp-content\/uploads\/2019\/12\/IMG-20191219-WA0034-600x292.jpg 600w, https:\/\/ecolecaritas.be\/new\/wp-content\/uploads\/2019\/12\/IMG-20191219-WA0034-300x146.jpg 300w, https:\/\/ecolecaritas.be\/new\/wp-content\/uploads\/2019\/12\/IMG-20191219-WA0034-768x373.jpg 768w, https:\/\/ecolecaritas.be\/new\/wp-content\/uploads\/2019\/12\/IMG-20191219-WA0034-1320x642.jpg 1320w, https:\/\/ecolecaritas.be\/new\/wp-content\/uploads\/2019\/12\/IMG-20191219-WA0034.jpg 1919w\" sizes=\"auto, (max-width: 600px) 100vw, 600px\" \/><\/figure>\n\n\n\n<figure class=\"wp-block-image\"><img loading=\"lazy\" decoding=\"async\" width=\"292\" height=\"600\" src=\"https:\/\/ecolecaritas.be\/new\/wp-content\/uploads\/2019\/12\/IMG-20191219-WA0039-292x600.jpg\" alt=\"\" class=\"wp-image-151067\" srcset=\"https:\/\/ecolecaritas.be\/new\/wp-content\/uploads\/2019\/12\/IMG-20191219-WA0039-292x600.jpg 292w, https:\/\/ecolecaritas.be\/new\/wp-content\/uploads\/2019\/12\/IMG-20191219-WA0039-146x300.jpg 146w, https:\/\/ecolecaritas.be\/new\/wp-content\/uploads\/2019\/12\/IMG-20191219-WA0039-768x1580.jpg 768w, https:\/\/ecolecaritas.be\/new\/wp-content\/uploads\/2019\/12\/IMG-20191219-WA0039-600x1234.jpg 600w, https:\/\/ecolecaritas.be\/new\/wp-content\/uploads\/2019\/12\/IMG-20191219-WA0039.jpg 933w\" sizes=\"auto, (max-width: 292px) 100vw, 292px\" \/><\/figure>\n\n\n\n<figure class=\"wp-block-image\"><img loading=\"lazy\" decoding=\"async\" width=\"600\" height=\"292\" src=\"https:\/\/ecolecaritas.be\/new\/wp-content\/uploads\/2019\/12\/IMG-20191219-WA0035-e1576789147801-600x292.jpg\" alt=\"\" class=\"wp-image-151063\" srcset=\"https:\/\/ecolecaritas.be\/new\/wp-content\/uploads\/2019\/12\/IMG-20191219-WA0035-e1576789147801-600x292.jpg 600w, https:\/\/ecolecaritas.be\/new\/wp-content\/uploads\/2019\/12\/IMG-20191219-WA0035-e1576789147801-300x146.jpg 300w, https:\/\/ecolecaritas.be\/new\/wp-content\/uploads\/2019\/12\/IMG-20191219-WA0035-e1576789147801-768x373.jpg 768w, https:\/\/ecolecaritas.be\/new\/wp-content\/uploads\/2019\/12\/IMG-20191219-WA0035-e1576789147801-1320x642.jpg 1320w, https:\/\/ecolecaritas.be\/new\/wp-content\/uploads\/2019\/12\/IMG-20191219-WA0035-e1576789147801.jpg 1919w\" sizes=\"auto, (max-width: 600px) 100vw, 600px\" \/><\/figure>\n\n\n\n<figure class=\"wp-block-image\"><img loading=\"lazy\" decoding=\"async\" width=\"292\" height=\"600\" src=\"https:\/\/ecolecaritas.be\/new\/wp-content\/uploads\/2019\/12\/IMG-20191219-WA0038-292x600.jpg\" alt=\"\" class=\"wp-image-151066\" srcset=\"https:\/\/ecolecaritas.be\/new\/wp-content\/uploads\/2019\/12\/IMG-20191219-WA0038-292x600.jpg 292w, https:\/\/ecolecaritas.be\/new\/wp-content\/uploads\/2019\/12\/IMG-20191219-WA0038-146x300.jpg 146w, https:\/\/ecolecaritas.be\/new\/wp-content\/uploads\/2019\/12\/IMG-20191219-WA0038-768x1580.jpg 768w, https:\/\/ecolecaritas.be\/new\/wp-content\/uploads\/2019\/12\/IMG-20191219-WA0038-600x1234.jpg 600w, https:\/\/ecolecaritas.be\/new\/wp-content\/uploads\/2019\/12\/IMG-20191219-WA0038.jpg 933w\" sizes=\"auto, (max-width: 292px) 100vw, 292px\" \/><\/figure>\n\n\n\n<figure class=\"wp-block-image\"><img loading=\"lazy\" decoding=\"async\" width=\"292\" height=\"600\" src=\"https:\/\/ecolecaritas.be\/new\/wp-content\/uploads\/2019\/12\/IMG-20191219-WA0037-292x600.jpg\" alt=\"\" class=\"wp-image-151065\" srcset=\"https:\/\/ecolecaritas.be\/new\/wp-content\/uploads\/2019\/12\/IMG-20191219-WA0037-292x600.jpg 292w, https:\/\/ecolecaritas.be\/new\/wp-content\/uploads\/2019\/12\/IMG-20191219-WA0037-146x300.jpg 146w, https:\/\/ecolecaritas.be\/new\/wp-content\/uploads\/2019\/12\/IMG-20191219-WA0037-768x1580.jpg 768w, https:\/\/ecolecaritas.be\/new\/wp-content\/uploads\/2019\/12\/IMG-20191219-WA0037-600x1234.jpg 600w, https:\/\/ecolecaritas.be\/new\/wp-content\/uploads\/2019\/12\/IMG-20191219-WA0037.jpg 933w\" sizes=\"auto, (max-width: 292px) 100vw, 292px\" \/><\/figure>\n\n\n\n<figure class=\"wp-block-image\"><img loading=\"lazy\" decoding=\"async\" width=\"600\" height=\"292\" src=\"https:\/\/ecolecaritas.be\/new\/wp-content\/uploads\/2019\/12\/IMG-20191219-WA0036-600x292.jpg\" alt=\"\" class=\"wp-image-151064\" srcset=\"https:\/\/ecolecaritas.be\/new\/wp-content\/uploads\/2019\/12\/IMG-20191219-WA0036-600x292.jpg 600w, https:\/\/ecolecaritas.be\/new\/wp-content\/uploads\/2019\/12\/IMG-20191219-WA0036-300x146.jpg 300w, https:\/\/ecolecaritas.be\/new\/wp-content\/uploads\/2019\/12\/IMG-20191219-WA0036-768x373.jpg 768w, https:\/\/ecolecaritas.be\/new\/wp-content\/uploads\/2019\/12\/IMG-20191219-WA0036-1320x642.jpg 1320w, https:\/\/ecolecaritas.be\/new\/wp-content\/uploads\/2019\/12\/IMG-20191219-WA0036.jpg 1919w\" sizes=\"auto, (max-width: 600px) 100vw, 600px\" \/><\/figure>\n","protected":false},"excerpt":{"rendered":"<div class=\"mh-excerpt\"><p>Les \u00e9l\u00e8ves de P5 et P6 ont \u00e9t\u00e9 sollicit\u00e9s pour participer au tout nouveau Conseil Communal des Enfants de Beauvechain. Quelques candidats ont donc r\u00e9fl\u00e9chi <a class=\"mh-excerpt-more\" href=\"https:\/\/ecolecaritas.be\/new\/des-elections-a-caritas\/\" title=\"Des \u00e9lections \u00e0 Caritas.\">[&#8230;]<\/a><\/p>\n<\/div>","protected":false},"author":4,"featured_media":151070,"comment_status":"closed","ping_status":"closed","sticky":false,"template":"","format":"standard","meta":{"footnotes":""},"categories":[10],"tags":[],"class_list":["post-151017","post","type-post","status-publish","format-standard","has-post-thumbnail","hentry","category-p56"],"_links":{"self":[{"href":"https:\/\/ecolecaritas.be\/new\/wp-json\/wp\/v2\/posts\/151017","targetHints":{"allow":["GET"]}}],"collection":[{"href":"https:\/\/ecolecaritas.be\/new\/wp-json\/wp\/v2\/posts"}],"about":[{"href":"https:\/\/ecolecaritas.be\/new\/wp-json\/wp\/v2\/types\/post"}],"author":[{"embeddable":true,"href":"https:\/\/ecolecaritas.be\/new\/wp-json\/wp\/v2\/users\/4"}],"replies":[{"embeddable":true,"href":"https:\/\/ecolecaritas.be\/new\/wp-json\/wp\/v2\/comments?post=151017"}],"version-history":[{"count":4,"href":"https:\/\/ecolecaritas.be\/new\/wp-json\/wp\/v2\/posts\/151017\/revisions"}],"predecessor-version":[{"id":151086,"href":"https:\/\/ecolecaritas.be\/new\/wp-json\/wp\/v2\/posts\/151017\/revisions\/151086"}],"wp:featuredmedia":[{"embeddable":true,"href":"https:\/\/ecolecaritas.be\/new\/wp-json\/wp\/v2\/media\/151070"}],"wp:attachment":[{"href":"https:\/\/ecolecaritas.be\/new\/wp-json\/wp\/v2\/media?parent=151017"}],"wp:term":[{"taxonomy":"category","embeddable":true,"href":"https:\/\/ecolecaritas.be\/new\/wp-json\/wp\/v2\/categories?post=151017"},{"taxonomy":"post_tag","embeddable":true,"href":"https:\/\/ecolecaritas.be\/new\/wp-json\/wp\/v2\/tags?post=151017"}],"curies":[{"name":"wp","href":"https:\/\/api.w.org\/{rel}","templated":true}]}}