{"id":151075,"date":"2019-12-20T16:37:20","date_gmt":"2019-12-20T15:37:20","guid":{"rendered":"http:\/\/ecolecaritas.be\/new\/?p=151075"},"modified":"2019-12-20T16:37:20","modified_gmt":"2019-12-20T15:37:20","slug":"lesprit-de-noel-a-caritas","status":"publish","type":"post","link":"https:\/\/ecolecaritas.be\/new\/lesprit-de-noel-a-caritas\/","title":{"rendered":"L&rsquo;esprit de No\u00ebl \u00e0 Caritas."},"content":{"rendered":"\n<p> Ce jeudi, tous nos \u00e9l\u00e8ves se sont rendus \u00e0 l&rsquo;\u00e9glise de Hamme-Mille pour  la c\u00e9l\u00e9bration de No\u00ebl. Les \u00e9l\u00e8ves de P3 ont pr\u00e9sent\u00e9 un tr\u00e8s beau conte  de No\u00ebl agr\u00e9ment\u00e9 de chants repris en choeur par tous les participants.  Les grands de P6 ont innov\u00e9 en racontant la Nativit\u00e9 dans un slam  moderne. Merci \u00e0 P\u00e8re Christophe de nous accueillir dans son \u00e9glise pour ce moment de partage chaleureux. La f\u00eate a continu\u00e9 dans la cour de  l&rsquo;\u00e9cole o\u00f9 les enfants ont repris les chants de la c\u00e9l\u00e9bration (ainsi qu&rsquo;un chant sur une m\u00e9lodie de Vianney et Ma\u00eetre Gims!) avant de  partager notre traditionnel go\u00fbter de No\u00ebl. <\/p>\n\n\n\n<figure class=\"wp-block-image\"><img loading=\"lazy\" decoding=\"async\" width=\"292\" height=\"600\" src=\"https:\/\/ecolecaritas.be\/new\/wp-content\/uploads\/2019\/12\/IMG-20191219-WA0019-292x600.jpg\" alt=\"\" class=\"wp-image-151047\" srcset=\"https:\/\/ecolecaritas.be\/new\/wp-content\/uploads\/2019\/12\/IMG-20191219-WA0019-292x600.jpg 292w, https:\/\/ecolecaritas.be\/new\/wp-content\/uploads\/2019\/12\/IMG-20191219-WA0019-146x300.jpg 146w, https:\/\/ecolecaritas.be\/new\/wp-content\/uploads\/2019\/12\/IMG-20191219-WA0019-768x1580.jpg 768w, https:\/\/ecolecaritas.be\/new\/wp-content\/uploads\/2019\/12\/IMG-20191219-WA0019-600x1234.jpg 600w, https:\/\/ecolecaritas.be\/new\/wp-content\/uploads\/2019\/12\/IMG-20191219-WA0019.jpg 933w\" sizes=\"auto, (max-width: 292px) 100vw, 292px\" \/><\/figure>\n\n\n\n<figure class=\"wp-block-image\"><img loading=\"lazy\" decoding=\"async\" width=\"338\" height=\"600\" src=\"https:\/\/ecolecaritas.be\/new\/wp-content\/uploads\/2019\/12\/IMG_20191219_144435-e1576790750190-338x600.jpg\" alt=\"\" class=\"wp-image-151028\" srcset=\"https:\/\/ecolecaritas.be\/new\/wp-content\/uploads\/2019\/12\/IMG_20191219_144435-e1576790750190-338x600.jpg 338w, https:\/\/ecolecaritas.be\/new\/wp-content\/uploads\/2019\/12\/IMG_20191219_144435-e1576790750190-169x300.jpg 169w, https:\/\/ecolecaritas.be\/new\/wp-content\/uploads\/2019\/12\/IMG_20191219_144435-e1576790750190-768x1365.jpg 768w, https:\/\/ecolecaritas.be\/new\/wp-content\/uploads\/2019\/12\/IMG_20191219_144435-e1576790750190-600x1067.jpg 600w, https:\/\/ecolecaritas.be\/new\/wp-content\/uploads\/2019\/12\/IMG_20191219_144435-e1576790750190-1320x2347.jpg 1320w\" sizes=\"auto, (max-width: 338px) 100vw, 338px\" \/><\/figure>\n\n\n\n<figure class=\"wp-block-image\"><img loading=\"lazy\" decoding=\"async\" width=\"338\" height=\"600\" src=\"https:\/\/ecolecaritas.be\/new\/wp-content\/uploads\/2019\/12\/IMG_20191219_144449-e1576790682481-338x600.jpg\" alt=\"\" class=\"wp-image-151029\" srcset=\"https:\/\/ecolecaritas.be\/new\/wp-content\/uploads\/2019\/12\/IMG_20191219_144449-e1576790682481-338x600.jpg 338w, https:\/\/ecolecaritas.be\/new\/wp-content\/uploads\/2019\/12\/IMG_20191219_144449-e1576790682481-169x300.jpg 169w, https:\/\/ecolecaritas.be\/new\/wp-content\/uploads\/2019\/12\/IMG_20191219_144449-e1576790682481-768x1365.jpg 768w, https:\/\/ecolecaritas.be\/new\/wp-content\/uploads\/2019\/12\/IMG_20191219_144449-e1576790682481-600x1067.jpg 600w, https:\/\/ecolecaritas.be\/new\/wp-content\/uploads\/2019\/12\/IMG_20191219_144449-e1576790682481-1320x2347.jpg 1320w\" sizes=\"auto, (max-width: 338px) 100vw, 338px\" \/><\/figure>\n\n\n\n<figure class=\"wp-block-image\"><img loading=\"lazy\" decoding=\"async\" width=\"338\" height=\"600\" src=\"https:\/\/ecolecaritas.be\/new\/wp-content\/uploads\/2019\/12\/IMG_20191219_144244-e1576790786286-338x600.jpg\" alt=\"\" class=\"wp-image-151026\" srcset=\"https:\/\/ecolecaritas.be\/new\/wp-content\/uploads\/2019\/12\/IMG_20191219_144244-e1576790786286-338x600.jpg 338w, https:\/\/ecolecaritas.be\/new\/wp-content\/uploads\/2019\/12\/IMG_20191219_144244-e1576790786286-169x300.jpg 169w, https:\/\/ecolecaritas.be\/new\/wp-content\/uploads\/2019\/12\/IMG_20191219_144244-e1576790786286-768x1365.jpg 768w, https:\/\/ecolecaritas.be\/new\/wp-content\/uploads\/2019\/12\/IMG_20191219_144244-e1576790786286-600x1067.jpg 600w, https:\/\/ecolecaritas.be\/new\/wp-content\/uploads\/2019\/12\/IMG_20191219_144244-e1576790786286-1320x2347.jpg 1320w\" sizes=\"auto, (max-width: 338px) 100vw, 338px\" \/><\/figure>\n\n\n\n<figure class=\"wp-block-image\"><img loading=\"lazy\" decoding=\"async\" width=\"600\" height=\"292\" src=\"https:\/\/ecolecaritas.be\/new\/wp-content\/uploads\/2019\/12\/IMG-20191219-WA0025-600x292.jpg\" alt=\"\" class=\"wp-image-151053\" srcset=\"https:\/\/ecolecaritas.be\/new\/wp-content\/uploads\/2019\/12\/IMG-20191219-WA0025-600x292.jpg 600w, https:\/\/ecolecaritas.be\/new\/wp-content\/uploads\/2019\/12\/IMG-20191219-WA0025-300x146.jpg 300w, https:\/\/ecolecaritas.be\/new\/wp-content\/uploads\/2019\/12\/IMG-20191219-WA0025-768x373.jpg 768w, https:\/\/ecolecaritas.be\/new\/wp-content\/uploads\/2019\/12\/IMG-20191219-WA0025-1320x642.jpg 1320w, https:\/\/ecolecaritas.be\/new\/wp-content\/uploads\/2019\/12\/IMG-20191219-WA0025.jpg 1919w\" sizes=\"auto, (max-width: 600px) 100vw, 600px\" \/><\/figure>\n\n\n\n<figure class=\"wp-block-image\"><img loading=\"lazy\" decoding=\"async\" width=\"600\" height=\"292\" src=\"https:\/\/ecolecaritas.be\/new\/wp-content\/uploads\/2019\/12\/IMG-20191219-WA0023-600x292.jpg\" alt=\"\" class=\"wp-image-151051\" srcset=\"https:\/\/ecolecaritas.be\/new\/wp-content\/uploads\/2019\/12\/IMG-20191219-WA0023-600x292.jpg 600w, https:\/\/ecolecaritas.be\/new\/wp-content\/uploads\/2019\/12\/IMG-20191219-WA0023-300x146.jpg 300w, https:\/\/ecolecaritas.be\/new\/wp-content\/uploads\/2019\/12\/IMG-20191219-WA0023-768x373.jpg 768w, https:\/\/ecolecaritas.be\/new\/wp-content\/uploads\/2019\/12\/IMG-20191219-WA0023-1320x642.jpg 1320w, https:\/\/ecolecaritas.be\/new\/wp-content\/uploads\/2019\/12\/IMG-20191219-WA0023.jpg 1919w\" sizes=\"auto, (max-width: 600px) 100vw, 600px\" \/><\/figure>\n\n\n\n<figure class=\"wp-block-image\"><img loading=\"lazy\" decoding=\"async\" width=\"338\" height=\"600\" src=\"https:\/\/ecolecaritas.be\/new\/wp-content\/uploads\/2019\/12\/IMG_20191219_152751-e1576790499775-338x600.jpg\" alt=\"\" class=\"wp-image-151034\" srcset=\"https:\/\/ecolecaritas.be\/new\/wp-content\/uploads\/2019\/12\/IMG_20191219_152751-e1576790499775-338x600.jpg 338w, https:\/\/ecolecaritas.be\/new\/wp-content\/uploads\/2019\/12\/IMG_20191219_152751-e1576790499775-169x300.jpg 169w, https:\/\/ecolecaritas.be\/new\/wp-content\/uploads\/2019\/12\/IMG_20191219_152751-e1576790499775-768x1365.jpg 768w, https:\/\/ecolecaritas.be\/new\/wp-content\/uploads\/2019\/12\/IMG_20191219_152751-e1576790499775-600x1067.jpg 600w, https:\/\/ecolecaritas.be\/new\/wp-content\/uploads\/2019\/12\/IMG_20191219_152751-e1576790499775-1320x2347.jpg 1320w\" sizes=\"auto, (max-width: 338px) 100vw, 338px\" \/><\/figure>\n\n\n\n<figure class=\"wp-block-image\"><img loading=\"lazy\" decoding=\"async\" width=\"338\" height=\"600\" src=\"https:\/\/ecolecaritas.be\/new\/wp-content\/uploads\/2019\/12\/IMG_20191219_152224-e1576790552155-338x600.jpg\" alt=\"\" class=\"wp-image-151033\" srcset=\"https:\/\/ecolecaritas.be\/new\/wp-content\/uploads\/2019\/12\/IMG_20191219_152224-e1576790552155-338x600.jpg 338w, https:\/\/ecolecaritas.be\/new\/wp-content\/uploads\/2019\/12\/IMG_20191219_152224-e1576790552155-169x300.jpg 169w, https:\/\/ecolecaritas.be\/new\/wp-content\/uploads\/2019\/12\/IMG_20191219_152224-e1576790552155-768x1365.jpg 768w, https:\/\/ecolecaritas.be\/new\/wp-content\/uploads\/2019\/12\/IMG_20191219_152224-e1576790552155-600x1067.jpg 600w, https:\/\/ecolecaritas.be\/new\/wp-content\/uploads\/2019\/12\/IMG_20191219_152224-e1576790552155-1320x2347.jpg 1320w\" sizes=\"auto, (max-width: 338px) 100vw, 338px\" \/><\/figure>\n\n\n\n<figure class=\"wp-block-image\"><img loading=\"lazy\" decoding=\"async\" width=\"338\" height=\"600\" src=\"https:\/\/ecolecaritas.be\/new\/wp-content\/uploads\/2019\/12\/IMG_20191219_152054-e1576790596451-338x600.jpg\" alt=\"\" class=\"wp-image-151032\" srcset=\"https:\/\/ecolecaritas.be\/new\/wp-content\/uploads\/2019\/12\/IMG_20191219_152054-e1576790596451-338x600.jpg 338w, https:\/\/ecolecaritas.be\/new\/wp-content\/uploads\/2019\/12\/IMG_20191219_152054-e1576790596451-169x300.jpg 169w, https:\/\/ecolecaritas.be\/new\/wp-content\/uploads\/2019\/12\/IMG_20191219_152054-e1576790596451-768x1365.jpg 768w, https:\/\/ecolecaritas.be\/new\/wp-content\/uploads\/2019\/12\/IMG_20191219_152054-e1576790596451-600x1067.jpg 600w, https:\/\/ecolecaritas.be\/new\/wp-content\/uploads\/2019\/12\/IMG_20191219_152054-e1576790596451-1320x2347.jpg 1320w\" sizes=\"auto, (max-width: 338px) 100vw, 338px\" \/><\/figure>\n\n\n\n<figure class=\"wp-block-image\"><img loading=\"lazy\" decoding=\"async\" width=\"600\" height=\"277\" src=\"https:\/\/ecolecaritas.be\/new\/wp-content\/uploads\/2019\/12\/IMG-20191219-WA0009-600x277.jpg\" alt=\"\" class=\"wp-image-151042\" srcset=\"https:\/\/ecolecaritas.be\/new\/wp-content\/uploads\/2019\/12\/IMG-20191219-WA0009-600x277.jpg 600w, https:\/\/ecolecaritas.be\/new\/wp-content\/uploads\/2019\/12\/IMG-20191219-WA0009-300x138.jpg 300w, https:\/\/ecolecaritas.be\/new\/wp-content\/uploads\/2019\/12\/IMG-20191219-WA0009-768x354.jpg 768w, https:\/\/ecolecaritas.be\/new\/wp-content\/uploads\/2019\/12\/IMG-20191219-WA0009-1320x608.jpg 1320w, https:\/\/ecolecaritas.be\/new\/wp-content\/uploads\/2019\/12\/IMG-20191219-WA0009.jpg 1920w\" sizes=\"auto, (max-width: 600px) 100vw, 600px\" \/><\/figure>\n\n\n\n<figure class=\"wp-block-image\"><img loading=\"lazy\" decoding=\"async\" width=\"600\" height=\"338\" src=\"https:\/\/ecolecaritas.be\/new\/wp-content\/uploads\/2019\/12\/IMG_20191219_133722-600x338.jpg\" alt=\"\" class=\"wp-image-151024\" srcset=\"https:\/\/ecolecaritas.be\/new\/wp-content\/uploads\/2019\/12\/IMG_20191219_133722-600x338.jpg 600w, https:\/\/ecolecaritas.be\/new\/wp-content\/uploads\/2019\/12\/IMG_20191219_133722-300x169.jpg 300w, https:\/\/ecolecaritas.be\/new\/wp-content\/uploads\/2019\/12\/IMG_20191219_133722-768x432.jpg 768w, https:\/\/ecolecaritas.be\/new\/wp-content\/uploads\/2019\/12\/IMG_20191219_133722-678x381.jpg 678w, https:\/\/ecolecaritas.be\/new\/wp-content\/uploads\/2019\/12\/IMG_20191219_133722-1320x743.jpg 1320w\" sizes=\"auto, (max-width: 600px) 100vw, 600px\" \/><\/figure>\n","protected":false},"excerpt":{"rendered":"<div class=\"mh-excerpt\"><p>Ce jeudi, tous nos \u00e9l\u00e8ves se sont rendus \u00e0 l&rsquo;\u00e9glise de Hamme-Mille pour la c\u00e9l\u00e9bration de No\u00ebl. Les \u00e9l\u00e8ves de P3 ont pr\u00e9sent\u00e9 un tr\u00e8s <a class=\"mh-excerpt-more\" href=\"https:\/\/ecolecaritas.be\/new\/lesprit-de-noel-a-caritas\/\" title=\"L&rsquo;esprit de No\u00ebl \u00e0 Caritas.\">[&#8230;]<\/a><\/p>\n<\/div>","protected":false},"author":4,"featured_media":151030,"comment_status":"closed","ping_status":"closed","sticky":false,"template":"","format":"standard","meta":{"footnotes":""},"categories":[6],"tags":[],"class_list":["post-151075","post","type-post","status-publish","format-standard","has-post-thumbnail","hentry","category-general"],"_links":{"self":[{"href":"https:\/\/ecolecaritas.be\/new\/wp-json\/wp\/v2\/posts\/151075","targetHints":{"allow":["GET"]}}],"collection":[{"href":"https:\/\/ecolecaritas.be\/new\/wp-json\/wp\/v2\/posts"}],"about":[{"href":"https:\/\/ecolecaritas.be\/new\/wp-json\/wp\/v2\/types\/post"}],"author":[{"embeddable":true,"href":"https:\/\/ecolecaritas.be\/new\/wp-json\/wp\/v2\/users\/4"}],"replies":[{"embeddable":true,"href":"https:\/\/ecolecaritas.be\/new\/wp-json\/wp\/v2\/comments?post=151075"}],"version-history":[{"count":5,"href":"https:\/\/ecolecaritas.be\/new\/wp-json\/wp\/v2\/posts\/151075\/revisions"}],"predecessor-version":[{"id":151085,"href":"https:\/\/ecolecaritas.be\/new\/wp-json\/wp\/v2\/posts\/151075\/revisions\/151085"}],"wp:featuredmedia":[{"embeddable":true,"href":"https:\/\/ecolecaritas.be\/new\/wp-json\/wp\/v2\/media\/151030"}],"wp:attachment":[{"href":"https:\/\/ecolecaritas.be\/new\/wp-json\/wp\/v2\/media?parent=151075"}],"wp:term":[{"taxonomy":"category","embeddable":true,"href":"https:\/\/ecolecaritas.be\/new\/wp-json\/wp\/v2\/categories?post=151075"},{"taxonomy":"post_tag","embeddable":true,"href":"https:\/\/ecolecaritas.be\/new\/wp-json\/wp\/v2\/tags?post=151075"}],"curies":[{"name":"wp","href":"https:\/\/api.w.org\/{rel}","templated":true}]}}