{"id":151080,"date":"2019-12-20T16:40:24","date_gmt":"2019-12-20T15:40:24","guid":{"rendered":"http:\/\/ecolecaritas.be\/new\/?p=151080"},"modified":"2019-12-20T16:40:24","modified_gmt":"2019-12-20T15:40:24","slug":"operation-shoebox","status":"publish","type":"post","link":"https:\/\/ecolecaritas.be\/new\/operation-shoebox\/","title":{"rendered":"Op\u00e9ration ShoeBox"},"content":{"rendered":"\n<p>Cette ann\u00e9e, nous avons d\u00e9cid\u00e9 de vous solliciter pour l&rsquo;action ShoeBox qui distribue des boites de provisions non p\u00e9rissables aux sans-abris de notre Province. Nous avons r\u00e9colt\u00e9 une centaine de boites bien garnies. Nous vous remercions pour votre g\u00e9n\u00e9rosit\u00e9 et votre implication.<\/p>\n\n\n\n<figure class=\"wp-block-image\"><img loading=\"lazy\" decoding=\"async\" width=\"600\" height=\"292\" src=\"https:\/\/ecolecaritas.be\/new\/wp-content\/uploads\/2019\/12\/IMG-20191219-WA0007-600x292.jpg\" alt=\"\" class=\"wp-image-151040\" srcset=\"https:\/\/ecolecaritas.be\/new\/wp-content\/uploads\/2019\/12\/IMG-20191219-WA0007-600x292.jpg 600w, https:\/\/ecolecaritas.be\/new\/wp-content\/uploads\/2019\/12\/IMG-20191219-WA0007-300x146.jpg 300w, https:\/\/ecolecaritas.be\/new\/wp-content\/uploads\/2019\/12\/IMG-20191219-WA0007-768x373.jpg 768w, https:\/\/ecolecaritas.be\/new\/wp-content\/uploads\/2019\/12\/IMG-20191219-WA0007-1320x642.jpg 1320w, https:\/\/ecolecaritas.be\/new\/wp-content\/uploads\/2019\/12\/IMG-20191219-WA0007.jpg 1919w\" sizes=\"auto, (max-width: 600px) 100vw, 600px\" \/><\/figure>\n","protected":false},"excerpt":{"rendered":"<div class=\"mh-excerpt\"><p>Cette ann\u00e9e, nous avons d\u00e9cid\u00e9 de vous solliciter pour l&rsquo;action ShoeBox qui distribue des boites de provisions non p\u00e9rissables aux sans-abris de notre Province. Nous <a class=\"mh-excerpt-more\" href=\"https:\/\/ecolecaritas.be\/new\/operation-shoebox\/\" title=\"Op\u00e9ration ShoeBox\">[&#8230;]<\/a><\/p>\n<\/div>","protected":false},"author":4,"featured_media":151039,"comment_status":"closed","ping_status":"closed","sticky":false,"template":"","format":"standard","meta":{"footnotes":""},"categories":[6],"tags":[],"class_list":["post-151080","post","type-post","status-publish","format-standard","has-post-thumbnail","hentry","category-general"],"_links":{"self":[{"href":"https:\/\/ecolecaritas.be\/new\/wp-json\/wp\/v2\/posts\/151080","targetHints":{"allow":["GET"]}}],"collection":[{"href":"https:\/\/ecolecaritas.be\/new\/wp-json\/wp\/v2\/posts"}],"about":[{"href":"https:\/\/ecolecaritas.be\/new\/wp-json\/wp\/v2\/types\/post"}],"author":[{"embeddable":true,"href":"https:\/\/ecolecaritas.be\/new\/wp-json\/wp\/v2\/users\/4"}],"replies":[{"embeddable":true,"href":"https:\/\/ecolecaritas.be\/new\/wp-json\/wp\/v2\/comments?post=151080"}],"version-history":[{"count":3,"href":"https:\/\/ecolecaritas.be\/new\/wp-json\/wp\/v2\/posts\/151080\/revisions"}],"predecessor-version":[{"id":151087,"href":"https:\/\/ecolecaritas.be\/new\/wp-json\/wp\/v2\/posts\/151080\/revisions\/151087"}],"wp:featuredmedia":[{"embeddable":true,"href":"https:\/\/ecolecaritas.be\/new\/wp-json\/wp\/v2\/media\/151039"}],"wp:attachment":[{"href":"https:\/\/ecolecaritas.be\/new\/wp-json\/wp\/v2\/media?parent=151080"}],"wp:term":[{"taxonomy":"category","embeddable":true,"href":"https:\/\/ecolecaritas.be\/new\/wp-json\/wp\/v2\/categories?post=151080"},{"taxonomy":"post_tag","embeddable":true,"href":"https:\/\/ecolecaritas.be\/new\/wp-json\/wp\/v2\/tags?post=151080"}],"curies":[{"name":"wp","href":"https:\/\/api.w.org\/{rel}","templated":true}]}}