{"id":151105,"date":"2020-01-15T14:48:05","date_gmt":"2020-01-15T13:48:05","guid":{"rendered":"http:\/\/ecolecaritas.be\/new\/?p=151105"},"modified":"2020-01-15T14:48:05","modified_gmt":"2020-01-15T13:48:05","slug":"spectacle-de-gym-p4-et-p5","status":"publish","type":"post","link":"https:\/\/ecolecaritas.be\/new\/spectacle-de-gym-p4-et-p5\/","title":{"rendered":"Spectacle de gym P4 et P5"},"content":{"rendered":"\n<p>Les \u00e9l\u00e8ves de P4 et P5 ont pr\u00e9sent\u00e9, ce mardi 14 janvier, un spectacle de  gymnastique \u00e0 toute notre \u00e9cole. Celui-ci reprenait des figures d\u2019acrosport alli\u00e9es avec des \u00e9l\u00e9ments gymniques. Cette ann\u00e9e, le th\u00e8me  abord\u00e9 \u00e9tait les 4 saisons sur l\u2019air du compositeur Antonio Vivaldi.  BRAVO \u00e0 eux!!! <\/p>\n\n\n\n<figure class=\"wp-block-image\"><img loading=\"lazy\" decoding=\"async\" width=\"524\" height=\"600\" src=\"https:\/\/ecolecaritas.be\/new\/wp-content\/uploads\/2020\/01\/IMG-20200114-WA0008-e1579030731300-524x600.jpg\" alt=\"\" class=\"wp-image-151103\" srcset=\"https:\/\/ecolecaritas.be\/new\/wp-content\/uploads\/2020\/01\/IMG-20200114-WA0008-e1579030731300-524x600.jpg 524w, https:\/\/ecolecaritas.be\/new\/wp-content\/uploads\/2020\/01\/IMG-20200114-WA0008-e1579030731300-262x300.jpg 262w, https:\/\/ecolecaritas.be\/new\/wp-content\/uploads\/2020\/01\/IMG-20200114-WA0008-e1579030731300-768x880.jpg 768w, https:\/\/ecolecaritas.be\/new\/wp-content\/uploads\/2020\/01\/IMG-20200114-WA0008-e1579030731300-600x688.jpg 600w, https:\/\/ecolecaritas.be\/new\/wp-content\/uploads\/2020\/01\/IMG-20200114-WA0008-e1579030731300.jpg 1089w\" sizes=\"auto, (max-width: 524px) 100vw, 524px\" \/><\/figure>\n\n\n\n<figure class=\"wp-block-image\"><img loading=\"lazy\" decoding=\"async\" width=\"522\" height=\"600\" src=\"https:\/\/ecolecaritas.be\/new\/wp-content\/uploads\/2020\/01\/IMG-20200114-WA0007-e1579030814855-522x600.jpg\" alt=\"\" class=\"wp-image-151102\" srcset=\"https:\/\/ecolecaritas.be\/new\/wp-content\/uploads\/2020\/01\/IMG-20200114-WA0007-e1579030814855-522x600.jpg 522w, https:\/\/ecolecaritas.be\/new\/wp-content\/uploads\/2020\/01\/IMG-20200114-WA0007-e1579030814855-261x300.jpg 261w, https:\/\/ecolecaritas.be\/new\/wp-content\/uploads\/2020\/01\/IMG-20200114-WA0007-e1579030814855-768x882.jpg 768w, https:\/\/ecolecaritas.be\/new\/wp-content\/uploads\/2020\/01\/IMG-20200114-WA0007-e1579030814855-600x689.jpg 600w, https:\/\/ecolecaritas.be\/new\/wp-content\/uploads\/2020\/01\/IMG-20200114-WA0007-e1579030814855.jpg 1094w\" sizes=\"auto, (max-width: 522px) 100vw, 522px\" \/><\/figure>\n\n\n\n<figure class=\"wp-block-image\"><img loading=\"lazy\" decoding=\"async\" width=\"519\" height=\"600\" src=\"https:\/\/ecolecaritas.be\/new\/wp-content\/uploads\/2020\/01\/IMG-20200114-WA0006-e1579030852811-519x600.jpg\" alt=\"\" class=\"wp-image-151101\" srcset=\"https:\/\/ecolecaritas.be\/new\/wp-content\/uploads\/2020\/01\/IMG-20200114-WA0006-e1579030852811-519x600.jpg 519w, https:\/\/ecolecaritas.be\/new\/wp-content\/uploads\/2020\/01\/IMG-20200114-WA0006-e1579030852811-260x300.jpg 260w, https:\/\/ecolecaritas.be\/new\/wp-content\/uploads\/2020\/01\/IMG-20200114-WA0006-e1579030852811-768x887.jpg 768w, https:\/\/ecolecaritas.be\/new\/wp-content\/uploads\/2020\/01\/IMG-20200114-WA0006-e1579030852811-600x693.jpg 600w, https:\/\/ecolecaritas.be\/new\/wp-content\/uploads\/2020\/01\/IMG-20200114-WA0006-e1579030852811.jpg 1084w\" sizes=\"auto, (max-width: 519px) 100vw, 519px\" \/><\/figure>\n\n\n\n<figure class=\"wp-block-image\"><img loading=\"lazy\" decoding=\"async\" width=\"518\" height=\"600\" src=\"https:\/\/ecolecaritas.be\/new\/wp-content\/uploads\/2020\/01\/IMG-20200114-WA0005-e1579030888678-518x600.jpg\" alt=\"\" class=\"wp-image-151100\" srcset=\"https:\/\/ecolecaritas.be\/new\/wp-content\/uploads\/2020\/01\/IMG-20200114-WA0005-e1579030888678-518x600.jpg 518w, https:\/\/ecolecaritas.be\/new\/wp-content\/uploads\/2020\/01\/IMG-20200114-WA0005-e1579030888678-259x300.jpg 259w, https:\/\/ecolecaritas.be\/new\/wp-content\/uploads\/2020\/01\/IMG-20200114-WA0005-e1579030888678-768x889.jpg 768w, https:\/\/ecolecaritas.be\/new\/wp-content\/uploads\/2020\/01\/IMG-20200114-WA0005-e1579030888678-600x695.jpg 600w, https:\/\/ecolecaritas.be\/new\/wp-content\/uploads\/2020\/01\/IMG-20200114-WA0005-e1579030888678.jpg 1094w\" sizes=\"auto, (max-width: 518px) 100vw, 518px\" \/><\/figure>\n\n\n\n<figure class=\"wp-block-image\"><img loading=\"lazy\" decoding=\"async\" width=\"523\" height=\"600\" src=\"https:\/\/ecolecaritas.be\/new\/wp-content\/uploads\/2020\/01\/IMG-20200114-WA0004-e1579030921562-523x600.jpg\" alt=\"\" class=\"wp-image-151099\" srcset=\"https:\/\/ecolecaritas.be\/new\/wp-content\/uploads\/2020\/01\/IMG-20200114-WA0004-e1579030921562-523x600.jpg 523w, https:\/\/ecolecaritas.be\/new\/wp-content\/uploads\/2020\/01\/IMG-20200114-WA0004-e1579030921562-262x300.jpg 262w, https:\/\/ecolecaritas.be\/new\/wp-content\/uploads\/2020\/01\/IMG-20200114-WA0004-e1579030921562-768x880.jpg 768w, https:\/\/ecolecaritas.be\/new\/wp-content\/uploads\/2020\/01\/IMG-20200114-WA0004-e1579030921562-600x688.jpg 600w, https:\/\/ecolecaritas.be\/new\/wp-content\/uploads\/2020\/01\/IMG-20200114-WA0004-e1579030921562.jpg 1113w\" sizes=\"auto, (max-width: 523px) 100vw, 523px\" \/><\/figure>\n\n\n\n<figure class=\"wp-block-image\"><img loading=\"lazy\" decoding=\"async\" width=\"520\" height=\"600\" src=\"https:\/\/ecolecaritas.be\/new\/wp-content\/uploads\/2020\/01\/IMG-20200114-WA0003-e1579030951646-520x600.jpg\" alt=\"\" class=\"wp-image-151098\" srcset=\"https:\/\/ecolecaritas.be\/new\/wp-content\/uploads\/2020\/01\/IMG-20200114-WA0003-e1579030951646-520x600.jpg 520w, https:\/\/ecolecaritas.be\/new\/wp-content\/uploads\/2020\/01\/IMG-20200114-WA0003-e1579030951646-260x300.jpg 260w, https:\/\/ecolecaritas.be\/new\/wp-content\/uploads\/2020\/01\/IMG-20200114-WA0003-e1579030951646-768x886.jpg 768w, https:\/\/ecolecaritas.be\/new\/wp-content\/uploads\/2020\/01\/IMG-20200114-WA0003-e1579030951646-600x692.jpg 600w, https:\/\/ecolecaritas.be\/new\/wp-content\/uploads\/2020\/01\/IMG-20200114-WA0003-e1579030951646.jpg 1094w\" sizes=\"auto, (max-width: 520px) 100vw, 520px\" \/><\/figure>\n\n\n\n<figure class=\"wp-block-image\"><img loading=\"lazy\" decoding=\"async\" width=\"527\" height=\"600\" src=\"https:\/\/ecolecaritas.be\/new\/wp-content\/uploads\/2020\/01\/IMG-20200114-WA0001-e1579030985131-527x600.jpg\" alt=\"\" class=\"wp-image-151096\" srcset=\"https:\/\/ecolecaritas.be\/new\/wp-content\/uploads\/2020\/01\/IMG-20200114-WA0001-e1579030985131-527x600.jpg 527w, https:\/\/ecolecaritas.be\/new\/wp-content\/uploads\/2020\/01\/IMG-20200114-WA0001-e1579030985131-264x300.jpg 264w, https:\/\/ecolecaritas.be\/new\/wp-content\/uploads\/2020\/01\/IMG-20200114-WA0001-e1579030985131-768x874.jpg 768w, https:\/\/ecolecaritas.be\/new\/wp-content\/uploads\/2020\/01\/IMG-20200114-WA0001-e1579030985131-600x683.jpg 600w, https:\/\/ecolecaritas.be\/new\/wp-content\/uploads\/2020\/01\/IMG-20200114-WA0001-e1579030985131.jpg 1113w\" sizes=\"auto, (max-width: 527px) 100vw, 527px\" \/><\/figure>\n","protected":false},"excerpt":{"rendered":"<div class=\"mh-excerpt\"><p>Les \u00e9l\u00e8ves de P4 et P5 ont pr\u00e9sent\u00e9, ce mardi 14 janvier, un spectacle de gymnastique \u00e0 toute notre \u00e9cole. Celui-ci reprenait des figures d\u2019acrosport <a class=\"mh-excerpt-more\" href=\"https:\/\/ecolecaritas.be\/new\/spectacle-de-gym-p4-et-p5\/\" title=\"Spectacle de gym P4 et P5\">[&#8230;]<\/a><\/p>\n<\/div>","protected":false},"author":4,"featured_media":151097,"comment_status":"closed","ping_status":"closed","sticky":false,"template":"","format":"standard","meta":{"footnotes":""},"categories":[9,10],"tags":[],"class_list":["post-151105","post","type-post","status-publish","format-standard","has-post-thumbnail","hentry","category-p34","category-p56"],"_links":{"self":[{"href":"https:\/\/ecolecaritas.be\/new\/wp-json\/wp\/v2\/posts\/151105","targetHints":{"allow":["GET"]}}],"collection":[{"href":"https:\/\/ecolecaritas.be\/new\/wp-json\/wp\/v2\/posts"}],"about":[{"href":"https:\/\/ecolecaritas.be\/new\/wp-json\/wp\/v2\/types\/post"}],"author":[{"embeddable":true,"href":"https:\/\/ecolecaritas.be\/new\/wp-json\/wp\/v2\/users\/4"}],"replies":[{"embeddable":true,"href":"https:\/\/ecolecaritas.be\/new\/wp-json\/wp\/v2\/comments?post=151105"}],"version-history":[{"count":6,"href":"https:\/\/ecolecaritas.be\/new\/wp-json\/wp\/v2\/posts\/151105\/revisions"}],"predecessor-version":[{"id":151112,"href":"https:\/\/ecolecaritas.be\/new\/wp-json\/wp\/v2\/posts\/151105\/revisions\/151112"}],"wp:featuredmedia":[{"embeddable":true,"href":"https:\/\/ecolecaritas.be\/new\/wp-json\/wp\/v2\/media\/151097"}],"wp:attachment":[{"href":"https:\/\/ecolecaritas.be\/new\/wp-json\/wp\/v2\/media?parent=151105"}],"wp:term":[{"taxonomy":"category","embeddable":true,"href":"https:\/\/ecolecaritas.be\/new\/wp-json\/wp\/v2\/categories?post=151105"},{"taxonomy":"post_tag","embeddable":true,"href":"https:\/\/ecolecaritas.be\/new\/wp-json\/wp\/v2\/tags?post=151105"}],"curies":[{"name":"wp","href":"https:\/\/api.w.org\/{rel}","templated":true}]}}