{"id":151176,"date":"2020-02-18T15:56:13","date_gmt":"2020-02-18T14:56:13","guid":{"rendered":"http:\/\/ecolecaritas.be\/new\/?p=151176"},"modified":"2020-02-18T15:56:13","modified_gmt":"2020-02-18T14:56:13","slug":"et-dans-la-presse-on-en-dit","status":"publish","type":"post","link":"https:\/\/ecolecaritas.be\/new\/et-dans-la-presse-on-en-dit\/","title":{"rendered":"Et dans la presse, on en dit&#8230;"},"content":{"rendered":"\n<p>Voici le lien vers l&rsquo;article paru le vendredi 14 f\u00e9vrier, \u00e0 propos des 7 \u00e9l\u00e8ves se rendant \u00e0 la demi-finale de la Dict\u00e9e du Balfroid.<br><a rel=\"noreferrer noopener\" href=\"https:\/\/www.lavenir.net\/cnt\/dmf20200213_01444289\/l-ecole-caritas-envoie-sept-eleves-a-la-dictee-du-balfroid-a-braine-l-alleud?utm_source=lavenir&amp;utm_medium=social&amp;utm_content=footer&amp;utm_campaign=send-to-a-friend&amp;utm_term=1C2UI6QP\" target=\"_blank\">https:\/\/www.lavenir.net\/cnt\/dmf20200213_01444289\/l-ecole-caritas-envoie-sept-eleves-a-la-dictee-du-balfroid-a-braine-l-alleud?utm_source=lavenir&amp;utm_medium=social&amp;utm_content=footer&amp;utm_campaign=send-to-a-friend&amp;utm_term=1C2UI6QP<\/a><\/p>\n\n\n\n<p>Et voici le scan d&rsquo;un article paru ce lundi 17 f\u00e9vrier&#8230;<\/p>\n\n\n\n<figure class=\"wp-block-image\"><img loading=\"lazy\" decoding=\"async\" width=\"435\" height=\"600\" src=\"https:\/\/ecolecaritas.be\/new\/wp-content\/uploads\/2020\/02\/image-435x600.png\" alt=\"\" class=\"wp-image-151179\" srcset=\"https:\/\/ecolecaritas.be\/new\/wp-content\/uploads\/2020\/02\/image-435x600.png 435w, https:\/\/ecolecaritas.be\/new\/wp-content\/uploads\/2020\/02\/image-218x300.png 218w, https:\/\/ecolecaritas.be\/new\/wp-content\/uploads\/2020\/02\/image-768x1059.png 768w, https:\/\/ecolecaritas.be\/new\/wp-content\/uploads\/2020\/02\/image-600x827.png 600w, https:\/\/ecolecaritas.be\/new\/wp-content\/uploads\/2020\/02\/image-1320x1820.png 1320w\" sizes=\"auto, (max-width: 435px) 100vw, 435px\" \/><\/figure>\n\n\n\n\n\n<p><\/p>\n","protected":false},"excerpt":{"rendered":"<div class=\"mh-excerpt\"><p>Voici le lien vers l&rsquo;article paru le vendredi 14 f\u00e9vrier, \u00e0 propos des 7 \u00e9l\u00e8ves se rendant \u00e0 la demi-finale de la Dict\u00e9e du Balfroid.https:\/\/www.lavenir.net\/cnt\/dmf20200213_01444289\/l-ecole-caritas-envoie-sept-eleves-a-la-dictee-du-balfroid-a-braine-l-alleud?utm_source=lavenir&amp;utm_medium=social&amp;utm_content=footer&amp;utm_campaign=send-to-a-friend&amp;utm_term=1C2UI6QP <a class=\"mh-excerpt-more\" href=\"https:\/\/ecolecaritas.be\/new\/et-dans-la-presse-on-en-dit\/\" title=\"Et dans la presse, on en dit&#8230;\">[&#8230;]<\/a><\/p>\n<\/div>","protected":false},"author":4,"featured_media":151180,"comment_status":"closed","ping_status":"closed","sticky":false,"template":"","format":"standard","meta":{"footnotes":""},"categories":[10,1],"tags":[],"class_list":["post-151176","post","type-post","status-publish","format-standard","has-post-thumbnail","hentry","category-p56","category-uncategorized"],"_links":{"self":[{"href":"https:\/\/ecolecaritas.be\/new\/wp-json\/wp\/v2\/posts\/151176","targetHints":{"allow":["GET"]}}],"collection":[{"href":"https:\/\/ecolecaritas.be\/new\/wp-json\/wp\/v2\/posts"}],"about":[{"href":"https:\/\/ecolecaritas.be\/new\/wp-json\/wp\/v2\/types\/post"}],"author":[{"embeddable":true,"href":"https:\/\/ecolecaritas.be\/new\/wp-json\/wp\/v2\/users\/4"}],"replies":[{"embeddable":true,"href":"https:\/\/ecolecaritas.be\/new\/wp-json\/wp\/v2\/comments?post=151176"}],"version-history":[{"count":1,"href":"https:\/\/ecolecaritas.be\/new\/wp-json\/wp\/v2\/posts\/151176\/revisions"}],"predecessor-version":[{"id":151181,"href":"https:\/\/ecolecaritas.be\/new\/wp-json\/wp\/v2\/posts\/151176\/revisions\/151181"}],"wp:featuredmedia":[{"embeddable":true,"href":"https:\/\/ecolecaritas.be\/new\/wp-json\/wp\/v2\/media\/151180"}],"wp:attachment":[{"href":"https:\/\/ecolecaritas.be\/new\/wp-json\/wp\/v2\/media?parent=151176"}],"wp:term":[{"taxonomy":"category","embeddable":true,"href":"https:\/\/ecolecaritas.be\/new\/wp-json\/wp\/v2\/categories?post=151176"},{"taxonomy":"post_tag","embeddable":true,"href":"https:\/\/ecolecaritas.be\/new\/wp-json\/wp\/v2\/tags?post=151176"}],"curies":[{"name":"wp","href":"https:\/\/api.w.org\/{rel}","templated":true}]}}