{"id":151244,"date":"2020-02-21T10:52:06","date_gmt":"2020-02-21T09:52:06","guid":{"rendered":"http:\/\/ecolecaritas.be\/new\/?p=151244"},"modified":"2020-02-21T10:52:06","modified_gmt":"2020-02-21T09:52:06","slug":"balade-gourmande-en-maternelle","status":"publish","type":"post","link":"https:\/\/ecolecaritas.be\/new\/balade-gourmande-en-maternelle\/","title":{"rendered":"Balade gourmande en maternelle"},"content":{"rendered":"\n<p>Petite balade gourmande de toutes les maternelles avec quelques parents et grands-parents.  C&rsquo;est \u00ab\u00a0chapeaut\u00e9s\u00a0\u00bb et par le chemin des \u00e9coliers que nous avons rejoint le kiosque pour partager un d\u00e9licieux go\u00fbter.  Merci \u00e0 toutes les petites mains qui nous ont pr\u00e9par\u00e9 de succulentes p\u00e2tisseries. <\/p>\n\n\n\n<figure class=\"wp-block-image\"><img loading=\"lazy\" decoding=\"async\" width=\"450\" height=\"600\" src=\"https:\/\/ecolecaritas.be\/new\/wp-content\/uploads\/2020\/02\/IMG_20200220_145623-450x600.jpg\" alt=\"\" class=\"wp-image-151230\" srcset=\"https:\/\/ecolecaritas.be\/new\/wp-content\/uploads\/2020\/02\/IMG_20200220_145623-450x600.jpg 450w, https:\/\/ecolecaritas.be\/new\/wp-content\/uploads\/2020\/02\/IMG_20200220_145623-225x300.jpg 225w, https:\/\/ecolecaritas.be\/new\/wp-content\/uploads\/2020\/02\/IMG_20200220_145623-768x1024.jpg 768w, https:\/\/ecolecaritas.be\/new\/wp-content\/uploads\/2020\/02\/IMG_20200220_145623-600x800.jpg 600w, https:\/\/ecolecaritas.be\/new\/wp-content\/uploads\/2020\/02\/IMG_20200220_145623-1320x1760.jpg 1320w\" sizes=\"auto, (max-width: 450px) 100vw, 450px\" \/><\/figure>\n\n\n\n<figure class=\"wp-block-image\"><img loading=\"lazy\" decoding=\"async\" width=\"450\" height=\"600\" src=\"https:\/\/ecolecaritas.be\/new\/wp-content\/uploads\/2020\/02\/IMG_20200220_145738-450x600.jpg\" alt=\"\" class=\"wp-image-151231\" srcset=\"https:\/\/ecolecaritas.be\/new\/wp-content\/uploads\/2020\/02\/IMG_20200220_145738-450x600.jpg 450w, https:\/\/ecolecaritas.be\/new\/wp-content\/uploads\/2020\/02\/IMG_20200220_145738-225x300.jpg 225w, https:\/\/ecolecaritas.be\/new\/wp-content\/uploads\/2020\/02\/IMG_20200220_145738-768x1024.jpg 768w, https:\/\/ecolecaritas.be\/new\/wp-content\/uploads\/2020\/02\/IMG_20200220_145738-600x800.jpg 600w, https:\/\/ecolecaritas.be\/new\/wp-content\/uploads\/2020\/02\/IMG_20200220_145738-1320x1760.jpg 1320w\" sizes=\"auto, (max-width: 450px) 100vw, 450px\" \/><\/figure>\n\n\n\n<figure class=\"wp-block-image\"><img loading=\"lazy\" decoding=\"async\" width=\"338\" height=\"600\" src=\"https:\/\/ecolecaritas.be\/new\/wp-content\/uploads\/2020\/02\/image0-338x600.jpeg\" alt=\"\" class=\"wp-image-151232\" srcset=\"https:\/\/ecolecaritas.be\/new\/wp-content\/uploads\/2020\/02\/image0-338x600.jpeg 338w, https:\/\/ecolecaritas.be\/new\/wp-content\/uploads\/2020\/02\/image0-169x300.jpeg 169w, https:\/\/ecolecaritas.be\/new\/wp-content\/uploads\/2020\/02\/image0-768x1365.jpeg 768w, https:\/\/ecolecaritas.be\/new\/wp-content\/uploads\/2020\/02\/image0-600x1067.jpeg 600w, https:\/\/ecolecaritas.be\/new\/wp-content\/uploads\/2020\/02\/image0.jpeg 1125w\" sizes=\"auto, (max-width: 338px) 100vw, 338px\" \/><\/figure>\n\n\n\n<figure class=\"wp-block-image\"><img loading=\"lazy\" decoding=\"async\" width=\"338\" height=\"600\" src=\"https:\/\/ecolecaritas.be\/new\/wp-content\/uploads\/2020\/02\/image1-338x600.jpeg\" alt=\"\" class=\"wp-image-151233\" srcset=\"https:\/\/ecolecaritas.be\/new\/wp-content\/uploads\/2020\/02\/image1-338x600.jpeg 338w, https:\/\/ecolecaritas.be\/new\/wp-content\/uploads\/2020\/02\/image1-169x300.jpeg 169w, https:\/\/ecolecaritas.be\/new\/wp-content\/uploads\/2020\/02\/image1-768x1365.jpeg 768w, https:\/\/ecolecaritas.be\/new\/wp-content\/uploads\/2020\/02\/image1-600x1067.jpeg 600w, https:\/\/ecolecaritas.be\/new\/wp-content\/uploads\/2020\/02\/image1.jpeg 1125w\" sizes=\"auto, (max-width: 338px) 100vw, 338px\" \/><\/figure>\n\n\n\n<figure class=\"wp-block-image\"><img loading=\"lazy\" decoding=\"async\" width=\"600\" height=\"338\" src=\"https:\/\/ecolecaritas.be\/new\/wp-content\/uploads\/2020\/02\/IMG_20200220_102503-e1582224291321-600x338.jpg\" alt=\"\" class=\"wp-image-151228\" srcset=\"https:\/\/ecolecaritas.be\/new\/wp-content\/uploads\/2020\/02\/IMG_20200220_102503-e1582224291321-600x338.jpg 600w, https:\/\/ecolecaritas.be\/new\/wp-content\/uploads\/2020\/02\/IMG_20200220_102503-e1582224291321-300x169.jpg 300w, https:\/\/ecolecaritas.be\/new\/wp-content\/uploads\/2020\/02\/IMG_20200220_102503-e1582224291321-768x432.jpg 768w, https:\/\/ecolecaritas.be\/new\/wp-content\/uploads\/2020\/02\/IMG_20200220_102503-e1582224291321-678x381.jpg 678w, https:\/\/ecolecaritas.be\/new\/wp-content\/uploads\/2020\/02\/IMG_20200220_102503-e1582224291321-1320x743.jpg 1320w\" sizes=\"auto, (max-width: 600px) 100vw, 600px\" \/><\/figure>\n","protected":false},"excerpt":{"rendered":"<div class=\"mh-excerpt\"><p>Petite balade gourmande de toutes les maternelles avec quelques parents et grands-parents. C&rsquo;est \u00ab\u00a0chapeaut\u00e9s\u00a0\u00bb et par le chemin des \u00e9coliers que nous avons rejoint le <a class=\"mh-excerpt-more\" href=\"https:\/\/ecolecaritas.be\/new\/balade-gourmande-en-maternelle\/\" title=\"Balade gourmande en maternelle\">[&#8230;]<\/a><\/p>\n<\/div>","protected":false},"author":4,"featured_media":151229,"comment_status":"closed","ping_status":"closed","sticky":false,"template":"","format":"standard","meta":{"footnotes":""},"categories":[7],"tags":[],"class_list":["post-151244","post","type-post","status-publish","format-standard","has-post-thumbnail","hentry","category-mat"],"_links":{"self":[{"href":"https:\/\/ecolecaritas.be\/new\/wp-json\/wp\/v2\/posts\/151244","targetHints":{"allow":["GET"]}}],"collection":[{"href":"https:\/\/ecolecaritas.be\/new\/wp-json\/wp\/v2\/posts"}],"about":[{"href":"https:\/\/ecolecaritas.be\/new\/wp-json\/wp\/v2\/types\/post"}],"author":[{"embeddable":true,"href":"https:\/\/ecolecaritas.be\/new\/wp-json\/wp\/v2\/users\/4"}],"replies":[{"embeddable":true,"href":"https:\/\/ecolecaritas.be\/new\/wp-json\/wp\/v2\/comments?post=151244"}],"version-history":[{"count":2,"href":"https:\/\/ecolecaritas.be\/new\/wp-json\/wp\/v2\/posts\/151244\/revisions"}],"predecessor-version":[{"id":151249,"href":"https:\/\/ecolecaritas.be\/new\/wp-json\/wp\/v2\/posts\/151244\/revisions\/151249"}],"wp:featuredmedia":[{"embeddable":true,"href":"https:\/\/ecolecaritas.be\/new\/wp-json\/wp\/v2\/media\/151229"}],"wp:attachment":[{"href":"https:\/\/ecolecaritas.be\/new\/wp-json\/wp\/v2\/media?parent=151244"}],"wp:term":[{"taxonomy":"category","embeddable":true,"href":"https:\/\/ecolecaritas.be\/new\/wp-json\/wp\/v2\/categories?post=151244"},{"taxonomy":"post_tag","embeddable":true,"href":"https:\/\/ecolecaritas.be\/new\/wp-json\/wp\/v2\/tags?post=151244"}],"curies":[{"name":"wp","href":"https:\/\/api.w.org\/{rel}","templated":true}]}}