{"id":151387,"date":"2020-04-20T10:31:21","date_gmt":"2020-04-20T08:31:21","guid":{"rendered":"http:\/\/ecolecaritas.be\/new\/?p=151387"},"modified":"2020-04-20T10:31:21","modified_gmt":"2020-04-20T08:31:21","slug":"les-defis-confines-episode-1","status":"publish","type":"post","link":"https:\/\/ecolecaritas.be\/new\/les-defis-confines-episode-1\/","title":{"rendered":"Les d\u00e9fis confin\u00e9s : \u00e9pisode 1"},"content":{"rendered":"\n<p>Confin\u00e9s mais pas seuls, il nous tenait \u00e0 coeur de continuer \u00e0 voir nos chers petits ainsi que leurs r\u00e9alisations.<\/p>\n\n\n\n<p>En \u00e9quipe, nous avons lanc\u00e9 des d\u00e9fis en cascades, relev\u00e9s admirablement par nos maternelles&#x1f917;<\/p>\n\n\n\n<p>Nous sommes fiers de vous pr\u00e9senter le premier \u00e9pisode des d\u00e9fis confin\u00e9s, \u00e0 destination des premi\u00e8res maternelles : <\/p>\n\n\n\n<p><strong>Cr\u00e9er son arbre de P\u00e2ques<\/strong>  &#x1f334;&#x1f95a;  : travail sur la stabilit\u00e9 du support et cr\u00e9ations libres<br><\/p>\n\n\n\n<p>Bravo \u00e0 tous !<\/p>\n\n\n\n<figure class=\"wp-block-gallery columns-3 is-cropped wp-block-gallery-1 is-layout-flex wp-block-gallery-is-layout-flex\"><ul class=\"blocks-gallery-grid\"><li class=\"blocks-gallery-item\"><figure><img loading=\"lazy\" decoding=\"async\" width=\"338\" height=\"600\" src=\"https:\/\/ecolecaritas.be\/new\/wp-content\/uploads\/2020\/04\/IMG-20200403-WA0005-338x600.jpg\" alt=\"\" data-id=\"151386\" data-full-url=\"https:\/\/ecolecaritas.be\/new\/wp-content\/uploads\/2020\/04\/IMG-20200403-WA0005.jpg\" data-link=\"https:\/\/ecolecaritas.be\/new\/?attachment_id=151386\" class=\"wp-image-151386\" srcset=\"https:\/\/ecolecaritas.be\/new\/wp-content\/uploads\/2020\/04\/IMG-20200403-WA0005-338x600.jpg 338w, https:\/\/ecolecaritas.be\/new\/wp-content\/uploads\/2020\/04\/IMG-20200403-WA0005-169x300.jpg 169w, https:\/\/ecolecaritas.be\/new\/wp-content\/uploads\/2020\/04\/IMG-20200403-WA0005-768x1365.jpg 768w, https:\/\/ecolecaritas.be\/new\/wp-content\/uploads\/2020\/04\/IMG-20200403-WA0005-600x1067.jpg 600w, https:\/\/ecolecaritas.be\/new\/wp-content\/uploads\/2020\/04\/IMG-20200403-WA0005-864x1536.jpg 864w, https:\/\/ecolecaritas.be\/new\/wp-content\/uploads\/2020\/04\/IMG-20200403-WA0005.jpg 1080w\" sizes=\"auto, (max-width: 338px) 100vw, 338px\" \/><\/figure><\/li><li class=\"blocks-gallery-item\"><figure><img loading=\"lazy\" decoding=\"async\" width=\"600\" height=\"450\" src=\"https:\/\/ecolecaritas.be\/new\/wp-content\/uploads\/2020\/04\/IMG-20200403-WA0018-600x450.jpg\" alt=\"\" data-id=\"151349\" data-full-url=\"https:\/\/ecolecaritas.be\/new\/wp-content\/uploads\/2020\/04\/IMG-20200403-WA0018.jpg\" data-link=\"https:\/\/ecolecaritas.be\/new\/?attachment_id=151349\" class=\"wp-image-151349\" srcset=\"https:\/\/ecolecaritas.be\/new\/wp-content\/uploads\/2020\/04\/IMG-20200403-WA0018-600x450.jpg 600w, https:\/\/ecolecaritas.be\/new\/wp-content\/uploads\/2020\/04\/IMG-20200403-WA0018-300x225.jpg 300w, https:\/\/ecolecaritas.be\/new\/wp-content\/uploads\/2020\/04\/IMG-20200403-WA0018-768x576.jpg 768w, https:\/\/ecolecaritas.be\/new\/wp-content\/uploads\/2020\/04\/IMG-20200403-WA0018-1536x1152.jpg 1536w, https:\/\/ecolecaritas.be\/new\/wp-content\/uploads\/2020\/04\/IMG-20200403-WA0018-678x509.jpg 678w, https:\/\/ecolecaritas.be\/new\/wp-content\/uploads\/2020\/04\/IMG-20200403-WA0018-326x245.jpg 326w, https:\/\/ecolecaritas.be\/new\/wp-content\/uploads\/2020\/04\/IMG-20200403-WA0018-80x60.jpg 80w, https:\/\/ecolecaritas.be\/new\/wp-content\/uploads\/2020\/04\/IMG-20200403-WA0018-1320x990.jpg 1320w, https:\/\/ecolecaritas.be\/new\/wp-content\/uploads\/2020\/04\/IMG-20200403-WA0018.jpg 1920w\" sizes=\"auto, (max-width: 600px) 100vw, 600px\" \/><\/figure><\/li><li class=\"blocks-gallery-item\"><figure><img loading=\"lazy\" decoding=\"async\" width=\"450\" height=\"600\" src=\"https:\/\/ecolecaritas.be\/new\/wp-content\/uploads\/2020\/04\/IMG-20200407-WA0006-450x600.jpg\" alt=\"\" data-id=\"151347\" data-full-url=\"https:\/\/ecolecaritas.be\/new\/wp-content\/uploads\/2020\/04\/IMG-20200407-WA0006.jpg\" data-link=\"https:\/\/ecolecaritas.be\/new\/?attachment_id=151347\" class=\"wp-image-151347\" srcset=\"https:\/\/ecolecaritas.be\/new\/wp-content\/uploads\/2020\/04\/IMG-20200407-WA0006-450x600.jpg 450w, https:\/\/ecolecaritas.be\/new\/wp-content\/uploads\/2020\/04\/IMG-20200407-WA0006-225x300.jpg 225w, https:\/\/ecolecaritas.be\/new\/wp-content\/uploads\/2020\/04\/IMG-20200407-WA0006-768x1024.jpg 768w, https:\/\/ecolecaritas.be\/new\/wp-content\/uploads\/2020\/04\/IMG-20200407-WA0006-600x800.jpg 600w, https:\/\/ecolecaritas.be\/new\/wp-content\/uploads\/2020\/04\/IMG-20200407-WA0006-1152x1536.jpg 1152w, https:\/\/ecolecaritas.be\/new\/wp-content\/uploads\/2020\/04\/IMG-20200407-WA0006-1320x1760.jpg 1320w, https:\/\/ecolecaritas.be\/new\/wp-content\/uploads\/2020\/04\/IMG-20200407-WA0006.jpg 1440w\" sizes=\"auto, (max-width: 450px) 100vw, 450px\" \/><\/figure><\/li><li class=\"blocks-gallery-item\"><figure><img loading=\"lazy\" decoding=\"async\" width=\"449\" height=\"600\" src=\"https:\/\/ecolecaritas.be\/new\/wp-content\/uploads\/2020\/04\/IMG-20200409-WA0010-449x600.jpg\" alt=\"\" data-id=\"151342\" data-full-url=\"https:\/\/ecolecaritas.be\/new\/wp-content\/uploads\/2020\/04\/IMG-20200409-WA0010.jpg\" data-link=\"https:\/\/ecolecaritas.be\/new\/?attachment_id=151342\" class=\"wp-image-151342\" srcset=\"https:\/\/ecolecaritas.be\/new\/wp-content\/uploads\/2020\/04\/IMG-20200409-WA0010-449x600.jpg 449w, https:\/\/ecolecaritas.be\/new\/wp-content\/uploads\/2020\/04\/IMG-20200409-WA0010-224x300.jpg 224w, https:\/\/ecolecaritas.be\/new\/wp-content\/uploads\/2020\/04\/IMG-20200409-WA0010-768x1027.jpg 768w, https:\/\/ecolecaritas.be\/new\/wp-content\/uploads\/2020\/04\/IMG-20200409-WA0010-600x802.jpg 600w, https:\/\/ecolecaritas.be\/new\/wp-content\/uploads\/2020\/04\/IMG-20200409-WA0010-1149x1536.jpg 1149w, https:\/\/ecolecaritas.be\/new\/wp-content\/uploads\/2020\/04\/IMG-20200409-WA0010-1320x1765.jpg 1320w, https:\/\/ecolecaritas.be\/new\/wp-content\/uploads\/2020\/04\/IMG-20200409-WA0010.jpg 1436w\" sizes=\"auto, (max-width: 449px) 100vw, 449px\" \/><\/figure><\/li><li class=\"blocks-gallery-item\"><figure><img loading=\"lazy\" decoding=\"async\" width=\"450\" height=\"600\" src=\"https:\/\/ecolecaritas.be\/new\/wp-content\/uploads\/2020\/04\/IMG-20200407-WA0009-450x600.jpg\" alt=\"\" data-id=\"151345\" data-full-url=\"https:\/\/ecolecaritas.be\/new\/wp-content\/uploads\/2020\/04\/IMG-20200407-WA0009.jpg\" data-link=\"https:\/\/ecolecaritas.be\/new\/?attachment_id=151345\" class=\"wp-image-151345\" srcset=\"https:\/\/ecolecaritas.be\/new\/wp-content\/uploads\/2020\/04\/IMG-20200407-WA0009-450x600.jpg 450w, https:\/\/ecolecaritas.be\/new\/wp-content\/uploads\/2020\/04\/IMG-20200407-WA0009-225x300.jpg 225w, https:\/\/ecolecaritas.be\/new\/wp-content\/uploads\/2020\/04\/IMG-20200407-WA0009-600x800.jpg 600w, https:\/\/ecolecaritas.be\/new\/wp-content\/uploads\/2020\/04\/IMG-20200407-WA0009.jpg 720w\" sizes=\"auto, (max-width: 450px) 100vw, 450px\" \/><\/figure><\/li><li class=\"blocks-gallery-item\"><figure><img loading=\"lazy\" decoding=\"async\" width=\"600\" height=\"450\" src=\"https:\/\/ecolecaritas.be\/new\/wp-content\/uploads\/2020\/04\/IMG-20200412-WA0025-600x450.jpg\" alt=\"\" data-id=\"151341\" data-full-url=\"https:\/\/ecolecaritas.be\/new\/wp-content\/uploads\/2020\/04\/IMG-20200412-WA0025.jpg\" data-link=\"https:\/\/ecolecaritas.be\/new\/?attachment_id=151341\" class=\"wp-image-151341\" srcset=\"https:\/\/ecolecaritas.be\/new\/wp-content\/uploads\/2020\/04\/IMG-20200412-WA0025-600x450.jpg 600w, https:\/\/ecolecaritas.be\/new\/wp-content\/uploads\/2020\/04\/IMG-20200412-WA0025-300x225.jpg 300w, https:\/\/ecolecaritas.be\/new\/wp-content\/uploads\/2020\/04\/IMG-20200412-WA0025-768x576.jpg 768w, https:\/\/ecolecaritas.be\/new\/wp-content\/uploads\/2020\/04\/IMG-20200412-WA0025-1536x1152.jpg 1536w, https:\/\/ecolecaritas.be\/new\/wp-content\/uploads\/2020\/04\/IMG-20200412-WA0025-678x509.jpg 678w, https:\/\/ecolecaritas.be\/new\/wp-content\/uploads\/2020\/04\/IMG-20200412-WA0025-326x245.jpg 326w, https:\/\/ecolecaritas.be\/new\/wp-content\/uploads\/2020\/04\/IMG-20200412-WA0025-80x60.jpg 80w, https:\/\/ecolecaritas.be\/new\/wp-content\/uploads\/2020\/04\/IMG-20200412-WA0025-1320x990.jpg 1320w, https:\/\/ecolecaritas.be\/new\/wp-content\/uploads\/2020\/04\/IMG-20200412-WA0025.jpg 1600w\" sizes=\"auto, (max-width: 600px) 100vw, 600px\" \/><\/figure><\/li><li class=\"blocks-gallery-item\"><figure><img loading=\"lazy\" decoding=\"async\" width=\"450\" height=\"600\" src=\"https:\/\/ecolecaritas.be\/new\/wp-content\/uploads\/2020\/04\/IMG-20200408-WA0011-450x600.jpg\" alt=\"\" data-id=\"151343\" data-full-url=\"https:\/\/ecolecaritas.be\/new\/wp-content\/uploads\/2020\/04\/IMG-20200408-WA0011.jpg\" data-link=\"https:\/\/ecolecaritas.be\/new\/?attachment_id=151343\" class=\"wp-image-151343\" srcset=\"https:\/\/ecolecaritas.be\/new\/wp-content\/uploads\/2020\/04\/IMG-20200408-WA0011-450x600.jpg 450w, https:\/\/ecolecaritas.be\/new\/wp-content\/uploads\/2020\/04\/IMG-20200408-WA0011-225x300.jpg 225w, https:\/\/ecolecaritas.be\/new\/wp-content\/uploads\/2020\/04\/IMG-20200408-WA0011-600x800.jpg 600w, https:\/\/ecolecaritas.be\/new\/wp-content\/uploads\/2020\/04\/IMG-20200408-WA0011.jpg 768w\" sizes=\"auto, (max-width: 450px) 100vw, 450px\" \/><\/figure><\/li><\/ul><\/figure>\n","protected":false},"excerpt":{"rendered":"<div class=\"mh-excerpt\"><p>Confin\u00e9s mais pas seuls, il nous tenait \u00e0 coeur de continuer \u00e0 voir nos chers petits ainsi que leurs r\u00e9alisations. En \u00e9quipe, nous avons lanc\u00e9 <a class=\"mh-excerpt-more\" href=\"https:\/\/ecolecaritas.be\/new\/les-defis-confines-episode-1\/\" title=\"Les d\u00e9fis confin\u00e9s : \u00e9pisode 1\">[&#8230;]<\/a><\/p>\n<\/div>","protected":false},"author":5,"featured_media":151342,"comment_status":"closed","ping_status":"closed","sticky":false,"template":"","format":"standard","meta":{"footnotes":""},"categories":[7],"tags":[],"class_list":["post-151387","post","type-post","status-publish","format-standard","has-post-thumbnail","hentry","category-mat"],"_links":{"self":[{"href":"https:\/\/ecolecaritas.be\/new\/wp-json\/wp\/v2\/posts\/151387","targetHints":{"allow":["GET"]}}],"collection":[{"href":"https:\/\/ecolecaritas.be\/new\/wp-json\/wp\/v2\/posts"}],"about":[{"href":"https:\/\/ecolecaritas.be\/new\/wp-json\/wp\/v2\/types\/post"}],"author":[{"embeddable":true,"href":"https:\/\/ecolecaritas.be\/new\/wp-json\/wp\/v2\/users\/5"}],"replies":[{"embeddable":true,"href":"https:\/\/ecolecaritas.be\/new\/wp-json\/wp\/v2\/comments?post=151387"}],"version-history":[{"count":1,"href":"https:\/\/ecolecaritas.be\/new\/wp-json\/wp\/v2\/posts\/151387\/revisions"}],"predecessor-version":[{"id":151388,"href":"https:\/\/ecolecaritas.be\/new\/wp-json\/wp\/v2\/posts\/151387\/revisions\/151388"}],"wp:featuredmedia":[{"embeddable":true,"href":"https:\/\/ecolecaritas.be\/new\/wp-json\/wp\/v2\/media\/151342"}],"wp:attachment":[{"href":"https:\/\/ecolecaritas.be\/new\/wp-json\/wp\/v2\/media?parent=151387"}],"wp:term":[{"taxonomy":"category","embeddable":true,"href":"https:\/\/ecolecaritas.be\/new\/wp-json\/wp\/v2\/categories?post=151387"},{"taxonomy":"post_tag","embeddable":true,"href":"https:\/\/ecolecaritas.be\/new\/wp-json\/wp\/v2\/tags?post=151387"}],"curies":[{"name":"wp","href":"https:\/\/api.w.org\/{rel}","templated":true}]}}