{"id":151389,"date":"2020-04-20T11:38:57","date_gmt":"2020-04-20T09:38:57","guid":{"rendered":"http:\/\/ecolecaritas.be\/new\/?p=151389"},"modified":"2020-04-20T11:38:57","modified_gmt":"2020-04-20T09:38:57","slug":"les-defis-confines-episode-2","status":"publish","type":"post","link":"https:\/\/ecolecaritas.be\/new\/les-defis-confines-episode-2\/","title":{"rendered":"Les d\u00e9fis confin\u00e9s : \u00e9pisode 2"},"content":{"rendered":"\n<p> <\/p>\n\n\n\n<p>A l&rsquo;\u00e9cole, nous avions programm\u00e9 une semaine \u00ab\u00a0SAINE\u00a0\u00bb ax\u00e9e sur l&rsquo;alimentation en maternelle. Nous avons propos\u00e9 aux enfants de la vivre \u00e0 la maison.&nbsp;Au programme : de succulents&nbsp;biscuits&nbsp;\u00e0 pr\u00e9parer, une recette d&rsquo;oeufs color\u00e9s et un peu de jardinage.<br>Et les enfants ont jou\u00e9 le jeu avec leurs parents ! G\u00e9nial!<br><\/p>\n\n\n\n<figure class=\"wp-block-image\"><img decoding=\"async\" src=\"https:\/\/mail.google.com\/mail\/e\/1f36a\" alt=\"&#x1f36a;\"\/><\/figure>\n\n\n\n<p>Voici notre recette de petits&nbsp;biscuits&nbsp;d&rsquo;avoine :<\/p>\n\n\n\n<figure class=\"wp-block-image size-large\"><img loading=\"lazy\" decoding=\"async\" width=\"600\" height=\"564\" src=\"https:\/\/ecolecaritas.be\/new\/wp-content\/uploads\/2020\/04\/image-600x564.png\" alt=\"\" class=\"wp-image-151394\" srcset=\"https:\/\/ecolecaritas.be\/new\/wp-content\/uploads\/2020\/04\/image-600x564.png 600w, https:\/\/ecolecaritas.be\/new\/wp-content\/uploads\/2020\/04\/image-300x282.png 300w, https:\/\/ecolecaritas.be\/new\/wp-content\/uploads\/2020\/04\/image-768x722.png 768w, https:\/\/ecolecaritas.be\/new\/wp-content\/uploads\/2020\/04\/image.png 1149w\" sizes=\"auto, (max-width: 600px) 100vw, 600px\" \/><\/figure>\n\n\n\n<p>Vos r\u00e9alisations : <\/p>\n\n\n\n<figure class=\"wp-block-gallery columns-3 is-cropped wp-block-gallery-1 is-layout-flex wp-block-gallery-is-layout-flex\"><ul class=\"blocks-gallery-grid\"><li class=\"blocks-gallery-item\"><figure><img loading=\"lazy\" decoding=\"async\" width=\"600\" height=\"588\" src=\"https:\/\/ecolecaritas.be\/new\/wp-content\/uploads\/2020\/04\/Screenshot_2020-04-20-10-50-242-600x588.png\" alt=\"\" data-id=\"151406\" data-full-url=\"https:\/\/ecolecaritas.be\/new\/wp-content\/uploads\/2020\/04\/Screenshot_2020-04-20-10-50-242.png\" data-link=\"https:\/\/ecolecaritas.be\/new\/?attachment_id=151406\" class=\"wp-image-151406\" srcset=\"https:\/\/ecolecaritas.be\/new\/wp-content\/uploads\/2020\/04\/Screenshot_2020-04-20-10-50-242-600x588.png 600w, https:\/\/ecolecaritas.be\/new\/wp-content\/uploads\/2020\/04\/Screenshot_2020-04-20-10-50-242-300x294.png 300w, https:\/\/ecolecaritas.be\/new\/wp-content\/uploads\/2020\/04\/Screenshot_2020-04-20-10-50-242-768x752.png 768w, https:\/\/ecolecaritas.be\/new\/wp-content\/uploads\/2020\/04\/Screenshot_2020-04-20-10-50-242.png 1080w\" sizes=\"auto, (max-width: 600px) 100vw, 600px\" \/><\/figure><\/li><li class=\"blocks-gallery-item\"><figure><img loading=\"lazy\" decoding=\"async\" width=\"590\" height=\"600\" src=\"https:\/\/ecolecaritas.be\/new\/wp-content\/uploads\/2020\/04\/Screenshot_2020-04-20-10-50-142-590x600.png\" alt=\"\" data-id=\"151405\" data-full-url=\"https:\/\/ecolecaritas.be\/new\/wp-content\/uploads\/2020\/04\/Screenshot_2020-04-20-10-50-142.png\" data-link=\"https:\/\/ecolecaritas.be\/new\/?attachment_id=151405\" class=\"wp-image-151405\" srcset=\"https:\/\/ecolecaritas.be\/new\/wp-content\/uploads\/2020\/04\/Screenshot_2020-04-20-10-50-142-590x600.png 590w, https:\/\/ecolecaritas.be\/new\/wp-content\/uploads\/2020\/04\/Screenshot_2020-04-20-10-50-142-295x300.png 295w, https:\/\/ecolecaritas.be\/new\/wp-content\/uploads\/2020\/04\/Screenshot_2020-04-20-10-50-142-768x782.png 768w, https:\/\/ecolecaritas.be\/new\/wp-content\/uploads\/2020\/04\/Screenshot_2020-04-20-10-50-142-600x611.png 600w, https:\/\/ecolecaritas.be\/new\/wp-content\/uploads\/2020\/04\/Screenshot_2020-04-20-10-50-142.png 1080w\" sizes=\"auto, (max-width: 590px) 100vw, 590px\" \/><\/figure><\/li><li class=\"blocks-gallery-item\"><figure><img loading=\"lazy\" decoding=\"async\" width=\"600\" height=\"600\" src=\"https:\/\/ecolecaritas.be\/new\/wp-content\/uploads\/2020\/04\/IMG-20200401-WA0014-600x600.jpg\" alt=\"\" data-id=\"151404\" data-full-url=\"https:\/\/ecolecaritas.be\/new\/wp-content\/uploads\/2020\/04\/IMG-20200401-WA0014.jpg\" data-link=\"https:\/\/ecolecaritas.be\/new\/?attachment_id=151404\" class=\"wp-image-151404\" srcset=\"https:\/\/ecolecaritas.be\/new\/wp-content\/uploads\/2020\/04\/IMG-20200401-WA0014-600x600.jpg 600w, https:\/\/ecolecaritas.be\/new\/wp-content\/uploads\/2020\/04\/IMG-20200401-WA0014-300x300.jpg 300w, https:\/\/ecolecaritas.be\/new\/wp-content\/uploads\/2020\/04\/IMG-20200401-WA0014-150x150.jpg 150w, https:\/\/ecolecaritas.be\/new\/wp-content\/uploads\/2020\/04\/IMG-20200401-WA0014-768x768.jpg 768w, https:\/\/ecolecaritas.be\/new\/wp-content\/uploads\/2020\/04\/IMG-20200401-WA0014-500x500.jpg 500w, https:\/\/ecolecaritas.be\/new\/wp-content\/uploads\/2020\/04\/IMG-20200401-WA0014-400x400.jpg 400w, https:\/\/ecolecaritas.be\/new\/wp-content\/uploads\/2020\/04\/IMG-20200401-WA0014.jpg 960w\" sizes=\"auto, (max-width: 600px) 100vw, 600px\" \/><\/figure><\/li><li class=\"blocks-gallery-item\"><figure><img loading=\"lazy\" decoding=\"async\" width=\"338\" height=\"600\" src=\"https:\/\/ecolecaritas.be\/new\/wp-content\/uploads\/2020\/04\/IMG-20200317-WA0003-338x600.jpg\" alt=\"\" data-id=\"151371\" data-full-url=\"https:\/\/ecolecaritas.be\/new\/wp-content\/uploads\/2020\/04\/IMG-20200317-WA0003.jpg\" data-link=\"https:\/\/ecolecaritas.be\/new\/?attachment_id=151371\" class=\"wp-image-151371\" srcset=\"https:\/\/ecolecaritas.be\/new\/wp-content\/uploads\/2020\/04\/IMG-20200317-WA0003-338x600.jpg 338w, https:\/\/ecolecaritas.be\/new\/wp-content\/uploads\/2020\/04\/IMG-20200317-WA0003-169x300.jpg 169w, https:\/\/ecolecaritas.be\/new\/wp-content\/uploads\/2020\/04\/IMG-20200317-WA0003-768x1365.jpg 768w, https:\/\/ecolecaritas.be\/new\/wp-content\/uploads\/2020\/04\/IMG-20200317-WA0003-600x1067.jpg 600w, https:\/\/ecolecaritas.be\/new\/wp-content\/uploads\/2020\/04\/IMG-20200317-WA0003-864x1536.jpg 864w, https:\/\/ecolecaritas.be\/new\/wp-content\/uploads\/2020\/04\/IMG-20200317-WA0003.jpg 1080w\" sizes=\"auto, (max-width: 338px) 100vw, 338px\" \/><\/figure><\/li><li class=\"blocks-gallery-item\"><figure><img loading=\"lazy\" decoding=\"async\" width=\"338\" height=\"600\" src=\"https:\/\/ecolecaritas.be\/new\/wp-content\/uploads\/2020\/04\/IMG-20200317-WA0004-338x600.jpg\" alt=\"\" data-id=\"151370\" data-full-url=\"https:\/\/ecolecaritas.be\/new\/wp-content\/uploads\/2020\/04\/IMG-20200317-WA0004.jpg\" data-link=\"https:\/\/ecolecaritas.be\/new\/?attachment_id=151370\" class=\"wp-image-151370\" srcset=\"https:\/\/ecolecaritas.be\/new\/wp-content\/uploads\/2020\/04\/IMG-20200317-WA0004-338x600.jpg 338w, https:\/\/ecolecaritas.be\/new\/wp-content\/uploads\/2020\/04\/IMG-20200317-WA0004-169x300.jpg 169w, https:\/\/ecolecaritas.be\/new\/wp-content\/uploads\/2020\/04\/IMG-20200317-WA0004-768x1365.jpg 768w, https:\/\/ecolecaritas.be\/new\/wp-content\/uploads\/2020\/04\/IMG-20200317-WA0004-600x1067.jpg 600w, https:\/\/ecolecaritas.be\/new\/wp-content\/uploads\/2020\/04\/IMG-20200317-WA0004-864x1536.jpg 864w, https:\/\/ecolecaritas.be\/new\/wp-content\/uploads\/2020\/04\/IMG-20200317-WA0004.jpg 1080w\" sizes=\"auto, (max-width: 338px) 100vw, 338px\" \/><\/figure><\/li><li class=\"blocks-gallery-item\"><figure><img loading=\"lazy\" decoding=\"async\" width=\"450\" height=\"600\" src=\"https:\/\/ecolecaritas.be\/new\/wp-content\/uploads\/2020\/04\/IMG-20200406-WA0021-450x600.jpg\" alt=\"\" data-id=\"151346\" data-full-url=\"https:\/\/ecolecaritas.be\/new\/wp-content\/uploads\/2020\/04\/IMG-20200406-WA0021.jpg\" data-link=\"https:\/\/ecolecaritas.be\/new\/?attachment_id=151346\" class=\"wp-image-151346\" srcset=\"https:\/\/ecolecaritas.be\/new\/wp-content\/uploads\/2020\/04\/IMG-20200406-WA0021-450x600.jpg 450w, https:\/\/ecolecaritas.be\/new\/wp-content\/uploads\/2020\/04\/IMG-20200406-WA0021-225x300.jpg 225w, https:\/\/ecolecaritas.be\/new\/wp-content\/uploads\/2020\/04\/IMG-20200406-WA0021-600x800.jpg 600w, https:\/\/ecolecaritas.be\/new\/wp-content\/uploads\/2020\/04\/IMG-20200406-WA0021.jpg 720w\" sizes=\"auto, (max-width: 450px) 100vw, 450px\" \/><\/figure><\/li><\/ul><\/figure>\n\n\n\n<figure class=\"wp-block-image\"><img decoding=\"async\" src=\"https:\/\/mail.google.com\/mail\/e\/1f423\" alt=\"&#x1f423;\"\/><\/figure>\n\n\n\n<p>&nbsp;Voici ensuite la recette des oeufs color\u00e9s :<br>Allez chercher vos pelures d&rsquo;oignons rouges (ha oui, c&rsquo;est ici qu&rsquo;elles interviennent !;-)), mettez-les dans une casserole, couvrez d&rsquo;eau.<br>Facultatif : allez chercher quelques petites fleurs ou feuilles d&rsquo;arbres ou herbes aromatiques (fines de pr\u00e9f\u00e9rence), d\u00e9posez en une sur chaque oeuf et emballer-les dans un morceau de bas-nylon clair, faites un n\u0153ud&nbsp;bien serr\u00e9.exemple avec du cerfeuil :&nbsp;<\/p>\n\n\n\n<figure class=\"wp-block-gallery columns-3 is-cropped wp-block-gallery-2 is-layout-flex wp-block-gallery-is-layout-flex\"><ul class=\"blocks-gallery-grid\"><li class=\"blocks-gallery-item\"><figure><img loading=\"lazy\" decoding=\"async\" width=\"346\" height=\"193\" src=\"https:\/\/ecolecaritas.be\/new\/wp-content\/uploads\/2020\/04\/image-3.png\" alt=\"\" data-id=\"151396\" data-full-url=\"https:\/\/ecolecaritas.be\/new\/wp-content\/uploads\/2020\/04\/image-3.png\" data-link=\"https:\/\/ecolecaritas.be\/new\/?attachment_id=151396\" class=\"wp-image-151396\" srcset=\"https:\/\/ecolecaritas.be\/new\/wp-content\/uploads\/2020\/04\/image-3.png 346w, https:\/\/ecolecaritas.be\/new\/wp-content\/uploads\/2020\/04\/image-3-300x167.png 300w\" sizes=\"auto, (max-width: 346px) 100vw, 346px\" \/><\/figure><\/li><li class=\"blocks-gallery-item\"><figure><img loading=\"lazy\" decoding=\"async\" width=\"346\" height=\"193\" src=\"https:\/\/ecolecaritas.be\/new\/wp-content\/uploads\/2020\/04\/image-4.png\" alt=\"\" data-id=\"151395\" data-full-url=\"https:\/\/ecolecaritas.be\/new\/wp-content\/uploads\/2020\/04\/image-4.png\" data-link=\"https:\/\/ecolecaritas.be\/new\/?attachment_id=151395\" class=\"wp-image-151395\" srcset=\"https:\/\/ecolecaritas.be\/new\/wp-content\/uploads\/2020\/04\/image-4.png 346w, https:\/\/ecolecaritas.be\/new\/wp-content\/uploads\/2020\/04\/image-4-300x167.png 300w\" sizes=\"auto, (max-width: 346px) 100vw, 346px\" \/><\/figure><\/li><li class=\"blocks-gallery-item\"><figure><img loading=\"lazy\" decoding=\"async\" width=\"598\" height=\"423\" src=\"https:\/\/ecolecaritas.be\/new\/wp-content\/uploads\/2020\/04\/image-2.png\" alt=\"\" data-id=\"151397\" data-full-url=\"https:\/\/ecolecaritas.be\/new\/wp-content\/uploads\/2020\/04\/image-2.png\" data-link=\"https:\/\/ecolecaritas.be\/new\/?attachment_id=151397\" class=\"wp-image-151397\" srcset=\"https:\/\/ecolecaritas.be\/new\/wp-content\/uploads\/2020\/04\/image-2.png 598w, https:\/\/ecolecaritas.be\/new\/wp-content\/uploads\/2020\/04\/image-2-300x212.png 300w\" sizes=\"auto, (max-width: 598px) 100vw, 598px\" \/><\/figure><\/li><\/ul><\/figure>\n\n\n\n<p>Plongez vos oeufs (coquille claire de pr\u00e9f\u00e9rence) dans l&rsquo;eau et portez \u00e0 \u00e9bullition, laisser cuire 10 minutes.<br>Alors? Pas mal hein !<\/p>\n\n\n\n<p>vos r\u00e9alisations :<\/p>\n\n\n\n<figure class=\"wp-block-gallery columns-2 is-cropped wp-block-gallery-3 is-layout-flex wp-block-gallery-is-layout-flex\"><ul class=\"blocks-gallery-grid\"><li class=\"blocks-gallery-item\"><figure><img loading=\"lazy\" decoding=\"async\" width=\"421\" height=\"519\" src=\"https:\/\/ecolecaritas.be\/new\/wp-content\/uploads\/2020\/04\/Screenshot_2020-04-20-10-49-592.png\" alt=\"\" data-id=\"151408\" data-full-url=\"https:\/\/ecolecaritas.be\/new\/wp-content\/uploads\/2020\/04\/Screenshot_2020-04-20-10-49-592.png\" data-link=\"https:\/\/ecolecaritas.be\/new\/?attachment_id=151408\" class=\"wp-image-151408\" srcset=\"https:\/\/ecolecaritas.be\/new\/wp-content\/uploads\/2020\/04\/Screenshot_2020-04-20-10-49-592.png 421w, https:\/\/ecolecaritas.be\/new\/wp-content\/uploads\/2020\/04\/Screenshot_2020-04-20-10-49-592-243x300.png 243w\" sizes=\"auto, (max-width: 421px) 100vw, 421px\" \/><\/figure><\/li><li class=\"blocks-gallery-item\"><figure><img loading=\"lazy\" decoding=\"async\" width=\"580\" height=\"600\" src=\"https:\/\/ecolecaritas.be\/new\/wp-content\/uploads\/2020\/04\/Screenshot_2020-04-20-10-50-082-580x600.png\" alt=\"\" data-id=\"151407\" data-full-url=\"https:\/\/ecolecaritas.be\/new\/wp-content\/uploads\/2020\/04\/Screenshot_2020-04-20-10-50-082.png\" data-link=\"https:\/\/ecolecaritas.be\/new\/?attachment_id=151407\" class=\"wp-image-151407\" srcset=\"https:\/\/ecolecaritas.be\/new\/wp-content\/uploads\/2020\/04\/Screenshot_2020-04-20-10-50-082-580x600.png 580w, https:\/\/ecolecaritas.be\/new\/wp-content\/uploads\/2020\/04\/Screenshot_2020-04-20-10-50-082-290x300.png 290w, https:\/\/ecolecaritas.be\/new\/wp-content\/uploads\/2020\/04\/Screenshot_2020-04-20-10-50-082-768x795.png 768w, https:\/\/ecolecaritas.be\/new\/wp-content\/uploads\/2020\/04\/Screenshot_2020-04-20-10-50-082-600x621.png 600w, https:\/\/ecolecaritas.be\/new\/wp-content\/uploads\/2020\/04\/Screenshot_2020-04-20-10-50-082.png 1080w\" sizes=\"auto, (max-width: 580px) 100vw, 580px\" \/><\/figure><\/li><\/ul><\/figure>\n\n\n\n<p>Bon app\u00e9tit !!!<\/p>\n\n\n\n<figure class=\"wp-block-image\"><img decoding=\"async\" src=\"https:\/\/mail.google.com\/mail\/e\/1f338\" alt=\"&#x1f338;\"\/><\/figure>\n\n\n\n<p>Nous vous proposons ensuite un peu de jardinage!Tr\u00e8s facile !&nbsp;Dans une coquille l&rsquo;oeuf (apr\u00e8s avoir mang\u00e9 un oeuf \u00e0 la coque par exemple), d\u00e9posez une boule d&rsquo;ouate&nbsp;ou un peu de terreau et semer de la cressonnette (sachet en graine disponible en grande surface).Un peu de temps, d&rsquo;eau et de lumi\u00e8re&#8230;Et pourquoi ne pas faire un joli visage sur les coquilles et avec un peu de patience, regardons les cheveux pousser !<\/p>\n\n\n\n<p>vos r\u00e9alisations :<\/p>\n\n\n\n<figure class=\"wp-block-gallery columns-3 is-cropped wp-block-gallery-4 is-layout-flex wp-block-gallery-is-layout-flex\"><ul class=\"blocks-gallery-grid\"><li class=\"blocks-gallery-item\"><figure><img loading=\"lazy\" decoding=\"async\" width=\"600\" height=\"450\" src=\"https:\/\/ecolecaritas.be\/new\/wp-content\/uploads\/2020\/04\/IMG-20200401-WA0015-600x450.jpg\" alt=\"\" data-id=\"151354\" data-full-url=\"https:\/\/ecolecaritas.be\/new\/wp-content\/uploads\/2020\/04\/IMG-20200401-WA0015.jpg\" data-link=\"https:\/\/ecolecaritas.be\/new\/?attachment_id=151354\" class=\"wp-image-151354\" srcset=\"https:\/\/ecolecaritas.be\/new\/wp-content\/uploads\/2020\/04\/IMG-20200401-WA0015-600x450.jpg 600w, https:\/\/ecolecaritas.be\/new\/wp-content\/uploads\/2020\/04\/IMG-20200401-WA0015-300x225.jpg 300w, https:\/\/ecolecaritas.be\/new\/wp-content\/uploads\/2020\/04\/IMG-20200401-WA0015-768x576.jpg 768w, https:\/\/ecolecaritas.be\/new\/wp-content\/uploads\/2020\/04\/IMG-20200401-WA0015-1536x1152.jpg 1536w, https:\/\/ecolecaritas.be\/new\/wp-content\/uploads\/2020\/04\/IMG-20200401-WA0015-678x509.jpg 678w, https:\/\/ecolecaritas.be\/new\/wp-content\/uploads\/2020\/04\/IMG-20200401-WA0015-326x245.jpg 326w, https:\/\/ecolecaritas.be\/new\/wp-content\/uploads\/2020\/04\/IMG-20200401-WA0015-80x60.jpg 80w, https:\/\/ecolecaritas.be\/new\/wp-content\/uploads\/2020\/04\/IMG-20200401-WA0015-1320x990.jpg 1320w, https:\/\/ecolecaritas.be\/new\/wp-content\/uploads\/2020\/04\/IMG-20200401-WA0015.jpg 1920w\" sizes=\"auto, (max-width: 600px) 100vw, 600px\" \/><\/figure><\/li><li class=\"blocks-gallery-item\"><figure><img loading=\"lazy\" decoding=\"async\" width=\"450\" height=\"600\" src=\"https:\/\/ecolecaritas.be\/new\/wp-content\/uploads\/2020\/04\/IMG-20200407-WA0007-450x600.jpg\" alt=\"\" data-id=\"151344\" data-full-url=\"https:\/\/ecolecaritas.be\/new\/wp-content\/uploads\/2020\/04\/IMG-20200407-WA0007.jpg\" data-link=\"https:\/\/ecolecaritas.be\/new\/?attachment_id=151344\" class=\"wp-image-151344\" srcset=\"https:\/\/ecolecaritas.be\/new\/wp-content\/uploads\/2020\/04\/IMG-20200407-WA0007-450x600.jpg 450w, https:\/\/ecolecaritas.be\/new\/wp-content\/uploads\/2020\/04\/IMG-20200407-WA0007-225x300.jpg 225w, https:\/\/ecolecaritas.be\/new\/wp-content\/uploads\/2020\/04\/IMG-20200407-WA0007-768x1024.jpg 768w, https:\/\/ecolecaritas.be\/new\/wp-content\/uploads\/2020\/04\/IMG-20200407-WA0007-600x800.jpg 600w, https:\/\/ecolecaritas.be\/new\/wp-content\/uploads\/2020\/04\/IMG-20200407-WA0007-1152x1536.jpg 1152w, https:\/\/ecolecaritas.be\/new\/wp-content\/uploads\/2020\/04\/IMG-20200407-WA0007-1320x1760.jpg 1320w, https:\/\/ecolecaritas.be\/new\/wp-content\/uploads\/2020\/04\/IMG-20200407-WA0007.jpg 1440w\" sizes=\"auto, (max-width: 450px) 100vw, 450px\" \/><\/figure><\/li><li class=\"blocks-gallery-item\"><figure><img loading=\"lazy\" decoding=\"async\" width=\"183\" height=\"275\" src=\"https:\/\/ecolecaritas.be\/new\/wp-content\/uploads\/2020\/04\/image-1.png\" alt=\"\" data-id=\"151398\" data-full-url=\"https:\/\/ecolecaritas.be\/new\/wp-content\/uploads\/2020\/04\/image-1.png\" data-link=\"https:\/\/ecolecaritas.be\/new\/?attachment_id=151398\" class=\"wp-image-151398\"\/><\/figure><\/li><\/ul><\/figure>\n\n\n\n<p>Bravo \u00e0 tous !!!!<\/p>\n\n\n\n<p>N&rsquo;h\u00e9sitez pas \u00e0 nous rejoindre sur la page facebook \u00ab\u00a0Ecole Caritas\u00a0\u00bb o\u00f9 nous relevons encore plus de d\u00e9fis!<\/p>\n","protected":false},"excerpt":{"rendered":"<div class=\"mh-excerpt\"><p>A l&rsquo;\u00e9cole, nous avions programm\u00e9 une semaine \u00ab\u00a0SAINE\u00a0\u00bb ax\u00e9e sur l&rsquo;alimentation en maternelle. Nous avons propos\u00e9 aux enfants de la vivre \u00e0 la maison.&nbsp;Au programme <a class=\"mh-excerpt-more\" href=\"https:\/\/ecolecaritas.be\/new\/les-defis-confines-episode-2\/\" title=\"Les d\u00e9fis confin\u00e9s : \u00e9pisode 2\">[&#8230;]<\/a><\/p>\n<\/div>","protected":false},"author":5,"featured_media":151395,"comment_status":"closed","ping_status":"closed","sticky":false,"template":"","format":"standard","meta":{"footnotes":""},"categories":[7],"tags":[],"class_list":["post-151389","post","type-post","status-publish","format-standard","has-post-thumbnail","hentry","category-mat"],"_links":{"self":[{"href":"https:\/\/ecolecaritas.be\/new\/wp-json\/wp\/v2\/posts\/151389","targetHints":{"allow":["GET"]}}],"collection":[{"href":"https:\/\/ecolecaritas.be\/new\/wp-json\/wp\/v2\/posts"}],"about":[{"href":"https:\/\/ecolecaritas.be\/new\/wp-json\/wp\/v2\/types\/post"}],"author":[{"embeddable":true,"href":"https:\/\/ecolecaritas.be\/new\/wp-json\/wp\/v2\/users\/5"}],"replies":[{"embeddable":true,"href":"https:\/\/ecolecaritas.be\/new\/wp-json\/wp\/v2\/comments?post=151389"}],"version-history":[{"count":3,"href":"https:\/\/ecolecaritas.be\/new\/wp-json\/wp\/v2\/posts\/151389\/revisions"}],"predecessor-version":[{"id":151409,"href":"https:\/\/ecolecaritas.be\/new\/wp-json\/wp\/v2\/posts\/151389\/revisions\/151409"}],"wp:featuredmedia":[{"embeddable":true,"href":"https:\/\/ecolecaritas.be\/new\/wp-json\/wp\/v2\/media\/151395"}],"wp:attachment":[{"href":"https:\/\/ecolecaritas.be\/new\/wp-json\/wp\/v2\/media?parent=151389"}],"wp:term":[{"taxonomy":"category","embeddable":true,"href":"https:\/\/ecolecaritas.be\/new\/wp-json\/wp\/v2\/categories?post=151389"},{"taxonomy":"post_tag","embeddable":true,"href":"https:\/\/ecolecaritas.be\/new\/wp-json\/wp\/v2\/tags?post=151389"}],"curies":[{"name":"wp","href":"https:\/\/api.w.org\/{rel}","templated":true}]}}