{"id":151426,"date":"2020-04-20T15:39:58","date_gmt":"2020-04-20T13:39:58","guid":{"rendered":"http:\/\/ecolecaritas.be\/new\/?p=151426"},"modified":"2020-04-30T09:55:15","modified_gmt":"2020-04-30T07:55:15","slug":"les-defis-confines-episode-3","status":"publish","type":"post","link":"https:\/\/ecolecaritas.be\/new\/les-defis-confines-episode-3\/","title":{"rendered":"Les d\u00e9fis confin\u00e9s : \u00e9pisode 3"},"content":{"rendered":"\n<p>Cr\u00e9ation de mandalas qui permettent un recentrage sur soi, exercice apaisant et cr\u00e9atif.<\/p>\n\n\n\n<p>Petite marche \u00e0 suivre : d\u00e9marrer d&rsquo;un centre et compl\u00e9ter de mani\u00e8re circulaire au fur et \u00e0 mesure. Avec papier, crayon ou dans le sable, peinture ou \u00e0 composer dans la nature.<\/p>\n\n\n\n<p>Bravo \u00e0 tous!!! <\/p>\n\n\n\n<figure class=\"wp-block-image size-large\"><img loading=\"lazy\" decoding=\"async\" width=\"450\" height=\"600\" src=\"https:\/\/ecolecaritas.be\/new\/wp-content\/uploads\/2020\/04\/IMG_20200420_121001-450x600.jpg\" alt=\"\" class=\"wp-image-151417\" srcset=\"https:\/\/ecolecaritas.be\/new\/wp-content\/uploads\/2020\/04\/IMG_20200420_121001-450x600.jpg 450w, https:\/\/ecolecaritas.be\/new\/wp-content\/uploads\/2020\/04\/IMG_20200420_121001-225x300.jpg 225w, https:\/\/ecolecaritas.be\/new\/wp-content\/uploads\/2020\/04\/IMG_20200420_121001-768x1024.jpg 768w, https:\/\/ecolecaritas.be\/new\/wp-content\/uploads\/2020\/04\/IMG_20200420_121001-600x800.jpg 600w, https:\/\/ecolecaritas.be\/new\/wp-content\/uploads\/2020\/04\/IMG_20200420_121001-1152x1536.jpg 1152w, https:\/\/ecolecaritas.be\/new\/wp-content\/uploads\/2020\/04\/IMG_20200420_121001-1536x2048.jpg 1536w, https:\/\/ecolecaritas.be\/new\/wp-content\/uploads\/2020\/04\/IMG_20200420_121001-1320x1760.jpg 1320w, https:\/\/ecolecaritas.be\/new\/wp-content\/uploads\/2020\/04\/IMG_20200420_121001-scaled.jpg 1920w\" sizes=\"auto, (max-width: 450px) 100vw, 450px\" \/><\/figure>\n\n\n\n<figure class=\"wp-block-image size-large\"><img loading=\"lazy\" decoding=\"async\" width=\"450\" height=\"600\" src=\"https:\/\/ecolecaritas.be\/new\/wp-content\/uploads\/2020\/04\/IMG_20200420_120621-450x600.jpg\" alt=\"\" class=\"wp-image-151416\" srcset=\"https:\/\/ecolecaritas.be\/new\/wp-content\/uploads\/2020\/04\/IMG_20200420_120621-450x600.jpg 450w, https:\/\/ecolecaritas.be\/new\/wp-content\/uploads\/2020\/04\/IMG_20200420_120621-225x300.jpg 225w, https:\/\/ecolecaritas.be\/new\/wp-content\/uploads\/2020\/04\/IMG_20200420_120621-768x1024.jpg 768w, https:\/\/ecolecaritas.be\/new\/wp-content\/uploads\/2020\/04\/IMG_20200420_120621-600x800.jpg 600w, https:\/\/ecolecaritas.be\/new\/wp-content\/uploads\/2020\/04\/IMG_20200420_120621-1152x1536.jpg 1152w, https:\/\/ecolecaritas.be\/new\/wp-content\/uploads\/2020\/04\/IMG_20200420_120621-1536x2048.jpg 1536w, https:\/\/ecolecaritas.be\/new\/wp-content\/uploads\/2020\/04\/IMG_20200420_120621-1320x1760.jpg 1320w, https:\/\/ecolecaritas.be\/new\/wp-content\/uploads\/2020\/04\/IMG_20200420_120621-scaled.jpg 1920w\" sizes=\"auto, (max-width: 450px) 100vw, 450px\" \/><\/figure>\n\n\n\n<p><\/p>\n","protected":false},"excerpt":{"rendered":"<div class=\"mh-excerpt\"><p>Cr\u00e9ation de mandalas qui permettent un recentrage sur soi, exercice apaisant et cr\u00e9atif. Petite marche \u00e0 suivre : d\u00e9marrer d&rsquo;un centre et compl\u00e9ter de mani\u00e8re <a class=\"mh-excerpt-more\" href=\"https:\/\/ecolecaritas.be\/new\/les-defis-confines-episode-3\/\" title=\"Les d\u00e9fis confin\u00e9s : \u00e9pisode 3\">[&#8230;]<\/a><\/p>\n<\/div>","protected":false},"author":4,"featured_media":151417,"comment_status":"closed","ping_status":"closed","sticky":false,"template":"","format":"standard","meta":{"footnotes":""},"categories":[7],"tags":[],"class_list":["post-151426","post","type-post","status-publish","format-standard","has-post-thumbnail","hentry","category-mat"],"_links":{"self":[{"href":"https:\/\/ecolecaritas.be\/new\/wp-json\/wp\/v2\/posts\/151426","targetHints":{"allow":["GET"]}}],"collection":[{"href":"https:\/\/ecolecaritas.be\/new\/wp-json\/wp\/v2\/posts"}],"about":[{"href":"https:\/\/ecolecaritas.be\/new\/wp-json\/wp\/v2\/types\/post"}],"author":[{"embeddable":true,"href":"https:\/\/ecolecaritas.be\/new\/wp-json\/wp\/v2\/users\/4"}],"replies":[{"embeddable":true,"href":"https:\/\/ecolecaritas.be\/new\/wp-json\/wp\/v2\/comments?post=151426"}],"version-history":[{"count":4,"href":"https:\/\/ecolecaritas.be\/new\/wp-json\/wp\/v2\/posts\/151426\/revisions"}],"predecessor-version":[{"id":151436,"href":"https:\/\/ecolecaritas.be\/new\/wp-json\/wp\/v2\/posts\/151426\/revisions\/151436"}],"wp:featuredmedia":[{"embeddable":true,"href":"https:\/\/ecolecaritas.be\/new\/wp-json\/wp\/v2\/media\/151417"}],"wp:attachment":[{"href":"https:\/\/ecolecaritas.be\/new\/wp-json\/wp\/v2\/media?parent=151426"}],"wp:term":[{"taxonomy":"category","embeddable":true,"href":"https:\/\/ecolecaritas.be\/new\/wp-json\/wp\/v2\/categories?post=151426"},{"taxonomy":"post_tag","embeddable":true,"href":"https:\/\/ecolecaritas.be\/new\/wp-json\/wp\/v2\/tags?post=151426"}],"curies":[{"name":"wp","href":"https:\/\/api.w.org\/{rel}","templated":true}]}}