{"id":151466,"date":"2020-04-28T14:53:36","date_gmt":"2020-04-28T12:53:36","guid":{"rendered":"http:\/\/ecolecaritas.be\/new\/?p=151466"},"modified":"2020-04-28T15:34:12","modified_gmt":"2020-04-28T13:34:12","slug":"caritas-confines-mais-ensemble","status":"publish","type":"post","link":"https:\/\/ecolecaritas.be\/new\/caritas-confines-mais-ensemble\/","title":{"rendered":"Caritas, confin\u00e9s mais ensemble"},"content":{"rendered":"\n<p> D\u00e9couvrez l&rsquo;\u00e9mouvante cha\u00eene de Caritas<br>&#x1f64b;&#x200d;&#x2642;&#xfe0f;&#x1f49c;&#x1f64b;&#x200d;&#x2640;&#xfe0f;&#x1f499;&#x1f64b;&#x200d;&#x2642;&#xfe0f;&#x1f49a;&#x1f64b;&#x200d;&#x2640;&#xfe0f;&#x1f49b;&#x1f64b;&#x200d;&#x2642;&#xfe0f;&#x1f9e1;&#x1f64b;&#x200d;&#x2640;&#xfe0f;&#x2764;&#xfe0f;<br>Confin\u00e9s, mais ensemble<br>&#x1f970; <\/p>\n\n\n\n<figure class=\"wp-block-embed-youtube wp-block-embed is-type-video is-provider-youtube wp-embed-aspect-16-9 wp-has-aspect-ratio\"><div class=\"wp-block-embed__wrapper\">\n<iframe loading=\"lazy\" title=\"Caritas, Confin\u00e9s mais ensemble\" width=\"500\" height=\"281\" src=\"https:\/\/www.youtube.com\/embed\/BMFJcaPgmM0?feature=oembed\" frameborder=\"0\" allow=\"accelerometer; autoplay; clipboard-write; encrypted-media; gyroscope; picture-in-picture; web-share\" referrerpolicy=\"strict-origin-when-cross-origin\" allowfullscreen><\/iframe>\n<\/div><\/figure>\n\n\n\n<p>Un immense MERCI aux organisateurs et participants !!!<\/p>\n","protected":false},"excerpt":{"rendered":"<div class=\"mh-excerpt\"><p>D\u00e9couvrez l&rsquo;\u00e9mouvante cha\u00eene de Caritas&#x1f64b;&#x200d;&#x2642;&#xfe0f;&#x1f49c;&#x1f64b;&#x200d;&#x2640;&#xfe0f;&#x1f499;&#x1f64b;&#x200d;&#x2642;&#xfe0f;&#x1f49a;&#x1f64b;&#x200d;&#x2640;&#xfe0f;&#x1f49b;&#x1f64b;&#x200d;&#x2642;&#xfe0f;&#x1f9e1;&#x1f64b;&#x200d;&#x2640;&#xfe0f;&#x2764;&#xfe0f;Confin\u00e9s, mais ensemble&#x1f970; Un immense MERCI aux organisateurs et participants !!!<\/p>\n<\/div>","protected":false},"author":5,"featured_media":151470,"comment_status":"closed","ping_status":"closed","sticky":false,"template":"","format":"standard","meta":{"footnotes":""},"categories":[6,1],"tags":[],"class_list":["post-151466","post","type-post","status-publish","format-standard","has-post-thumbnail","hentry","category-general","category-uncategorized"],"_links":{"self":[{"href":"https:\/\/ecolecaritas.be\/new\/wp-json\/wp\/v2\/posts\/151466","targetHints":{"allow":["GET"]}}],"collection":[{"href":"https:\/\/ecolecaritas.be\/new\/wp-json\/wp\/v2\/posts"}],"about":[{"href":"https:\/\/ecolecaritas.be\/new\/wp-json\/wp\/v2\/types\/post"}],"author":[{"embeddable":true,"href":"https:\/\/ecolecaritas.be\/new\/wp-json\/wp\/v2\/users\/5"}],"replies":[{"embeddable":true,"href":"https:\/\/ecolecaritas.be\/new\/wp-json\/wp\/v2\/comments?post=151466"}],"version-history":[{"count":2,"href":"https:\/\/ecolecaritas.be\/new\/wp-json\/wp\/v2\/posts\/151466\/revisions"}],"predecessor-version":[{"id":151469,"href":"https:\/\/ecolecaritas.be\/new\/wp-json\/wp\/v2\/posts\/151466\/revisions\/151469"}],"wp:featuredmedia":[{"embeddable":true,"href":"https:\/\/ecolecaritas.be\/new\/wp-json\/wp\/v2\/media\/151470"}],"wp:attachment":[{"href":"https:\/\/ecolecaritas.be\/new\/wp-json\/wp\/v2\/media?parent=151466"}],"wp:term":[{"taxonomy":"category","embeddable":true,"href":"https:\/\/ecolecaritas.be\/new\/wp-json\/wp\/v2\/categories?post=151466"},{"taxonomy":"post_tag","embeddable":true,"href":"https:\/\/ecolecaritas.be\/new\/wp-json\/wp\/v2\/tags?post=151466"}],"curies":[{"name":"wp","href":"https:\/\/api.w.org\/{rel}","templated":true}]}}