{"id":151971,"date":"2020-10-04T11:34:57","date_gmt":"2020-10-04T09:34:57","guid":{"rendered":"http:\/\/ecolecaritas.be\/new\/?p=151971"},"modified":"2020-10-04T11:34:57","modified_gmt":"2020-10-04T09:34:57","slug":"sortie-en-foret-p1-et-p4","status":"publish","type":"post","link":"https:\/\/ecolecaritas.be\/new\/sortie-en-foret-p1-et-p4\/","title":{"rendered":"Sortie en for\u00eat P1 et P4"},"content":{"rendered":"\n<p>Notre sortie en for\u00eat, le 29 septembre.&nbsp;<\/p>\n\n\n\n<p>Les \u00e9l\u00e8ves de P1 et P4 ont eu la chance d&rsquo;\u00eatre accompagn\u00e9s par la maman et le bon-papa d&rsquo;Isalyne et de Lavinia.<\/p>\n\n\n\n<p>Il nous a aid\u00e9s \u00e0 identifier les arbres et leurs fruits.&nbsp;<\/p>\n\n\n\n<p>Nous avons observ\u00e9 les magnifiques oiseaux en bois qu&rsquo;il a sculpt\u00e9s et essay\u00e9 d&rsquo;identifier des cr\u00e2nes d&rsquo;animaux.&nbsp;<\/p>\n\n\n\n<p>Nous avons attrap\u00e9 des insectes dans nos bo\u00eetes- loupes et avons pu les nommer gr\u00e2ce \u00e0 des cl\u00e9s de d\u00e9termination.<\/p>\n\n\n\n<p>Quelle journ\u00e9e enrichissante !Les \u00e9l\u00e8ves de P1 et P4.<\/p>\n\n\n\n<figure class=\"wp-block-image size-large\"><img loading=\"lazy\" decoding=\"async\" width=\"450\" height=\"600\" src=\"https:\/\/ecolecaritas.be\/new\/wp-content\/uploads\/2020\/10\/IMG_20200929_132821-450x600.jpg\" alt=\"\" class=\"wp-image-151976\" srcset=\"https:\/\/ecolecaritas.be\/new\/wp-content\/uploads\/2020\/10\/IMG_20200929_132821-450x600.jpg 450w, https:\/\/ecolecaritas.be\/new\/wp-content\/uploads\/2020\/10\/IMG_20200929_132821-225x300.jpg 225w, https:\/\/ecolecaritas.be\/new\/wp-content\/uploads\/2020\/10\/IMG_20200929_132821-768x1024.jpg 768w, https:\/\/ecolecaritas.be\/new\/wp-content\/uploads\/2020\/10\/IMG_20200929_132821-600x800.jpg 600w, https:\/\/ecolecaritas.be\/new\/wp-content\/uploads\/2020\/10\/IMG_20200929_132821-1152x1536.jpg 1152w, https:\/\/ecolecaritas.be\/new\/wp-content\/uploads\/2020\/10\/IMG_20200929_132821-1536x2048.jpg 1536w, https:\/\/ecolecaritas.be\/new\/wp-content\/uploads\/2020\/10\/IMG_20200929_132821-1320x1760.jpg 1320w, https:\/\/ecolecaritas.be\/new\/wp-content\/uploads\/2020\/10\/IMG_20200929_132821-scaled.jpg 1920w\" sizes=\"auto, (max-width: 450px) 100vw, 450px\" \/><\/figure>\n\n\n\n<figure class=\"wp-block-image size-large\"><img loading=\"lazy\" decoding=\"async\" width=\"600\" height=\"450\" src=\"https:\/\/ecolecaritas.be\/new\/wp-content\/uploads\/2020\/10\/IMG_20200929_132810-600x450.jpg\" alt=\"\" class=\"wp-image-151975\" srcset=\"https:\/\/ecolecaritas.be\/new\/wp-content\/uploads\/2020\/10\/IMG_20200929_132810-600x450.jpg 600w, https:\/\/ecolecaritas.be\/new\/wp-content\/uploads\/2020\/10\/IMG_20200929_132810-300x225.jpg 300w, https:\/\/ecolecaritas.be\/new\/wp-content\/uploads\/2020\/10\/IMG_20200929_132810-768x576.jpg 768w, https:\/\/ecolecaritas.be\/new\/wp-content\/uploads\/2020\/10\/IMG_20200929_132810-1536x1152.jpg 1536w, https:\/\/ecolecaritas.be\/new\/wp-content\/uploads\/2020\/10\/IMG_20200929_132810-2048x1536.jpg 2048w, https:\/\/ecolecaritas.be\/new\/wp-content\/uploads\/2020\/10\/IMG_20200929_132810-678x509.jpg 678w, https:\/\/ecolecaritas.be\/new\/wp-content\/uploads\/2020\/10\/IMG_20200929_132810-326x245.jpg 326w, https:\/\/ecolecaritas.be\/new\/wp-content\/uploads\/2020\/10\/IMG_20200929_132810-80x60.jpg 80w, https:\/\/ecolecaritas.be\/new\/wp-content\/uploads\/2020\/10\/IMG_20200929_132810-1320x990.jpg 1320w\" sizes=\"auto, (max-width: 600px) 100vw, 600px\" \/><\/figure>\n\n\n\n<figure class=\"wp-block-image size-large\"><img loading=\"lazy\" decoding=\"async\" width=\"600\" height=\"450\" src=\"https:\/\/ecolecaritas.be\/new\/wp-content\/uploads\/2020\/10\/IMG_20200929_125726-600x450.jpg\" alt=\"\" class=\"wp-image-151973\" srcset=\"https:\/\/ecolecaritas.be\/new\/wp-content\/uploads\/2020\/10\/IMG_20200929_125726-600x450.jpg 600w, https:\/\/ecolecaritas.be\/new\/wp-content\/uploads\/2020\/10\/IMG_20200929_125726-300x225.jpg 300w, https:\/\/ecolecaritas.be\/new\/wp-content\/uploads\/2020\/10\/IMG_20200929_125726-768x576.jpg 768w, https:\/\/ecolecaritas.be\/new\/wp-content\/uploads\/2020\/10\/IMG_20200929_125726-1536x1152.jpg 1536w, https:\/\/ecolecaritas.be\/new\/wp-content\/uploads\/2020\/10\/IMG_20200929_125726-2048x1536.jpg 2048w, https:\/\/ecolecaritas.be\/new\/wp-content\/uploads\/2020\/10\/IMG_20200929_125726-678x509.jpg 678w, https:\/\/ecolecaritas.be\/new\/wp-content\/uploads\/2020\/10\/IMG_20200929_125726-326x245.jpg 326w, https:\/\/ecolecaritas.be\/new\/wp-content\/uploads\/2020\/10\/IMG_20200929_125726-80x60.jpg 80w, https:\/\/ecolecaritas.be\/new\/wp-content\/uploads\/2020\/10\/IMG_20200929_125726-1320x990.jpg 1320w\" sizes=\"auto, (max-width: 600px) 100vw, 600px\" \/><\/figure>\n\n\n\n<figure class=\"wp-block-image size-large\"><img loading=\"lazy\" decoding=\"async\" width=\"600\" height=\"450\" src=\"https:\/\/ecolecaritas.be\/new\/wp-content\/uploads\/2020\/10\/IMG_20200929_125722-600x450.jpg\" alt=\"\" class=\"wp-image-151972\" srcset=\"https:\/\/ecolecaritas.be\/new\/wp-content\/uploads\/2020\/10\/IMG_20200929_125722-600x450.jpg 600w, https:\/\/ecolecaritas.be\/new\/wp-content\/uploads\/2020\/10\/IMG_20200929_125722-300x225.jpg 300w, https:\/\/ecolecaritas.be\/new\/wp-content\/uploads\/2020\/10\/IMG_20200929_125722-768x576.jpg 768w, https:\/\/ecolecaritas.be\/new\/wp-content\/uploads\/2020\/10\/IMG_20200929_125722-1536x1152.jpg 1536w, https:\/\/ecolecaritas.be\/new\/wp-content\/uploads\/2020\/10\/IMG_20200929_125722-2048x1536.jpg 2048w, https:\/\/ecolecaritas.be\/new\/wp-content\/uploads\/2020\/10\/IMG_20200929_125722-678x509.jpg 678w, https:\/\/ecolecaritas.be\/new\/wp-content\/uploads\/2020\/10\/IMG_20200929_125722-326x245.jpg 326w, https:\/\/ecolecaritas.be\/new\/wp-content\/uploads\/2020\/10\/IMG_20200929_125722-80x60.jpg 80w, https:\/\/ecolecaritas.be\/new\/wp-content\/uploads\/2020\/10\/IMG_20200929_125722-1320x990.jpg 1320w\" sizes=\"auto, (max-width: 600px) 100vw, 600px\" \/><\/figure>\n\n\n\n<p><\/p>\n","protected":false},"excerpt":{"rendered":"<div class=\"mh-excerpt\"><p>Notre sortie en for\u00eat, le 29 septembre.&nbsp; Les \u00e9l\u00e8ves de P1 et P4 ont eu la chance d&rsquo;\u00eatre accompagn\u00e9s par la maman et le bon-papa <a class=\"mh-excerpt-more\" href=\"https:\/\/ecolecaritas.be\/new\/sortie-en-foret-p1-et-p4\/\" title=\"Sortie en for\u00eat P1 et P4\">[&#8230;]<\/a><\/p>\n<\/div>","protected":false},"author":4,"featured_media":151974,"comment_status":"closed","ping_status":"closed","sticky":false,"template":"","format":"standard","meta":{"footnotes":""},"categories":[8,9],"tags":[],"class_list":["post-151971","post","type-post","status-publish","format-standard","has-post-thumbnail","hentry","category-p12","category-p34"],"_links":{"self":[{"href":"https:\/\/ecolecaritas.be\/new\/wp-json\/wp\/v2\/posts\/151971","targetHints":{"allow":["GET"]}}],"collection":[{"href":"https:\/\/ecolecaritas.be\/new\/wp-json\/wp\/v2\/posts"}],"about":[{"href":"https:\/\/ecolecaritas.be\/new\/wp-json\/wp\/v2\/types\/post"}],"author":[{"embeddable":true,"href":"https:\/\/ecolecaritas.be\/new\/wp-json\/wp\/v2\/users\/4"}],"replies":[{"embeddable":true,"href":"https:\/\/ecolecaritas.be\/new\/wp-json\/wp\/v2\/comments?post=151971"}],"version-history":[{"count":3,"href":"https:\/\/ecolecaritas.be\/new\/wp-json\/wp\/v2\/posts\/151971\/revisions"}],"predecessor-version":[{"id":151979,"href":"https:\/\/ecolecaritas.be\/new\/wp-json\/wp\/v2\/posts\/151971\/revisions\/151979"}],"wp:featuredmedia":[{"embeddable":true,"href":"https:\/\/ecolecaritas.be\/new\/wp-json\/wp\/v2\/media\/151974"}],"wp:attachment":[{"href":"https:\/\/ecolecaritas.be\/new\/wp-json\/wp\/v2\/media?parent=151971"}],"wp:term":[{"taxonomy":"category","embeddable":true,"href":"https:\/\/ecolecaritas.be\/new\/wp-json\/wp\/v2\/categories?post=151971"},{"taxonomy":"post_tag","embeddable":true,"href":"https:\/\/ecolecaritas.be\/new\/wp-json\/wp\/v2\/tags?post=151971"}],"curies":[{"name":"wp","href":"https:\/\/api.w.org\/{rel}","templated":true}]}}