{"id":152010,"date":"2020-10-07T21:14:06","date_gmt":"2020-10-07T19:14:06","guid":{"rendered":"http:\/\/ecolecaritas.be\/new\/?p=152010"},"modified":"2020-10-07T21:14:06","modified_gmt":"2020-10-07T19:14:06","slug":"theatre-pour-les-m3","status":"publish","type":"post","link":"https:\/\/ecolecaritas.be\/new\/theatre-pour-les-m3\/","title":{"rendered":"Th\u00e9\u00e2tre pour les M3"},"content":{"rendered":"\n<p>\u00ab\u00a0Ni oui ni non<br>Bien au contraire\u2026 \u00ab\u00a0<br>Les M3 ont assist\u00e9 \u00e0 un magnifique spectacle plein de po\u00e9sie au Th\u00e9\u00e2tre des 4 Mains .<br>Le professeur Pompon nous a fait rire et parfois peur avec ses petits personnages et ses questions philosophiques.<\/p>\n\n\n\n<figure class=\"wp-block-image size-large\"><img loading=\"lazy\" decoding=\"async\" width=\"600\" height=\"450\" src=\"https:\/\/ecolecaritas.be\/new\/wp-content\/uploads\/2020\/10\/IMG-20201007-WA0017-600x450.jpg\" alt=\"\" class=\"wp-image-152004\" srcset=\"https:\/\/ecolecaritas.be\/new\/wp-content\/uploads\/2020\/10\/IMG-20201007-WA0017-600x450.jpg 600w, https:\/\/ecolecaritas.be\/new\/wp-content\/uploads\/2020\/10\/IMG-20201007-WA0017-300x225.jpg 300w, https:\/\/ecolecaritas.be\/new\/wp-content\/uploads\/2020\/10\/IMG-20201007-WA0017-768x576.jpg 768w, https:\/\/ecolecaritas.be\/new\/wp-content\/uploads\/2020\/10\/IMG-20201007-WA0017-1536x1152.jpg 1536w, https:\/\/ecolecaritas.be\/new\/wp-content\/uploads\/2020\/10\/IMG-20201007-WA0017-678x509.jpg 678w, https:\/\/ecolecaritas.be\/new\/wp-content\/uploads\/2020\/10\/IMG-20201007-WA0017-326x245.jpg 326w, https:\/\/ecolecaritas.be\/new\/wp-content\/uploads\/2020\/10\/IMG-20201007-WA0017-80x60.jpg 80w, https:\/\/ecolecaritas.be\/new\/wp-content\/uploads\/2020\/10\/IMG-20201007-WA0017-1320x990.jpg 1320w, https:\/\/ecolecaritas.be\/new\/wp-content\/uploads\/2020\/10\/IMG-20201007-WA0017.jpg 1919w\" sizes=\"auto, (max-width: 600px) 100vw, 600px\" \/><\/figure>\n","protected":false},"excerpt":{"rendered":"<div class=\"mh-excerpt\"><p>\u00ab\u00a0Ni oui ni nonBien au contraire\u2026 \u00ab\u00a0Les M3 ont assist\u00e9 \u00e0 un magnifique spectacle plein de po\u00e9sie au Th\u00e9\u00e2tre des 4 Mains .Le professeur Pompon <a class=\"mh-excerpt-more\" href=\"https:\/\/ecolecaritas.be\/new\/theatre-pour-les-m3\/\" title=\"Th\u00e9\u00e2tre pour les M3\">[&#8230;]<\/a><\/p>\n<\/div>","protected":false},"author":4,"featured_media":151999,"comment_status":"closed","ping_status":"closed","sticky":false,"template":"","format":"standard","meta":{"footnotes":""},"categories":[7],"tags":[],"class_list":["post-152010","post","type-post","status-publish","format-standard","has-post-thumbnail","hentry","category-mat"],"_links":{"self":[{"href":"https:\/\/ecolecaritas.be\/new\/wp-json\/wp\/v2\/posts\/152010","targetHints":{"allow":["GET"]}}],"collection":[{"href":"https:\/\/ecolecaritas.be\/new\/wp-json\/wp\/v2\/posts"}],"about":[{"href":"https:\/\/ecolecaritas.be\/new\/wp-json\/wp\/v2\/types\/post"}],"author":[{"embeddable":true,"href":"https:\/\/ecolecaritas.be\/new\/wp-json\/wp\/v2\/users\/4"}],"replies":[{"embeddable":true,"href":"https:\/\/ecolecaritas.be\/new\/wp-json\/wp\/v2\/comments?post=152010"}],"version-history":[{"count":4,"href":"https:\/\/ecolecaritas.be\/new\/wp-json\/wp\/v2\/posts\/152010\/revisions"}],"predecessor-version":[{"id":152017,"href":"https:\/\/ecolecaritas.be\/new\/wp-json\/wp\/v2\/posts\/152010\/revisions\/152017"}],"wp:featuredmedia":[{"embeddable":true,"href":"https:\/\/ecolecaritas.be\/new\/wp-json\/wp\/v2\/media\/151999"}],"wp:attachment":[{"href":"https:\/\/ecolecaritas.be\/new\/wp-json\/wp\/v2\/media?parent=152010"}],"wp:term":[{"taxonomy":"category","embeddable":true,"href":"https:\/\/ecolecaritas.be\/new\/wp-json\/wp\/v2\/categories?post=152010"},{"taxonomy":"post_tag","embeddable":true,"href":"https:\/\/ecolecaritas.be\/new\/wp-json\/wp\/v2\/tags?post=152010"}],"curies":[{"name":"wp","href":"https:\/\/api.w.org\/{rel}","templated":true}]}}