{"id":152181,"date":"2020-10-22T13:01:15","date_gmt":"2020-10-22T11:01:15","guid":{"rendered":"http:\/\/ecolecaritas.be\/new\/?p=152181"},"modified":"2020-10-22T13:01:15","modified_gmt":"2020-10-22T11:01:15","slug":"journee-a-la-ferme-pour-les-maternelles","status":"publish","type":"post","link":"https:\/\/ecolecaritas.be\/new\/journee-a-la-ferme-pour-les-maternelles\/","title":{"rendered":"Journ\u00e9e \u00e0 la ferme pour les maternelles"},"content":{"rendered":"\n<p>Tr\u00e8s belle journ\u00e9e \u00e0 la ferme avec les maternelles : balade en tracteur, nourrissage des animaux, atelier pain et laine, les enfants sont rentr\u00e9s \u00ab\u00a0crott\u00e9s\u00a0\u00bb, fatigu\u00e9s mais ravis !<\/p>\n\n\n\n<figure class=\"wp-block-image size-large\"><img loading=\"lazy\" decoding=\"async\" width=\"600\" height=\"450\" src=\"https:\/\/ecolecaritas.be\/new\/wp-content\/uploads\/2020\/10\/IMG-20201020-WA0077-600x450.jpg\" alt=\"\" class=\"wp-image-152161\" srcset=\"https:\/\/ecolecaritas.be\/new\/wp-content\/uploads\/2020\/10\/IMG-20201020-WA0077-600x450.jpg 600w, https:\/\/ecolecaritas.be\/new\/wp-content\/uploads\/2020\/10\/IMG-20201020-WA0077-300x225.jpg 300w, https:\/\/ecolecaritas.be\/new\/wp-content\/uploads\/2020\/10\/IMG-20201020-WA0077-768x576.jpg 768w, https:\/\/ecolecaritas.be\/new\/wp-content\/uploads\/2020\/10\/IMG-20201020-WA0077-1536x1152.jpg 1536w, https:\/\/ecolecaritas.be\/new\/wp-content\/uploads\/2020\/10\/IMG-20201020-WA0077-678x509.jpg 678w, https:\/\/ecolecaritas.be\/new\/wp-content\/uploads\/2020\/10\/IMG-20201020-WA0077-326x245.jpg 326w, https:\/\/ecolecaritas.be\/new\/wp-content\/uploads\/2020\/10\/IMG-20201020-WA0077-80x60.jpg 80w, https:\/\/ecolecaritas.be\/new\/wp-content\/uploads\/2020\/10\/IMG-20201020-WA0077-1320x990.jpg 1320w, https:\/\/ecolecaritas.be\/new\/wp-content\/uploads\/2020\/10\/IMG-20201020-WA0077.jpg 1920w\" sizes=\"auto, (max-width: 600px) 100vw, 600px\" \/><\/figure>\n\n\n\n<figure class=\"wp-block-image size-large\"><img loading=\"lazy\" decoding=\"async\" width=\"338\" height=\"600\" src=\"https:\/\/ecolecaritas.be\/new\/wp-content\/uploads\/2020\/10\/IMG_20201020_142703_1-338x600.jpg\" alt=\"\" class=\"wp-image-152104\" srcset=\"https:\/\/ecolecaritas.be\/new\/wp-content\/uploads\/2020\/10\/IMG_20201020_142703_1-338x600.jpg 338w, https:\/\/ecolecaritas.be\/new\/wp-content\/uploads\/2020\/10\/IMG_20201020_142703_1-169x300.jpg 169w, https:\/\/ecolecaritas.be\/new\/wp-content\/uploads\/2020\/10\/IMG_20201020_142703_1-768x1365.jpg 768w, https:\/\/ecolecaritas.be\/new\/wp-content\/uploads\/2020\/10\/IMG_20201020_142703_1-600x1067.jpg 600w, https:\/\/ecolecaritas.be\/new\/wp-content\/uploads\/2020\/10\/IMG_20201020_142703_1-864x1536.jpg 864w, https:\/\/ecolecaritas.be\/new\/wp-content\/uploads\/2020\/10\/IMG_20201020_142703_1-1152x2048.jpg 1152w, https:\/\/ecolecaritas.be\/new\/wp-content\/uploads\/2020\/10\/IMG_20201020_142703_1-1320x2347.jpg 1320w, https:\/\/ecolecaritas.be\/new\/wp-content\/uploads\/2020\/10\/IMG_20201020_142703_1-scaled.jpg 1440w\" sizes=\"auto, (max-width: 338px) 100vw, 338px\" \/><\/figure>\n\n\n\n<figure class=\"wp-block-image size-large\"><img loading=\"lazy\" decoding=\"async\" width=\"600\" height=\"450\" src=\"https:\/\/ecolecaritas.be\/new\/wp-content\/uploads\/2020\/10\/IMG-20201020-WA0026-600x450.jpg\" alt=\"\" class=\"wp-image-152178\" srcset=\"https:\/\/ecolecaritas.be\/new\/wp-content\/uploads\/2020\/10\/IMG-20201020-WA0026-600x450.jpg 600w, https:\/\/ecolecaritas.be\/new\/wp-content\/uploads\/2020\/10\/IMG-20201020-WA0026-300x225.jpg 300w, https:\/\/ecolecaritas.be\/new\/wp-content\/uploads\/2020\/10\/IMG-20201020-WA0026-768x576.jpg 768w, https:\/\/ecolecaritas.be\/new\/wp-content\/uploads\/2020\/10\/IMG-20201020-WA0026-1536x1153.jpg 1536w, https:\/\/ecolecaritas.be\/new\/wp-content\/uploads\/2020\/10\/IMG-20201020-WA0026-678x509.jpg 678w, https:\/\/ecolecaritas.be\/new\/wp-content\/uploads\/2020\/10\/IMG-20201020-WA0026-326x245.jpg 326w, https:\/\/ecolecaritas.be\/new\/wp-content\/uploads\/2020\/10\/IMG-20201020-WA0026-80x60.jpg 80w, https:\/\/ecolecaritas.be\/new\/wp-content\/uploads\/2020\/10\/IMG-20201020-WA0026-1320x991.jpg 1320w, https:\/\/ecolecaritas.be\/new\/wp-content\/uploads\/2020\/10\/IMG-20201020-WA0026.jpg 1919w\" sizes=\"auto, (max-width: 600px) 100vw, 600px\" \/><\/figure>\n\n\n\n<figure class=\"wp-block-image size-large\"><img loading=\"lazy\" decoding=\"async\" width=\"600\" height=\"450\" src=\"https:\/\/ecolecaritas.be\/new\/wp-content\/uploads\/2020\/10\/IMG-20201020-WA0038-600x450.jpg\" alt=\"\" class=\"wp-image-152172\" srcset=\"https:\/\/ecolecaritas.be\/new\/wp-content\/uploads\/2020\/10\/IMG-20201020-WA0038-600x450.jpg 600w, https:\/\/ecolecaritas.be\/new\/wp-content\/uploads\/2020\/10\/IMG-20201020-WA0038-300x225.jpg 300w, https:\/\/ecolecaritas.be\/new\/wp-content\/uploads\/2020\/10\/IMG-20201020-WA0038-768x576.jpg 768w, https:\/\/ecolecaritas.be\/new\/wp-content\/uploads\/2020\/10\/IMG-20201020-WA0038-1536x1153.jpg 1536w, https:\/\/ecolecaritas.be\/new\/wp-content\/uploads\/2020\/10\/IMG-20201020-WA0038-678x509.jpg 678w, https:\/\/ecolecaritas.be\/new\/wp-content\/uploads\/2020\/10\/IMG-20201020-WA0038-326x245.jpg 326w, https:\/\/ecolecaritas.be\/new\/wp-content\/uploads\/2020\/10\/IMG-20201020-WA0038-80x60.jpg 80w, https:\/\/ecolecaritas.be\/new\/wp-content\/uploads\/2020\/10\/IMG-20201020-WA0038-1320x991.jpg 1320w, https:\/\/ecolecaritas.be\/new\/wp-content\/uploads\/2020\/10\/IMG-20201020-WA0038.jpg 1919w\" sizes=\"auto, (max-width: 600px) 100vw, 600px\" \/><\/figure>\n\n\n\n<figure class=\"wp-block-image size-large\"><img loading=\"lazy\" decoding=\"async\" width=\"600\" height=\"450\" src=\"https:\/\/ecolecaritas.be\/new\/wp-content\/uploads\/2020\/10\/IMG-20201020-WA0065-600x450.jpg\" alt=\"\" class=\"wp-image-152163\" srcset=\"https:\/\/ecolecaritas.be\/new\/wp-content\/uploads\/2020\/10\/IMG-20201020-WA0065-600x450.jpg 600w, https:\/\/ecolecaritas.be\/new\/wp-content\/uploads\/2020\/10\/IMG-20201020-WA0065-300x225.jpg 300w, https:\/\/ecolecaritas.be\/new\/wp-content\/uploads\/2020\/10\/IMG-20201020-WA0065-768x576.jpg 768w, https:\/\/ecolecaritas.be\/new\/wp-content\/uploads\/2020\/10\/IMG-20201020-WA0065-1536x1152.jpg 1536w, https:\/\/ecolecaritas.be\/new\/wp-content\/uploads\/2020\/10\/IMG-20201020-WA0065-678x509.jpg 678w, https:\/\/ecolecaritas.be\/new\/wp-content\/uploads\/2020\/10\/IMG-20201020-WA0065-326x245.jpg 326w, https:\/\/ecolecaritas.be\/new\/wp-content\/uploads\/2020\/10\/IMG-20201020-WA0065-80x60.jpg 80w, https:\/\/ecolecaritas.be\/new\/wp-content\/uploads\/2020\/10\/IMG-20201020-WA0065-1320x990.jpg 1320w, https:\/\/ecolecaritas.be\/new\/wp-content\/uploads\/2020\/10\/IMG-20201020-WA0065.jpg 1920w\" sizes=\"auto, (max-width: 600px) 100vw, 600px\" \/><\/figure>\n\n\n\n<figure class=\"wp-block-image size-large\"><img loading=\"lazy\" decoding=\"async\" width=\"450\" height=\"600\" src=\"https:\/\/ecolecaritas.be\/new\/wp-content\/uploads\/2020\/10\/IMG-20201020-WA0064-450x600.jpg\" alt=\"\" class=\"wp-image-152154\" srcset=\"https:\/\/ecolecaritas.be\/new\/wp-content\/uploads\/2020\/10\/IMG-20201020-WA0064-450x600.jpg 450w, https:\/\/ecolecaritas.be\/new\/wp-content\/uploads\/2020\/10\/IMG-20201020-WA0064-225x300.jpg 225w, https:\/\/ecolecaritas.be\/new\/wp-content\/uploads\/2020\/10\/IMG-20201020-WA0064-768x1024.jpg 768w, https:\/\/ecolecaritas.be\/new\/wp-content\/uploads\/2020\/10\/IMG-20201020-WA0064-600x800.jpg 600w, https:\/\/ecolecaritas.be\/new\/wp-content\/uploads\/2020\/10\/IMG-20201020-WA0064-1152x1536.jpg 1152w, https:\/\/ecolecaritas.be\/new\/wp-content\/uploads\/2020\/10\/IMG-20201020-WA0064-1320x1760.jpg 1320w, https:\/\/ecolecaritas.be\/new\/wp-content\/uploads\/2020\/10\/IMG-20201020-WA0064.jpg 1440w\" sizes=\"auto, (max-width: 450px) 100vw, 450px\" \/><\/figure>\n\n\n\n<figure class=\"wp-block-image size-large\"><img loading=\"lazy\" decoding=\"async\" width=\"338\" height=\"600\" src=\"https:\/\/ecolecaritas.be\/new\/wp-content\/uploads\/2020\/10\/IMG_20201020_100952-338x600.jpg\" alt=\"\" class=\"wp-image-152150\" srcset=\"https:\/\/ecolecaritas.be\/new\/wp-content\/uploads\/2020\/10\/IMG_20201020_100952-338x600.jpg 338w, https:\/\/ecolecaritas.be\/new\/wp-content\/uploads\/2020\/10\/IMG_20201020_100952-169x300.jpg 169w, https:\/\/ecolecaritas.be\/new\/wp-content\/uploads\/2020\/10\/IMG_20201020_100952-768x1365.jpg 768w, https:\/\/ecolecaritas.be\/new\/wp-content\/uploads\/2020\/10\/IMG_20201020_100952-600x1067.jpg 600w, https:\/\/ecolecaritas.be\/new\/wp-content\/uploads\/2020\/10\/IMG_20201020_100952-864x1536.jpg 864w, https:\/\/ecolecaritas.be\/new\/wp-content\/uploads\/2020\/10\/IMG_20201020_100952-1152x2048.jpg 1152w, https:\/\/ecolecaritas.be\/new\/wp-content\/uploads\/2020\/10\/IMG_20201020_100952-1320x2347.jpg 1320w, https:\/\/ecolecaritas.be\/new\/wp-content\/uploads\/2020\/10\/IMG_20201020_100952-scaled.jpg 1440w\" sizes=\"auto, (max-width: 338px) 100vw, 338px\" \/><\/figure>\n\n\n\n<figure class=\"wp-block-image size-large\"><img loading=\"lazy\" decoding=\"async\" width=\"600\" height=\"450\" src=\"https:\/\/ecolecaritas.be\/new\/wp-content\/uploads\/2020\/10\/IMG-20201020-WA0039-600x450.jpg\" alt=\"\" class=\"wp-image-152174\" srcset=\"https:\/\/ecolecaritas.be\/new\/wp-content\/uploads\/2020\/10\/IMG-20201020-WA0039-600x450.jpg 600w, https:\/\/ecolecaritas.be\/new\/wp-content\/uploads\/2020\/10\/IMG-20201020-WA0039-300x225.jpg 300w, https:\/\/ecolecaritas.be\/new\/wp-content\/uploads\/2020\/10\/IMG-20201020-WA0039-768x576.jpg 768w, https:\/\/ecolecaritas.be\/new\/wp-content\/uploads\/2020\/10\/IMG-20201020-WA0039-1536x1153.jpg 1536w, https:\/\/ecolecaritas.be\/new\/wp-content\/uploads\/2020\/10\/IMG-20201020-WA0039-678x509.jpg 678w, https:\/\/ecolecaritas.be\/new\/wp-content\/uploads\/2020\/10\/IMG-20201020-WA0039-326x245.jpg 326w, https:\/\/ecolecaritas.be\/new\/wp-content\/uploads\/2020\/10\/IMG-20201020-WA0039-80x60.jpg 80w, https:\/\/ecolecaritas.be\/new\/wp-content\/uploads\/2020\/10\/IMG-20201020-WA0039-1320x991.jpg 1320w, https:\/\/ecolecaritas.be\/new\/wp-content\/uploads\/2020\/10\/IMG-20201020-WA0039.jpg 1919w\" sizes=\"auto, (max-width: 600px) 100vw, 600px\" \/><\/figure>\n\n\n\n<figure class=\"wp-block-image size-large\"><img loading=\"lazy\" decoding=\"async\" width=\"600\" height=\"338\" src=\"https:\/\/ecolecaritas.be\/new\/wp-content\/uploads\/2020\/10\/IMG_20201020_114409-600x338.jpg\" alt=\"\" class=\"wp-image-152127\" srcset=\"https:\/\/ecolecaritas.be\/new\/wp-content\/uploads\/2020\/10\/IMG_20201020_114409-600x338.jpg 600w, https:\/\/ecolecaritas.be\/new\/wp-content\/uploads\/2020\/10\/IMG_20201020_114409-300x169.jpg 300w, https:\/\/ecolecaritas.be\/new\/wp-content\/uploads\/2020\/10\/IMG_20201020_114409-768x432.jpg 768w, https:\/\/ecolecaritas.be\/new\/wp-content\/uploads\/2020\/10\/IMG_20201020_114409-1536x864.jpg 1536w, https:\/\/ecolecaritas.be\/new\/wp-content\/uploads\/2020\/10\/IMG_20201020_114409-2048x1152.jpg 2048w, https:\/\/ecolecaritas.be\/new\/wp-content\/uploads\/2020\/10\/IMG_20201020_114409-678x381.jpg 678w, https:\/\/ecolecaritas.be\/new\/wp-content\/uploads\/2020\/10\/IMG_20201020_114409-1320x743.jpg 1320w\" sizes=\"auto, (max-width: 600px) 100vw, 600px\" \/><\/figure>\n\n\n\n<figure class=\"wp-block-image size-large\"><img loading=\"lazy\" decoding=\"async\" width=\"600\" height=\"338\" src=\"https:\/\/ecolecaritas.be\/new\/wp-content\/uploads\/2020\/10\/IMG_20201020_121321-1-600x338.jpg\" alt=\"\" class=\"wp-image-152126\" srcset=\"https:\/\/ecolecaritas.be\/new\/wp-content\/uploads\/2020\/10\/IMG_20201020_121321-1-600x338.jpg 600w, https:\/\/ecolecaritas.be\/new\/wp-content\/uploads\/2020\/10\/IMG_20201020_121321-1-300x169.jpg 300w, https:\/\/ecolecaritas.be\/new\/wp-content\/uploads\/2020\/10\/IMG_20201020_121321-1-768x432.jpg 768w, https:\/\/ecolecaritas.be\/new\/wp-content\/uploads\/2020\/10\/IMG_20201020_121321-1-1536x864.jpg 1536w, https:\/\/ecolecaritas.be\/new\/wp-content\/uploads\/2020\/10\/IMG_20201020_121321-1-2048x1152.jpg 2048w, https:\/\/ecolecaritas.be\/new\/wp-content\/uploads\/2020\/10\/IMG_20201020_121321-1-678x381.jpg 678w, https:\/\/ecolecaritas.be\/new\/wp-content\/uploads\/2020\/10\/IMG_20201020_121321-1-1320x743.jpg 1320w\" sizes=\"auto, (max-width: 600px) 100vw, 600px\" \/><\/figure>\n\n\n\n<figure class=\"wp-block-image size-large\"><img loading=\"lazy\" decoding=\"async\" width=\"338\" height=\"600\" src=\"https:\/\/ecolecaritas.be\/new\/wp-content\/uploads\/2020\/10\/IMG_20201020_140201-338x600.jpg\" alt=\"\" class=\"wp-image-152124\" srcset=\"https:\/\/ecolecaritas.be\/new\/wp-content\/uploads\/2020\/10\/IMG_20201020_140201-338x600.jpg 338w, https:\/\/ecolecaritas.be\/new\/wp-content\/uploads\/2020\/10\/IMG_20201020_140201-169x300.jpg 169w, https:\/\/ecolecaritas.be\/new\/wp-content\/uploads\/2020\/10\/IMG_20201020_140201-768x1365.jpg 768w, https:\/\/ecolecaritas.be\/new\/wp-content\/uploads\/2020\/10\/IMG_20201020_140201-600x1067.jpg 600w, https:\/\/ecolecaritas.be\/new\/wp-content\/uploads\/2020\/10\/IMG_20201020_140201-864x1536.jpg 864w, https:\/\/ecolecaritas.be\/new\/wp-content\/uploads\/2020\/10\/IMG_20201020_140201-1152x2048.jpg 1152w, https:\/\/ecolecaritas.be\/new\/wp-content\/uploads\/2020\/10\/IMG_20201020_140201-1320x2347.jpg 1320w, https:\/\/ecolecaritas.be\/new\/wp-content\/uploads\/2020\/10\/IMG_20201020_140201-scaled.jpg 1440w\" sizes=\"auto, (max-width: 338px) 100vw, 338px\" \/><\/figure>\n\n\n\n<figure class=\"wp-block-image size-large\"><img loading=\"lazy\" decoding=\"async\" width=\"338\" height=\"600\" src=\"https:\/\/ecolecaritas.be\/new\/wp-content\/uploads\/2020\/10\/IMG_20201020_101432-338x600.jpg\" alt=\"\" class=\"wp-image-152123\" srcset=\"https:\/\/ecolecaritas.be\/new\/wp-content\/uploads\/2020\/10\/IMG_20201020_101432-338x600.jpg 338w, https:\/\/ecolecaritas.be\/new\/wp-content\/uploads\/2020\/10\/IMG_20201020_101432-169x300.jpg 169w, https:\/\/ecolecaritas.be\/new\/wp-content\/uploads\/2020\/10\/IMG_20201020_101432-768x1365.jpg 768w, https:\/\/ecolecaritas.be\/new\/wp-content\/uploads\/2020\/10\/IMG_20201020_101432-600x1067.jpg 600w, https:\/\/ecolecaritas.be\/new\/wp-content\/uploads\/2020\/10\/IMG_20201020_101432-864x1536.jpg 864w, https:\/\/ecolecaritas.be\/new\/wp-content\/uploads\/2020\/10\/IMG_20201020_101432-1152x2048.jpg 1152w, https:\/\/ecolecaritas.be\/new\/wp-content\/uploads\/2020\/10\/IMG_20201020_101432-1320x2347.jpg 1320w, https:\/\/ecolecaritas.be\/new\/wp-content\/uploads\/2020\/10\/IMG_20201020_101432-scaled.jpg 1440w\" sizes=\"auto, (max-width: 338px) 100vw, 338px\" \/><\/figure>\n\n\n\n<figure class=\"wp-block-image size-large\"><img loading=\"lazy\" decoding=\"async\" width=\"600\" height=\"338\" src=\"https:\/\/ecolecaritas.be\/new\/wp-content\/uploads\/2020\/10\/IMG_20201020_115726_1-600x338.jpg\" alt=\"\" class=\"wp-image-152122\" srcset=\"https:\/\/ecolecaritas.be\/new\/wp-content\/uploads\/2020\/10\/IMG_20201020_115726_1-600x338.jpg 600w, https:\/\/ecolecaritas.be\/new\/wp-content\/uploads\/2020\/10\/IMG_20201020_115726_1-300x169.jpg 300w, https:\/\/ecolecaritas.be\/new\/wp-content\/uploads\/2020\/10\/IMG_20201020_115726_1-768x432.jpg 768w, https:\/\/ecolecaritas.be\/new\/wp-content\/uploads\/2020\/10\/IMG_20201020_115726_1-1536x864.jpg 1536w, https:\/\/ecolecaritas.be\/new\/wp-content\/uploads\/2020\/10\/IMG_20201020_115726_1-2048x1152.jpg 2048w, https:\/\/ecolecaritas.be\/new\/wp-content\/uploads\/2020\/10\/IMG_20201020_115726_1-678x381.jpg 678w, https:\/\/ecolecaritas.be\/new\/wp-content\/uploads\/2020\/10\/IMG_20201020_115726_1-1320x743.jpg 1320w\" sizes=\"auto, (max-width: 600px) 100vw, 600px\" \/><\/figure>\n\n\n\n<figure class=\"wp-block-image size-large\"><img loading=\"lazy\" decoding=\"async\" width=\"600\" height=\"338\" src=\"https:\/\/ecolecaritas.be\/new\/wp-content\/uploads\/2020\/10\/IMG_20201020_134526-600x338.jpg\" alt=\"\" class=\"wp-image-152111\" srcset=\"https:\/\/ecolecaritas.be\/new\/wp-content\/uploads\/2020\/10\/IMG_20201020_134526-600x338.jpg 600w, https:\/\/ecolecaritas.be\/new\/wp-content\/uploads\/2020\/10\/IMG_20201020_134526-300x169.jpg 300w, https:\/\/ecolecaritas.be\/new\/wp-content\/uploads\/2020\/10\/IMG_20201020_134526-768x432.jpg 768w, https:\/\/ecolecaritas.be\/new\/wp-content\/uploads\/2020\/10\/IMG_20201020_134526-1536x864.jpg 1536w, https:\/\/ecolecaritas.be\/new\/wp-content\/uploads\/2020\/10\/IMG_20201020_134526-2048x1152.jpg 2048w, https:\/\/ecolecaritas.be\/new\/wp-content\/uploads\/2020\/10\/IMG_20201020_134526-678x381.jpg 678w, https:\/\/ecolecaritas.be\/new\/wp-content\/uploads\/2020\/10\/IMG_20201020_134526-1320x743.jpg 1320w\" sizes=\"auto, (max-width: 600px) 100vw, 600px\" \/><\/figure>\n\n\n\n<figure class=\"wp-block-image size-large\"><img loading=\"lazy\" decoding=\"async\" width=\"600\" height=\"338\" src=\"https:\/\/ecolecaritas.be\/new\/wp-content\/uploads\/2020\/10\/IMG_20201020_143314-600x338.jpg\" alt=\"\" class=\"wp-image-152106\" srcset=\"https:\/\/ecolecaritas.be\/new\/wp-content\/uploads\/2020\/10\/IMG_20201020_143314-600x338.jpg 600w, https:\/\/ecolecaritas.be\/new\/wp-content\/uploads\/2020\/10\/IMG_20201020_143314-300x169.jpg 300w, https:\/\/ecolecaritas.be\/new\/wp-content\/uploads\/2020\/10\/IMG_20201020_143314-768x432.jpg 768w, https:\/\/ecolecaritas.be\/new\/wp-content\/uploads\/2020\/10\/IMG_20201020_143314-1536x864.jpg 1536w, https:\/\/ecolecaritas.be\/new\/wp-content\/uploads\/2020\/10\/IMG_20201020_143314-2048x1152.jpg 2048w, https:\/\/ecolecaritas.be\/new\/wp-content\/uploads\/2020\/10\/IMG_20201020_143314-678x381.jpg 678w, https:\/\/ecolecaritas.be\/new\/wp-content\/uploads\/2020\/10\/IMG_20201020_143314-1320x743.jpg 1320w\" sizes=\"auto, (max-width: 600px) 100vw, 600px\" \/><\/figure>\n\n\n\n<figure class=\"wp-block-image size-large\"><img loading=\"lazy\" decoding=\"async\" width=\"600\" height=\"338\" src=\"https:\/\/ecolecaritas.be\/new\/wp-content\/uploads\/2020\/10\/IMG_20201020_142032-600x338.jpg\" alt=\"\" class=\"wp-image-152105\" srcset=\"https:\/\/ecolecaritas.be\/new\/wp-content\/uploads\/2020\/10\/IMG_20201020_142032-600x338.jpg 600w, https:\/\/ecolecaritas.be\/new\/wp-content\/uploads\/2020\/10\/IMG_20201020_142032-300x169.jpg 300w, https:\/\/ecolecaritas.be\/new\/wp-content\/uploads\/2020\/10\/IMG_20201020_142032-768x432.jpg 768w, https:\/\/ecolecaritas.be\/new\/wp-content\/uploads\/2020\/10\/IMG_20201020_142032-1536x864.jpg 1536w, https:\/\/ecolecaritas.be\/new\/wp-content\/uploads\/2020\/10\/IMG_20201020_142032-2048x1152.jpg 2048w, https:\/\/ecolecaritas.be\/new\/wp-content\/uploads\/2020\/10\/IMG_20201020_142032-678x381.jpg 678w, https:\/\/ecolecaritas.be\/new\/wp-content\/uploads\/2020\/10\/IMG_20201020_142032-1320x743.jpg 1320w\" sizes=\"auto, (max-width: 600px) 100vw, 600px\" \/><\/figure>\n\n\n\n<figure class=\"wp-block-image size-large\"><img loading=\"lazy\" decoding=\"async\" width=\"338\" height=\"600\" src=\"https:\/\/ecolecaritas.be\/new\/wp-content\/uploads\/2020\/10\/IMG_20201020_140055-338x600.jpg\" alt=\"\" class=\"wp-image-152113\" srcset=\"https:\/\/ecolecaritas.be\/new\/wp-content\/uploads\/2020\/10\/IMG_20201020_140055-338x600.jpg 338w, https:\/\/ecolecaritas.be\/new\/wp-content\/uploads\/2020\/10\/IMG_20201020_140055-169x300.jpg 169w, https:\/\/ecolecaritas.be\/new\/wp-content\/uploads\/2020\/10\/IMG_20201020_140055-768x1365.jpg 768w, https:\/\/ecolecaritas.be\/new\/wp-content\/uploads\/2020\/10\/IMG_20201020_140055-600x1067.jpg 600w, https:\/\/ecolecaritas.be\/new\/wp-content\/uploads\/2020\/10\/IMG_20201020_140055-864x1536.jpg 864w, https:\/\/ecolecaritas.be\/new\/wp-content\/uploads\/2020\/10\/IMG_20201020_140055-1152x2048.jpg 1152w, https:\/\/ecolecaritas.be\/new\/wp-content\/uploads\/2020\/10\/IMG_20201020_140055-1320x2347.jpg 1320w, https:\/\/ecolecaritas.be\/new\/wp-content\/uploads\/2020\/10\/IMG_20201020_140055-scaled.jpg 1440w\" sizes=\"auto, (max-width: 338px) 100vw, 338px\" \/><\/figure>\n\n\n\n<figure class=\"wp-block-image size-large\"><img loading=\"lazy\" decoding=\"async\" width=\"600\" height=\"338\" src=\"https:\/\/ecolecaritas.be\/new\/wp-content\/uploads\/2020\/10\/IMG_20201020_135758-600x338.jpg\" alt=\"\" class=\"wp-image-152117\" srcset=\"https:\/\/ecolecaritas.be\/new\/wp-content\/uploads\/2020\/10\/IMG_20201020_135758-600x338.jpg 600w, https:\/\/ecolecaritas.be\/new\/wp-content\/uploads\/2020\/10\/IMG_20201020_135758-300x169.jpg 300w, https:\/\/ecolecaritas.be\/new\/wp-content\/uploads\/2020\/10\/IMG_20201020_135758-768x432.jpg 768w, https:\/\/ecolecaritas.be\/new\/wp-content\/uploads\/2020\/10\/IMG_20201020_135758-1536x864.jpg 1536w, https:\/\/ecolecaritas.be\/new\/wp-content\/uploads\/2020\/10\/IMG_20201020_135758-2048x1152.jpg 2048w, https:\/\/ecolecaritas.be\/new\/wp-content\/uploads\/2020\/10\/IMG_20201020_135758-678x381.jpg 678w, https:\/\/ecolecaritas.be\/new\/wp-content\/uploads\/2020\/10\/IMG_20201020_135758-1320x743.jpg 1320w\" sizes=\"auto, (max-width: 600px) 100vw, 600px\" \/><\/figure>\n\n\n\n<figure class=\"wp-block-image size-large\"><img loading=\"lazy\" decoding=\"async\" width=\"338\" height=\"600\" src=\"https:\/\/ecolecaritas.be\/new\/wp-content\/uploads\/2020\/10\/IMG_20201020_093945_1-1-338x600.jpg\" alt=\"\" class=\"wp-image-152183\" srcset=\"https:\/\/ecolecaritas.be\/new\/wp-content\/uploads\/2020\/10\/IMG_20201020_093945_1-1-338x600.jpg 338w, https:\/\/ecolecaritas.be\/new\/wp-content\/uploads\/2020\/10\/IMG_20201020_093945_1-1-169x300.jpg 169w, https:\/\/ecolecaritas.be\/new\/wp-content\/uploads\/2020\/10\/IMG_20201020_093945_1-1-768x1365.jpg 768w, https:\/\/ecolecaritas.be\/new\/wp-content\/uploads\/2020\/10\/IMG_20201020_093945_1-1-600x1067.jpg 600w, https:\/\/ecolecaritas.be\/new\/wp-content\/uploads\/2020\/10\/IMG_20201020_093945_1-1-864x1536.jpg 864w, https:\/\/ecolecaritas.be\/new\/wp-content\/uploads\/2020\/10\/IMG_20201020_093945_1-1-1152x2048.jpg 1152w, https:\/\/ecolecaritas.be\/new\/wp-content\/uploads\/2020\/10\/IMG_20201020_093945_1-1-1320x2347.jpg 1320w, https:\/\/ecolecaritas.be\/new\/wp-content\/uploads\/2020\/10\/IMG_20201020_093945_1-1-scaled.jpg 1440w\" sizes=\"auto, (max-width: 338px) 100vw, 338px\" \/><\/figure>\n","protected":false},"excerpt":{"rendered":"<div class=\"mh-excerpt\"><p>Tr\u00e8s belle journ\u00e9e \u00e0 la ferme avec les maternelles : balade en tracteur, nourrissage des animaux, atelier pain et laine, les enfants sont rentr\u00e9s \u00ab\u00a0crott\u00e9s\u00a0\u00bb, <a class=\"mh-excerpt-more\" href=\"https:\/\/ecolecaritas.be\/new\/journee-a-la-ferme-pour-les-maternelles\/\" title=\"Journ\u00e9e \u00e0 la ferme pour les maternelles\">[&#8230;]<\/a><\/p>\n<\/div>","protected":false},"author":4,"featured_media":152146,"comment_status":"closed","ping_status":"closed","sticky":false,"template":"","format":"standard","meta":{"footnotes":""},"categories":[7],"tags":[],"class_list":["post-152181","post","type-post","status-publish","format-standard","has-post-thumbnail","hentry","category-mat"],"_links":{"self":[{"href":"https:\/\/ecolecaritas.be\/new\/wp-json\/wp\/v2\/posts\/152181","targetHints":{"allow":["GET"]}}],"collection":[{"href":"https:\/\/ecolecaritas.be\/new\/wp-json\/wp\/v2\/posts"}],"about":[{"href":"https:\/\/ecolecaritas.be\/new\/wp-json\/wp\/v2\/types\/post"}],"author":[{"embeddable":true,"href":"https:\/\/ecolecaritas.be\/new\/wp-json\/wp\/v2\/users\/4"}],"replies":[{"embeddable":true,"href":"https:\/\/ecolecaritas.be\/new\/wp-json\/wp\/v2\/comments?post=152181"}],"version-history":[{"count":7,"href":"https:\/\/ecolecaritas.be\/new\/wp-json\/wp\/v2\/posts\/152181\/revisions"}],"predecessor-version":[{"id":152194,"href":"https:\/\/ecolecaritas.be\/new\/wp-json\/wp\/v2\/posts\/152181\/revisions\/152194"}],"wp:featuredmedia":[{"embeddable":true,"href":"https:\/\/ecolecaritas.be\/new\/wp-json\/wp\/v2\/media\/152146"}],"wp:attachment":[{"href":"https:\/\/ecolecaritas.be\/new\/wp-json\/wp\/v2\/media?parent=152181"}],"wp:term":[{"taxonomy":"category","embeddable":true,"href":"https:\/\/ecolecaritas.be\/new\/wp-json\/wp\/v2\/categories?post=152181"},{"taxonomy":"post_tag","embeddable":true,"href":"https:\/\/ecolecaritas.be\/new\/wp-json\/wp\/v2\/tags?post=152181"}],"curies":[{"name":"wp","href":"https:\/\/api.w.org\/{rel}","templated":true}]}}