{"id":153164,"date":"2021-05-04T18:48:09","date_gmt":"2021-05-04T16:48:09","guid":{"rendered":"http:\/\/ecolecaritas.be\/new\/?p=153164"},"modified":"2021-05-04T18:48:09","modified_gmt":"2021-05-04T16:48:09","slug":"notre-coin-potageren-p4","status":"publish","type":"post","link":"https:\/\/ecolecaritas.be\/new\/notre-coin-potageren-p4\/","title":{"rendered":"\u00ab\u00a0Notre coin potager\u00a0\u00bben P4!"},"content":{"rendered":"\n<p>Lors d&rsquo;une apr\u00e8s-midi ensoleill\u00e9e, la semaine derni\u00e8re, nous avons mis notre bac potager en ordre. Nous avons cass\u00e9 les mottes de terre et ajout\u00e9 le terreau. Nous avons replant\u00e9 de la ciboulette, des fraises des bois, et des pervenches. Certains \u00e9l\u00e8ves ont rajout\u00e9 des vers de terre, des teignes et des larves. Leur pr\u00e9sence favorise le d\u00e9veloppement des plantes. Nous repiquerons nos semis de radis cette semaine. Chacun a particip\u00e9 avec enthousiasme.<\/p>\n\n\n\n<figure class=\"wp-block-image size-large\"><img loading=\"lazy\" decoding=\"async\" width=\"600\" height=\"450\" src=\"https:\/\/ecolecaritas.be\/new\/wp-content\/uploads\/2021\/05\/IMG-20210504-WA0001-600x450.jpg\" alt=\"\" class=\"wp-image-153163\" srcset=\"https:\/\/ecolecaritas.be\/new\/wp-content\/uploads\/2021\/05\/IMG-20210504-WA0001-600x450.jpg 600w, https:\/\/ecolecaritas.be\/new\/wp-content\/uploads\/2021\/05\/IMG-20210504-WA0001-300x225.jpg 300w, https:\/\/ecolecaritas.be\/new\/wp-content\/uploads\/2021\/05\/IMG-20210504-WA0001-768x576.jpg 768w, https:\/\/ecolecaritas.be\/new\/wp-content\/uploads\/2021\/05\/IMG-20210504-WA0001-1536x1153.jpg 1536w, https:\/\/ecolecaritas.be\/new\/wp-content\/uploads\/2021\/05\/IMG-20210504-WA0001-678x509.jpg 678w, https:\/\/ecolecaritas.be\/new\/wp-content\/uploads\/2021\/05\/IMG-20210504-WA0001-326x245.jpg 326w, https:\/\/ecolecaritas.be\/new\/wp-content\/uploads\/2021\/05\/IMG-20210504-WA0001-80x60.jpg 80w, https:\/\/ecolecaritas.be\/new\/wp-content\/uploads\/2021\/05\/IMG-20210504-WA0001-1320x991.jpg 1320w, https:\/\/ecolecaritas.be\/new\/wp-content\/uploads\/2021\/05\/IMG-20210504-WA0001.jpg 1919w\" sizes=\"auto, (max-width: 600px) 100vw, 600px\" \/><\/figure>\n\n\n\n<figure class=\"wp-block-image size-large\"><img loading=\"lazy\" decoding=\"async\" width=\"600\" height=\"450\" src=\"https:\/\/ecolecaritas.be\/new\/wp-content\/uploads\/2021\/05\/IMG-20210504-WA0004-600x450.jpg\" alt=\"\" class=\"wp-image-153161\" srcset=\"https:\/\/ecolecaritas.be\/new\/wp-content\/uploads\/2021\/05\/IMG-20210504-WA0004-600x450.jpg 600w, https:\/\/ecolecaritas.be\/new\/wp-content\/uploads\/2021\/05\/IMG-20210504-WA0004-300x225.jpg 300w, https:\/\/ecolecaritas.be\/new\/wp-content\/uploads\/2021\/05\/IMG-20210504-WA0004-768x576.jpg 768w, https:\/\/ecolecaritas.be\/new\/wp-content\/uploads\/2021\/05\/IMG-20210504-WA0004-1536x1153.jpg 1536w, https:\/\/ecolecaritas.be\/new\/wp-content\/uploads\/2021\/05\/IMG-20210504-WA0004-678x509.jpg 678w, https:\/\/ecolecaritas.be\/new\/wp-content\/uploads\/2021\/05\/IMG-20210504-WA0004-326x245.jpg 326w, https:\/\/ecolecaritas.be\/new\/wp-content\/uploads\/2021\/05\/IMG-20210504-WA0004-80x60.jpg 80w, https:\/\/ecolecaritas.be\/new\/wp-content\/uploads\/2021\/05\/IMG-20210504-WA0004-1320x991.jpg 1320w, https:\/\/ecolecaritas.be\/new\/wp-content\/uploads\/2021\/05\/IMG-20210504-WA0004.jpg 1919w\" sizes=\"auto, (max-width: 600px) 100vw, 600px\" \/><\/figure>\n\n\n\n<figure class=\"wp-block-image size-large\"><img loading=\"lazy\" decoding=\"async\" width=\"600\" height=\"450\" src=\"https:\/\/ecolecaritas.be\/new\/wp-content\/uploads\/2021\/05\/IMG-20210504-WA0003-600x450.jpg\" alt=\"\" class=\"wp-image-153159\" srcset=\"https:\/\/ecolecaritas.be\/new\/wp-content\/uploads\/2021\/05\/IMG-20210504-WA0003-600x450.jpg 600w, https:\/\/ecolecaritas.be\/new\/wp-content\/uploads\/2021\/05\/IMG-20210504-WA0003-300x225.jpg 300w, https:\/\/ecolecaritas.be\/new\/wp-content\/uploads\/2021\/05\/IMG-20210504-WA0003-768x576.jpg 768w, https:\/\/ecolecaritas.be\/new\/wp-content\/uploads\/2021\/05\/IMG-20210504-WA0003-1536x1153.jpg 1536w, https:\/\/ecolecaritas.be\/new\/wp-content\/uploads\/2021\/05\/IMG-20210504-WA0003-678x509.jpg 678w, https:\/\/ecolecaritas.be\/new\/wp-content\/uploads\/2021\/05\/IMG-20210504-WA0003-326x245.jpg 326w, https:\/\/ecolecaritas.be\/new\/wp-content\/uploads\/2021\/05\/IMG-20210504-WA0003-80x60.jpg 80w, https:\/\/ecolecaritas.be\/new\/wp-content\/uploads\/2021\/05\/IMG-20210504-WA0003-1320x991.jpg 1320w, https:\/\/ecolecaritas.be\/new\/wp-content\/uploads\/2021\/05\/IMG-20210504-WA0003.jpg 1919w\" sizes=\"auto, (max-width: 600px) 100vw, 600px\" \/><\/figure>\n\n\n\n<p><\/p>\n\n\n\n<figure class=\"wp-block-image size-large\"><img loading=\"lazy\" decoding=\"async\" width=\"450\" height=\"600\" src=\"https:\/\/ecolecaritas.be\/new\/wp-content\/uploads\/2021\/05\/IMG-20210504-WA0005-450x600.jpg\" alt=\"\" class=\"wp-image-153160\" srcset=\"https:\/\/ecolecaritas.be\/new\/wp-content\/uploads\/2021\/05\/IMG-20210504-WA0005-450x600.jpg 450w, https:\/\/ecolecaritas.be\/new\/wp-content\/uploads\/2021\/05\/IMG-20210504-WA0005-225x300.jpg 225w, https:\/\/ecolecaritas.be\/new\/wp-content\/uploads\/2021\/05\/IMG-20210504-WA0005-768x1023.jpg 768w, https:\/\/ecolecaritas.be\/new\/wp-content\/uploads\/2021\/05\/IMG-20210504-WA0005-600x800.jpg 600w, https:\/\/ecolecaritas.be\/new\/wp-content\/uploads\/2021\/05\/IMG-20210504-WA0005-1153x1536.jpg 1153w, https:\/\/ecolecaritas.be\/new\/wp-content\/uploads\/2021\/05\/IMG-20210504-WA0005-1320x1759.jpg 1320w, https:\/\/ecolecaritas.be\/new\/wp-content\/uploads\/2021\/05\/IMG-20210504-WA0005.jpg 1440w\" sizes=\"auto, (max-width: 450px) 100vw, 450px\" \/><\/figure>\n","protected":false},"excerpt":{"rendered":"<div class=\"mh-excerpt\"><p>Lors d&rsquo;une apr\u00e8s-midi ensoleill\u00e9e, la semaine derni\u00e8re, nous avons mis notre bac potager en ordre. Nous avons cass\u00e9 les mottes de terre et ajout\u00e9 le <a class=\"mh-excerpt-more\" href=\"https:\/\/ecolecaritas.be\/new\/notre-coin-potageren-p4\/\" title=\"\u00ab\u00a0Notre coin potager\u00a0\u00bben P4!\">[&#8230;]<\/a><\/p>\n<\/div>","protected":false},"author":4,"featured_media":153165,"comment_status":"closed","ping_status":"closed","sticky":false,"template":"","format":"standard","meta":{"footnotes":""},"categories":[9],"tags":[],"class_list":["post-153164","post","type-post","status-publish","format-standard","has-post-thumbnail","hentry","category-p34"],"_links":{"self":[{"href":"https:\/\/ecolecaritas.be\/new\/wp-json\/wp\/v2\/posts\/153164","targetHints":{"allow":["GET"]}}],"collection":[{"href":"https:\/\/ecolecaritas.be\/new\/wp-json\/wp\/v2\/posts"}],"about":[{"href":"https:\/\/ecolecaritas.be\/new\/wp-json\/wp\/v2\/types\/post"}],"author":[{"embeddable":true,"href":"https:\/\/ecolecaritas.be\/new\/wp-json\/wp\/v2\/users\/4"}],"replies":[{"embeddable":true,"href":"https:\/\/ecolecaritas.be\/new\/wp-json\/wp\/v2\/comments?post=153164"}],"version-history":[{"count":8,"href":"https:\/\/ecolecaritas.be\/new\/wp-json\/wp\/v2\/posts\/153164\/revisions"}],"predecessor-version":[{"id":153183,"href":"https:\/\/ecolecaritas.be\/new\/wp-json\/wp\/v2\/posts\/153164\/revisions\/153183"}],"wp:featuredmedia":[{"embeddable":true,"href":"https:\/\/ecolecaritas.be\/new\/wp-json\/wp\/v2\/media\/153165"}],"wp:attachment":[{"href":"https:\/\/ecolecaritas.be\/new\/wp-json\/wp\/v2\/media?parent=153164"}],"wp:term":[{"taxonomy":"category","embeddable":true,"href":"https:\/\/ecolecaritas.be\/new\/wp-json\/wp\/v2\/categories?post=153164"},{"taxonomy":"post_tag","embeddable":true,"href":"https:\/\/ecolecaritas.be\/new\/wp-json\/wp\/v2\/tags?post=153164"}],"curies":[{"name":"wp","href":"https:\/\/api.w.org\/{rel}","templated":true}]}}