{"id":153378,"date":"2021-06-05T12:27:16","date_gmt":"2021-06-05T10:27:16","guid":{"rendered":"http:\/\/ecolecaritas.be\/new\/?p=153378"},"modified":"2021-06-05T12:27:16","modified_gmt":"2021-06-05T10:27:16","slug":"petite-visite-dans-la-classe-de-p1","status":"publish","type":"post","link":"https:\/\/ecolecaritas.be\/new\/petite-visite-dans-la-classe-de-p1\/","title":{"rendered":"Petite visite dans la classe de P1!"},"content":{"rendered":"\n<p>Les \u00e9l\u00e8ves de P1 ont re\u00e7u un kit d&rsquo;\u00e9levage de coccinelles et un autre de papillons. Chaque jour, nous les regardons se transformer.  Certaines coccinelles sont d\u00e9j\u00e0 sorties de leur chrysalide tandis que les chenilles se positionnent pour former leur cocon.  Suite \u00e0 la prochaine \u00e9tape de leur transformation&#x1f9d0;<\/p>\n\n\n\n<figure class=\"wp-block-image size-large\"><img loading=\"lazy\" decoding=\"async\" width=\"450\" height=\"600\" src=\"https:\/\/ecolecaritas.be\/new\/wp-content\/uploads\/2021\/06\/IMG-20210605-WA0001-1-450x600.jpg\" alt=\"\" class=\"wp-image-153377\" srcset=\"https:\/\/ecolecaritas.be\/new\/wp-content\/uploads\/2021\/06\/IMG-20210605-WA0001-1-450x600.jpg 450w, https:\/\/ecolecaritas.be\/new\/wp-content\/uploads\/2021\/06\/IMG-20210605-WA0001-1-225x300.jpg 225w, https:\/\/ecolecaritas.be\/new\/wp-content\/uploads\/2021\/06\/IMG-20210605-WA0001-1-768x1024.jpg 768w, https:\/\/ecolecaritas.be\/new\/wp-content\/uploads\/2021\/06\/IMG-20210605-WA0001-1-600x800.jpg 600w, https:\/\/ecolecaritas.be\/new\/wp-content\/uploads\/2021\/06\/IMG-20210605-WA0001-1-1152x1536.jpg 1152w, https:\/\/ecolecaritas.be\/new\/wp-content\/uploads\/2021\/06\/IMG-20210605-WA0001-1-1320x1760.jpg 1320w, https:\/\/ecolecaritas.be\/new\/wp-content\/uploads\/2021\/06\/IMG-20210605-WA0001-1.jpg 1440w\" sizes=\"auto, (max-width: 450px) 100vw, 450px\" \/><\/figure>\n\n\n\n<figure class=\"wp-block-image size-large\"><img loading=\"lazy\" decoding=\"async\" width=\"450\" height=\"600\" src=\"https:\/\/ecolecaritas.be\/new\/wp-content\/uploads\/2021\/06\/IMG-20210605-WA0002-1-450x600.jpg\" alt=\"\" class=\"wp-image-153376\" srcset=\"https:\/\/ecolecaritas.be\/new\/wp-content\/uploads\/2021\/06\/IMG-20210605-WA0002-1-450x600.jpg 450w, https:\/\/ecolecaritas.be\/new\/wp-content\/uploads\/2021\/06\/IMG-20210605-WA0002-1-225x300.jpg 225w, https:\/\/ecolecaritas.be\/new\/wp-content\/uploads\/2021\/06\/IMG-20210605-WA0002-1-768x1024.jpg 768w, https:\/\/ecolecaritas.be\/new\/wp-content\/uploads\/2021\/06\/IMG-20210605-WA0002-1-600x800.jpg 600w, https:\/\/ecolecaritas.be\/new\/wp-content\/uploads\/2021\/06\/IMG-20210605-WA0002-1-1152x1536.jpg 1152w, https:\/\/ecolecaritas.be\/new\/wp-content\/uploads\/2021\/06\/IMG-20210605-WA0002-1-1320x1760.jpg 1320w, https:\/\/ecolecaritas.be\/new\/wp-content\/uploads\/2021\/06\/IMG-20210605-WA0002-1.jpg 1440w\" sizes=\"auto, (max-width: 450px) 100vw, 450px\" \/><\/figure>\n\n\n\n<figure class=\"wp-block-image size-large\"><img loading=\"lazy\" decoding=\"async\" width=\"600\" height=\"450\" src=\"https:\/\/ecolecaritas.be\/new\/wp-content\/uploads\/2021\/06\/IMG-20210605-WA0004-1-600x450.jpg\" alt=\"\" class=\"wp-image-153368\" srcset=\"https:\/\/ecolecaritas.be\/new\/wp-content\/uploads\/2021\/06\/IMG-20210605-WA0004-1-600x450.jpg 600w, https:\/\/ecolecaritas.be\/new\/wp-content\/uploads\/2021\/06\/IMG-20210605-WA0004-1-300x225.jpg 300w, https:\/\/ecolecaritas.be\/new\/wp-content\/uploads\/2021\/06\/IMG-20210605-WA0004-1-768x576.jpg 768w, https:\/\/ecolecaritas.be\/new\/wp-content\/uploads\/2021\/06\/IMG-20210605-WA0004-1-1536x1152.jpg 1536w, https:\/\/ecolecaritas.be\/new\/wp-content\/uploads\/2021\/06\/IMG-20210605-WA0004-1-678x509.jpg 678w, https:\/\/ecolecaritas.be\/new\/wp-content\/uploads\/2021\/06\/IMG-20210605-WA0004-1-326x245.jpg 326w, https:\/\/ecolecaritas.be\/new\/wp-content\/uploads\/2021\/06\/IMG-20210605-WA0004-1-80x60.jpg 80w, https:\/\/ecolecaritas.be\/new\/wp-content\/uploads\/2021\/06\/IMG-20210605-WA0004-1-1320x990.jpg 1320w, https:\/\/ecolecaritas.be\/new\/wp-content\/uploads\/2021\/06\/IMG-20210605-WA0004-1.jpg 1920w\" sizes=\"auto, (max-width: 600px) 100vw, 600px\" \/><\/figure>\n\n\n\n<figure class=\"wp-block-image size-large\"><img loading=\"lazy\" decoding=\"async\" width=\"450\" height=\"600\" src=\"https:\/\/ecolecaritas.be\/new\/wp-content\/uploads\/2021\/06\/IMG-20210605-WA0006-1-450x600.jpg\" alt=\"\" class=\"wp-image-153372\" srcset=\"https:\/\/ecolecaritas.be\/new\/wp-content\/uploads\/2021\/06\/IMG-20210605-WA0006-1-450x600.jpg 450w, https:\/\/ecolecaritas.be\/new\/wp-content\/uploads\/2021\/06\/IMG-20210605-WA0006-1-225x300.jpg 225w, https:\/\/ecolecaritas.be\/new\/wp-content\/uploads\/2021\/06\/IMG-20210605-WA0006-1-768x1024.jpg 768w, https:\/\/ecolecaritas.be\/new\/wp-content\/uploads\/2021\/06\/IMG-20210605-WA0006-1-600x800.jpg 600w, https:\/\/ecolecaritas.be\/new\/wp-content\/uploads\/2021\/06\/IMG-20210605-WA0006-1-1152x1536.jpg 1152w, https:\/\/ecolecaritas.be\/new\/wp-content\/uploads\/2021\/06\/IMG-20210605-WA0006-1-1320x1760.jpg 1320w, https:\/\/ecolecaritas.be\/new\/wp-content\/uploads\/2021\/06\/IMG-20210605-WA0006-1.jpg 1440w\" sizes=\"auto, (max-width: 450px) 100vw, 450px\" \/><\/figure>\n\n\n\n<figure class=\"wp-block-image size-large\"><img loading=\"lazy\" decoding=\"async\" width=\"600\" height=\"450\" src=\"https:\/\/ecolecaritas.be\/new\/wp-content\/uploads\/2021\/06\/IMG-20210605-WA0005-1-600x450.jpg\" alt=\"\" class=\"wp-image-153370\" srcset=\"https:\/\/ecolecaritas.be\/new\/wp-content\/uploads\/2021\/06\/IMG-20210605-WA0005-1-600x450.jpg 600w, https:\/\/ecolecaritas.be\/new\/wp-content\/uploads\/2021\/06\/IMG-20210605-WA0005-1-300x225.jpg 300w, https:\/\/ecolecaritas.be\/new\/wp-content\/uploads\/2021\/06\/IMG-20210605-WA0005-1-768x576.jpg 768w, https:\/\/ecolecaritas.be\/new\/wp-content\/uploads\/2021\/06\/IMG-20210605-WA0005-1-1536x1152.jpg 1536w, https:\/\/ecolecaritas.be\/new\/wp-content\/uploads\/2021\/06\/IMG-20210605-WA0005-1-678x509.jpg 678w, https:\/\/ecolecaritas.be\/new\/wp-content\/uploads\/2021\/06\/IMG-20210605-WA0005-1-326x245.jpg 326w, https:\/\/ecolecaritas.be\/new\/wp-content\/uploads\/2021\/06\/IMG-20210605-WA0005-1-80x60.jpg 80w, https:\/\/ecolecaritas.be\/new\/wp-content\/uploads\/2021\/06\/IMG-20210605-WA0005-1-1320x990.jpg 1320w, https:\/\/ecolecaritas.be\/new\/wp-content\/uploads\/2021\/06\/IMG-20210605-WA0005-1.jpg 1920w\" sizes=\"auto, (max-width: 600px) 100vw, 600px\" \/><\/figure>\n\n\n\n<p>Pour la f\u00eate des m\u00e8res, les enfants ont fabriqu\u00e9 des porte-savons en c\u00e9ramique et des petits savons pour les mains.<\/p>\n\n\n\n<figure class=\"wp-block-image size-large\"><img loading=\"lazy\" decoding=\"async\" width=\"421\" height=\"600\" src=\"https:\/\/ecolecaritas.be\/new\/wp-content\/uploads\/2021\/06\/IMG-20210605-WA0010-421x600.jpg\" alt=\"\" class=\"wp-image-153375\" srcset=\"https:\/\/ecolecaritas.be\/new\/wp-content\/uploads\/2021\/06\/IMG-20210605-WA0010-421x600.jpg 421w, https:\/\/ecolecaritas.be\/new\/wp-content\/uploads\/2021\/06\/IMG-20210605-WA0010-211x300.jpg 211w, https:\/\/ecolecaritas.be\/new\/wp-content\/uploads\/2021\/06\/IMG-20210605-WA0010-600x855.jpg 600w, https:\/\/ecolecaritas.be\/new\/wp-content\/uploads\/2021\/06\/IMG-20210605-WA0010.jpg 719w\" sizes=\"auto, (max-width: 421px) 100vw, 421px\" \/><\/figure>\n\n\n\n<figure class=\"wp-block-image size-large\"><img loading=\"lazy\" decoding=\"async\" width=\"600\" height=\"419\" src=\"https:\/\/ecolecaritas.be\/new\/wp-content\/uploads\/2021\/06\/IMG-20210605-WA0008-1-600x419.jpg\" alt=\"\" class=\"wp-image-153374\" srcset=\"https:\/\/ecolecaritas.be\/new\/wp-content\/uploads\/2021\/06\/IMG-20210605-WA0008-1-600x419.jpg 600w, https:\/\/ecolecaritas.be\/new\/wp-content\/uploads\/2021\/06\/IMG-20210605-WA0008-1-300x209.jpg 300w, https:\/\/ecolecaritas.be\/new\/wp-content\/uploads\/2021\/06\/IMG-20210605-WA0008-1-768x536.jpg 768w, https:\/\/ecolecaritas.be\/new\/wp-content\/uploads\/2021\/06\/IMG-20210605-WA0008-1.jpg 1024w\" sizes=\"auto, (max-width: 600px) 100vw, 600px\" \/><\/figure>\n\n\n\n<figure class=\"wp-block-image size-large\"><img loading=\"lazy\" decoding=\"async\" width=\"450\" height=\"600\" src=\"https:\/\/ecolecaritas.be\/new\/wp-content\/uploads\/2021\/06\/IMG-20210605-WA0009-450x600.jpg\" alt=\"\" class=\"wp-image-153373\" srcset=\"https:\/\/ecolecaritas.be\/new\/wp-content\/uploads\/2021\/06\/IMG-20210605-WA0009-450x600.jpg 450w, https:\/\/ecolecaritas.be\/new\/wp-content\/uploads\/2021\/06\/IMG-20210605-WA0009-225x300.jpg 225w, https:\/\/ecolecaritas.be\/new\/wp-content\/uploads\/2021\/06\/IMG-20210605-WA0009-600x800.jpg 600w, https:\/\/ecolecaritas.be\/new\/wp-content\/uploads\/2021\/06\/IMG-20210605-WA0009.jpg 768w\" sizes=\"auto, (max-width: 450px) 100vw, 450px\" \/><\/figure>\n\n\n\n<figure class=\"wp-block-image size-large\"><img loading=\"lazy\" decoding=\"async\" width=\"426\" height=\"600\" src=\"https:\/\/ecolecaritas.be\/new\/wp-content\/uploads\/2021\/06\/IMG-20210605-WA0007-1-426x600.jpg\" alt=\"\" class=\"wp-image-153371\" srcset=\"https:\/\/ecolecaritas.be\/new\/wp-content\/uploads\/2021\/06\/IMG-20210605-WA0007-1-426x600.jpg 426w, https:\/\/ecolecaritas.be\/new\/wp-content\/uploads\/2021\/06\/IMG-20210605-WA0007-1-213x300.jpg 213w, https:\/\/ecolecaritas.be\/new\/wp-content\/uploads\/2021\/06\/IMG-20210605-WA0007-1-600x845.jpg 600w, https:\/\/ecolecaritas.be\/new\/wp-content\/uploads\/2021\/06\/IMG-20210605-WA0007-1.jpg 727w\" sizes=\"auto, (max-width: 426px) 100vw, 426px\" \/><\/figure>\n\n\n\n<p><\/p>\n","protected":false},"excerpt":{"rendered":"<div class=\"mh-excerpt\"><p>Les \u00e9l\u00e8ves de P1 ont re\u00e7u un kit d&rsquo;\u00e9levage de coccinelles et un autre de papillons. Chaque jour, nous les regardons se transformer. Certaines coccinelles <a class=\"mh-excerpt-more\" href=\"https:\/\/ecolecaritas.be\/new\/petite-visite-dans-la-classe-de-p1\/\" title=\"Petite visite dans la classe de P1!\">[&#8230;]<\/a><\/p>\n<\/div>","protected":false},"author":4,"featured_media":153369,"comment_status":"closed","ping_status":"closed","sticky":false,"template":"","format":"standard","meta":{"footnotes":""},"categories":[8],"tags":[],"class_list":["post-153378","post","type-post","status-publish","format-standard","has-post-thumbnail","hentry","category-p12"],"_links":{"self":[{"href":"https:\/\/ecolecaritas.be\/new\/wp-json\/wp\/v2\/posts\/153378","targetHints":{"allow":["GET"]}}],"collection":[{"href":"https:\/\/ecolecaritas.be\/new\/wp-json\/wp\/v2\/posts"}],"about":[{"href":"https:\/\/ecolecaritas.be\/new\/wp-json\/wp\/v2\/types\/post"}],"author":[{"embeddable":true,"href":"https:\/\/ecolecaritas.be\/new\/wp-json\/wp\/v2\/users\/4"}],"replies":[{"embeddable":true,"href":"https:\/\/ecolecaritas.be\/new\/wp-json\/wp\/v2\/comments?post=153378"}],"version-history":[{"count":6,"href":"https:\/\/ecolecaritas.be\/new\/wp-json\/wp\/v2\/posts\/153378\/revisions"}],"predecessor-version":[{"id":153386,"href":"https:\/\/ecolecaritas.be\/new\/wp-json\/wp\/v2\/posts\/153378\/revisions\/153386"}],"wp:featuredmedia":[{"embeddable":true,"href":"https:\/\/ecolecaritas.be\/new\/wp-json\/wp\/v2\/media\/153369"}],"wp:attachment":[{"href":"https:\/\/ecolecaritas.be\/new\/wp-json\/wp\/v2\/media?parent=153378"}],"wp:term":[{"taxonomy":"category","embeddable":true,"href":"https:\/\/ecolecaritas.be\/new\/wp-json\/wp\/v2\/categories?post=153378"},{"taxonomy":"post_tag","embeddable":true,"href":"https:\/\/ecolecaritas.be\/new\/wp-json\/wp\/v2\/tags?post=153378"}],"curies":[{"name":"wp","href":"https:\/\/api.w.org\/{rel}","templated":true}]}}