{"id":153609,"date":"2021-09-16T20:53:26","date_gmt":"2021-09-16T18:53:26","guid":{"rendered":"http:\/\/ecolecaritas.be\/new\/?p=153609"},"modified":"2021-09-17T16:07:01","modified_gmt":"2021-09-17T14:07:01","slug":"p5-p6-une-journee-pour-la-securite-routiere","status":"publish","type":"post","link":"https:\/\/ecolecaritas.be\/new\/p5-p6-une-journee-pour-la-securite-routiere\/","title":{"rendered":"P5\/P6 :Une journ\u00e9e pour la s\u00e9curit\u00e9 routi\u00e8re"},"content":{"rendered":"\n<p>Ce mardi 14 septembre, les \u00e9l\u00e8ves de P5 et P6 ont eu l&rsquo;occasion de vivre une activit\u00e9 sur la s\u00e9curit\u00e9 routi\u00e8re organis\u00e9e par la zone de police des Ardennes braban\u00e7onnes, au centre sportif de Chaumont-Gistoux. Apr\u00e8s les notions de th\u00e9orie, place \u00e0 la pratique sur le circuit avec v\u00e9los, cuistax, vrais policiers et feux rouges aux carrefours! Concentration et apprentissage dans une ambiance ludique, un superbe cadre et sous une m\u00e9t\u00e9o cl\u00e9mente : les \u00e9l\u00e8ves \u00e9taient ravis! Les policiers ont constat\u00e9, d&#8217;embl\u00e9e, l&rsquo;apport b\u00e9n\u00e9fique de la formation \u00ab\u00a0Pro V\u00e9lo\u00a0\u00bb chez les P6&#8230;Super&#x1f44d; !<\/p>\n\n\n\n<p><\/p>\n\n\n\n<p><\/p>\n\n\n\n<p><\/p>\n\n\n\n<p><\/p>\n\n\n\n<p><\/p>\n\n\n\n<p><\/p>\n\n\n\n<figure class=\"wp-block-image size-large\"><img loading=\"lazy\" decoding=\"async\" width=\"590\" height=\"600\" src=\"https:\/\/ecolecaritas.be\/new\/wp-content\/uploads\/2021\/09\/IMG-20210915-WA0009-590x600.jpg\" alt=\"\" class=\"wp-image-153600\" srcset=\"https:\/\/ecolecaritas.be\/new\/wp-content\/uploads\/2021\/09\/IMG-20210915-WA0009-590x600.jpg 590w, https:\/\/ecolecaritas.be\/new\/wp-content\/uploads\/2021\/09\/IMG-20210915-WA0009-295x300.jpg 295w, https:\/\/ecolecaritas.be\/new\/wp-content\/uploads\/2021\/09\/IMG-20210915-WA0009-768x781.jpg 768w, https:\/\/ecolecaritas.be\/new\/wp-content\/uploads\/2021\/09\/IMG-20210915-WA0009-600x610.jpg 600w, https:\/\/ecolecaritas.be\/new\/wp-content\/uploads\/2021\/09\/IMG-20210915-WA0009-1510x1536.jpg 1510w, https:\/\/ecolecaritas.be\/new\/wp-content\/uploads\/2021\/09\/IMG-20210915-WA0009-1320x1343.jpg 1320w, https:\/\/ecolecaritas.be\/new\/wp-content\/uploads\/2021\/09\/IMG-20210915-WA0009.jpg 1802w\" sizes=\"auto, (max-width: 590px) 100vw, 590px\" \/><\/figure>\n\n\n\n<figure class=\"wp-block-image size-large\"><img loading=\"lazy\" decoding=\"async\" width=\"600\" height=\"450\" src=\"https:\/\/ecolecaritas.be\/new\/wp-content\/uploads\/2021\/09\/IMG-20210915-WA0008-600x450.jpg\" alt=\"\" class=\"wp-image-153599\" srcset=\"https:\/\/ecolecaritas.be\/new\/wp-content\/uploads\/2021\/09\/IMG-20210915-WA0008-600x450.jpg 600w, https:\/\/ecolecaritas.be\/new\/wp-content\/uploads\/2021\/09\/IMG-20210915-WA0008-300x225.jpg 300w, https:\/\/ecolecaritas.be\/new\/wp-content\/uploads\/2021\/09\/IMG-20210915-WA0008-768x576.jpg 768w, https:\/\/ecolecaritas.be\/new\/wp-content\/uploads\/2021\/09\/IMG-20210915-WA0008-1536x1152.jpg 1536w, https:\/\/ecolecaritas.be\/new\/wp-content\/uploads\/2021\/09\/IMG-20210915-WA0008-678x509.jpg 678w, https:\/\/ecolecaritas.be\/new\/wp-content\/uploads\/2021\/09\/IMG-20210915-WA0008-326x245.jpg 326w, https:\/\/ecolecaritas.be\/new\/wp-content\/uploads\/2021\/09\/IMG-20210915-WA0008-80x60.jpg 80w, https:\/\/ecolecaritas.be\/new\/wp-content\/uploads\/2021\/09\/IMG-20210915-WA0008-1320x990.jpg 1320w, https:\/\/ecolecaritas.be\/new\/wp-content\/uploads\/2021\/09\/IMG-20210915-WA0008.jpg 1920w\" sizes=\"auto, (max-width: 600px) 100vw, 600px\" \/><\/figure>\n\n\n\n<figure class=\"wp-block-image size-large\"><img loading=\"lazy\" decoding=\"async\" width=\"600\" height=\"450\" src=\"https:\/\/ecolecaritas.be\/new\/wp-content\/uploads\/2021\/09\/IMG-20210915-WA0015-600x450.jpg\" alt=\"\" class=\"wp-image-153598\" srcset=\"https:\/\/ecolecaritas.be\/new\/wp-content\/uploads\/2021\/09\/IMG-20210915-WA0015-600x450.jpg 600w, https:\/\/ecolecaritas.be\/new\/wp-content\/uploads\/2021\/09\/IMG-20210915-WA0015-300x225.jpg 300w, https:\/\/ecolecaritas.be\/new\/wp-content\/uploads\/2021\/09\/IMG-20210915-WA0015-768x576.jpg 768w, https:\/\/ecolecaritas.be\/new\/wp-content\/uploads\/2021\/09\/IMG-20210915-WA0015-1536x1152.jpg 1536w, https:\/\/ecolecaritas.be\/new\/wp-content\/uploads\/2021\/09\/IMG-20210915-WA0015-678x509.jpg 678w, https:\/\/ecolecaritas.be\/new\/wp-content\/uploads\/2021\/09\/IMG-20210915-WA0015-326x245.jpg 326w, https:\/\/ecolecaritas.be\/new\/wp-content\/uploads\/2021\/09\/IMG-20210915-WA0015-80x60.jpg 80w, https:\/\/ecolecaritas.be\/new\/wp-content\/uploads\/2021\/09\/IMG-20210915-WA0015-1320x990.jpg 1320w, https:\/\/ecolecaritas.be\/new\/wp-content\/uploads\/2021\/09\/IMG-20210915-WA0015.jpg 1920w\" sizes=\"auto, (max-width: 600px) 100vw, 600px\" \/><\/figure>\n\n\n\n<figure class=\"wp-block-image size-large\"><img loading=\"lazy\" decoding=\"async\" width=\"600\" height=\"450\" src=\"https:\/\/ecolecaritas.be\/new\/wp-content\/uploads\/2021\/09\/IMG-20210915-WA0017-600x450.jpg\" alt=\"\" class=\"wp-image-153596\" srcset=\"https:\/\/ecolecaritas.be\/new\/wp-content\/uploads\/2021\/09\/IMG-20210915-WA0017-600x450.jpg 600w, https:\/\/ecolecaritas.be\/new\/wp-content\/uploads\/2021\/09\/IMG-20210915-WA0017-300x225.jpg 300w, https:\/\/ecolecaritas.be\/new\/wp-content\/uploads\/2021\/09\/IMG-20210915-WA0017-768x576.jpg 768w, https:\/\/ecolecaritas.be\/new\/wp-content\/uploads\/2021\/09\/IMG-20210915-WA0017-1536x1152.jpg 1536w, https:\/\/ecolecaritas.be\/new\/wp-content\/uploads\/2021\/09\/IMG-20210915-WA0017-678x509.jpg 678w, https:\/\/ecolecaritas.be\/new\/wp-content\/uploads\/2021\/09\/IMG-20210915-WA0017-326x245.jpg 326w, https:\/\/ecolecaritas.be\/new\/wp-content\/uploads\/2021\/09\/IMG-20210915-WA0017-80x60.jpg 80w, https:\/\/ecolecaritas.be\/new\/wp-content\/uploads\/2021\/09\/IMG-20210915-WA0017-1320x990.jpg 1320w, https:\/\/ecolecaritas.be\/new\/wp-content\/uploads\/2021\/09\/IMG-20210915-WA0017.jpg 1920w\" sizes=\"auto, (max-width: 600px) 100vw, 600px\" \/><\/figure>\n\n\n\n<figure class=\"wp-block-image size-large\"><img loading=\"lazy\" decoding=\"async\" width=\"600\" height=\"450\" src=\"https:\/\/ecolecaritas.be\/new\/wp-content\/uploads\/2021\/09\/IMG-20210915-WA0016-600x450.jpg\" alt=\"\" class=\"wp-image-153595\" srcset=\"https:\/\/ecolecaritas.be\/new\/wp-content\/uploads\/2021\/09\/IMG-20210915-WA0016-600x450.jpg 600w, https:\/\/ecolecaritas.be\/new\/wp-content\/uploads\/2021\/09\/IMG-20210915-WA0016-300x225.jpg 300w, https:\/\/ecolecaritas.be\/new\/wp-content\/uploads\/2021\/09\/IMG-20210915-WA0016-768x576.jpg 768w, https:\/\/ecolecaritas.be\/new\/wp-content\/uploads\/2021\/09\/IMG-20210915-WA0016-1536x1152.jpg 1536w, https:\/\/ecolecaritas.be\/new\/wp-content\/uploads\/2021\/09\/IMG-20210915-WA0016-678x509.jpg 678w, https:\/\/ecolecaritas.be\/new\/wp-content\/uploads\/2021\/09\/IMG-20210915-WA0016-326x245.jpg 326w, https:\/\/ecolecaritas.be\/new\/wp-content\/uploads\/2021\/09\/IMG-20210915-WA0016-80x60.jpg 80w, https:\/\/ecolecaritas.be\/new\/wp-content\/uploads\/2021\/09\/IMG-20210915-WA0016-1320x990.jpg 1320w, https:\/\/ecolecaritas.be\/new\/wp-content\/uploads\/2021\/09\/IMG-20210915-WA0016.jpg 1920w\" sizes=\"auto, (max-width: 600px) 100vw, 600px\" \/><\/figure>\n\n\n\n<figure class=\"wp-block-image size-large\"><img loading=\"lazy\" decoding=\"async\" width=\"600\" height=\"450\" src=\"https:\/\/ecolecaritas.be\/new\/wp-content\/uploads\/2021\/09\/IMG-20210915-WA0011-600x450.jpg\" alt=\"\" class=\"wp-image-153594\" srcset=\"https:\/\/ecolecaritas.be\/new\/wp-content\/uploads\/2021\/09\/IMG-20210915-WA0011-600x450.jpg 600w, https:\/\/ecolecaritas.be\/new\/wp-content\/uploads\/2021\/09\/IMG-20210915-WA0011-300x225.jpg 300w, https:\/\/ecolecaritas.be\/new\/wp-content\/uploads\/2021\/09\/IMG-20210915-WA0011-768x576.jpg 768w, https:\/\/ecolecaritas.be\/new\/wp-content\/uploads\/2021\/09\/IMG-20210915-WA0011-1536x1152.jpg 1536w, https:\/\/ecolecaritas.be\/new\/wp-content\/uploads\/2021\/09\/IMG-20210915-WA0011-678x509.jpg 678w, https:\/\/ecolecaritas.be\/new\/wp-content\/uploads\/2021\/09\/IMG-20210915-WA0011-326x245.jpg 326w, https:\/\/ecolecaritas.be\/new\/wp-content\/uploads\/2021\/09\/IMG-20210915-WA0011-80x60.jpg 80w, https:\/\/ecolecaritas.be\/new\/wp-content\/uploads\/2021\/09\/IMG-20210915-WA0011-1320x990.jpg 1320w, https:\/\/ecolecaritas.be\/new\/wp-content\/uploads\/2021\/09\/IMG-20210915-WA0011.jpg 1920w\" sizes=\"auto, (max-width: 600px) 100vw, 600px\" \/><\/figure>\n\n\n\n<figure class=\"wp-block-image size-large\"><img loading=\"lazy\" decoding=\"async\" width=\"600\" height=\"450\" src=\"https:\/\/ecolecaritas.be\/new\/wp-content\/uploads\/2021\/09\/IMG-20210915-WA0012-600x450.jpg\" alt=\"\" class=\"wp-image-153591\" srcset=\"https:\/\/ecolecaritas.be\/new\/wp-content\/uploads\/2021\/09\/IMG-20210915-WA0012-600x450.jpg 600w, https:\/\/ecolecaritas.be\/new\/wp-content\/uploads\/2021\/09\/IMG-20210915-WA0012-300x225.jpg 300w, https:\/\/ecolecaritas.be\/new\/wp-content\/uploads\/2021\/09\/IMG-20210915-WA0012-768x576.jpg 768w, https:\/\/ecolecaritas.be\/new\/wp-content\/uploads\/2021\/09\/IMG-20210915-WA0012-1536x1152.jpg 1536w, https:\/\/ecolecaritas.be\/new\/wp-content\/uploads\/2021\/09\/IMG-20210915-WA0012-678x509.jpg 678w, https:\/\/ecolecaritas.be\/new\/wp-content\/uploads\/2021\/09\/IMG-20210915-WA0012-326x245.jpg 326w, https:\/\/ecolecaritas.be\/new\/wp-content\/uploads\/2021\/09\/IMG-20210915-WA0012-80x60.jpg 80w, https:\/\/ecolecaritas.be\/new\/wp-content\/uploads\/2021\/09\/IMG-20210915-WA0012-1320x990.jpg 1320w, https:\/\/ecolecaritas.be\/new\/wp-content\/uploads\/2021\/09\/IMG-20210915-WA0012.jpg 1920w\" sizes=\"auto, (max-width: 600px) 100vw, 600px\" \/><\/figure>\n\n\n\n<figure class=\"wp-block-image size-large\"><img loading=\"lazy\" decoding=\"async\" width=\"600\" height=\"450\" src=\"https:\/\/ecolecaritas.be\/new\/wp-content\/uploads\/2021\/09\/IMG-20210915-WA0019-600x450.jpg\" alt=\"\" class=\"wp-image-153590\" srcset=\"https:\/\/ecolecaritas.be\/new\/wp-content\/uploads\/2021\/09\/IMG-20210915-WA0019-600x450.jpg 600w, https:\/\/ecolecaritas.be\/new\/wp-content\/uploads\/2021\/09\/IMG-20210915-WA0019-300x225.jpg 300w, https:\/\/ecolecaritas.be\/new\/wp-content\/uploads\/2021\/09\/IMG-20210915-WA0019-768x576.jpg 768w, https:\/\/ecolecaritas.be\/new\/wp-content\/uploads\/2021\/09\/IMG-20210915-WA0019-1536x1152.jpg 1536w, https:\/\/ecolecaritas.be\/new\/wp-content\/uploads\/2021\/09\/IMG-20210915-WA0019-678x509.jpg 678w, https:\/\/ecolecaritas.be\/new\/wp-content\/uploads\/2021\/09\/IMG-20210915-WA0019-326x245.jpg 326w, https:\/\/ecolecaritas.be\/new\/wp-content\/uploads\/2021\/09\/IMG-20210915-WA0019-80x60.jpg 80w, https:\/\/ecolecaritas.be\/new\/wp-content\/uploads\/2021\/09\/IMG-20210915-WA0019-1320x990.jpg 1320w, https:\/\/ecolecaritas.be\/new\/wp-content\/uploads\/2021\/09\/IMG-20210915-WA0019.jpg 1920w\" sizes=\"auto, (max-width: 600px) 100vw, 600px\" \/><\/figure>\n\n\n\n<figure class=\"wp-block-image size-large\"><img loading=\"lazy\" decoding=\"async\" width=\"450\" height=\"600\" src=\"https:\/\/ecolecaritas.be\/new\/wp-content\/uploads\/2021\/09\/IMG-20210915-WA0018-450x600.jpg\" alt=\"\" class=\"wp-image-153589\" srcset=\"https:\/\/ecolecaritas.be\/new\/wp-content\/uploads\/2021\/09\/IMG-20210915-WA0018-450x600.jpg 450w, https:\/\/ecolecaritas.be\/new\/wp-content\/uploads\/2021\/09\/IMG-20210915-WA0018-225x300.jpg 225w, https:\/\/ecolecaritas.be\/new\/wp-content\/uploads\/2021\/09\/IMG-20210915-WA0018-768x1024.jpg 768w, https:\/\/ecolecaritas.be\/new\/wp-content\/uploads\/2021\/09\/IMG-20210915-WA0018-600x800.jpg 600w, https:\/\/ecolecaritas.be\/new\/wp-content\/uploads\/2021\/09\/IMG-20210915-WA0018-1152x1536.jpg 1152w, https:\/\/ecolecaritas.be\/new\/wp-content\/uploads\/2021\/09\/IMG-20210915-WA0018-1320x1760.jpg 1320w, https:\/\/ecolecaritas.be\/new\/wp-content\/uploads\/2021\/09\/IMG-20210915-WA0018.jpg 1440w\" sizes=\"auto, (max-width: 450px) 100vw, 450px\" \/><\/figure>\n\n\n\n<figure class=\"wp-block-image size-large\"><img loading=\"lazy\" decoding=\"async\" width=\"600\" height=\"450\" src=\"https:\/\/ecolecaritas.be\/new\/wp-content\/uploads\/2021\/09\/IMG-20210916-WA0030-600x450.jpg\" alt=\"\" class=\"wp-image-153649\" srcset=\"https:\/\/ecolecaritas.be\/new\/wp-content\/uploads\/2021\/09\/IMG-20210916-WA0030-600x450.jpg 600w, https:\/\/ecolecaritas.be\/new\/wp-content\/uploads\/2021\/09\/IMG-20210916-WA0030-300x225.jpg 300w, https:\/\/ecolecaritas.be\/new\/wp-content\/uploads\/2021\/09\/IMG-20210916-WA0030-768x576.jpg 768w, https:\/\/ecolecaritas.be\/new\/wp-content\/uploads\/2021\/09\/IMG-20210916-WA0030-1536x1152.jpg 1536w, https:\/\/ecolecaritas.be\/new\/wp-content\/uploads\/2021\/09\/IMG-20210916-WA0030-678x509.jpg 678w, https:\/\/ecolecaritas.be\/new\/wp-content\/uploads\/2021\/09\/IMG-20210916-WA0030-326x245.jpg 326w, https:\/\/ecolecaritas.be\/new\/wp-content\/uploads\/2021\/09\/IMG-20210916-WA0030-80x60.jpg 80w, https:\/\/ecolecaritas.be\/new\/wp-content\/uploads\/2021\/09\/IMG-20210916-WA0030-1320x990.jpg 1320w, https:\/\/ecolecaritas.be\/new\/wp-content\/uploads\/2021\/09\/IMG-20210916-WA0030.jpg 2000w\" sizes=\"auto, (max-width: 600px) 100vw, 600px\" \/><\/figure>\n\n\n\n<figure class=\"wp-block-image size-large\"><img loading=\"lazy\" decoding=\"async\" width=\"450\" height=\"600\" src=\"https:\/\/ecolecaritas.be\/new\/wp-content\/uploads\/2021\/09\/IMG-20210916-WA0032-450x600.jpg\" alt=\"\" class=\"wp-image-153647\" srcset=\"https:\/\/ecolecaritas.be\/new\/wp-content\/uploads\/2021\/09\/IMG-20210916-WA0032-450x600.jpg 450w, https:\/\/ecolecaritas.be\/new\/wp-content\/uploads\/2021\/09\/IMG-20210916-WA0032-225x300.jpg 225w, https:\/\/ecolecaritas.be\/new\/wp-content\/uploads\/2021\/09\/IMG-20210916-WA0032-768x1024.jpg 768w, https:\/\/ecolecaritas.be\/new\/wp-content\/uploads\/2021\/09\/IMG-20210916-WA0032-600x800.jpg 600w, https:\/\/ecolecaritas.be\/new\/wp-content\/uploads\/2021\/09\/IMG-20210916-WA0032-1152x1536.jpg 1152w, https:\/\/ecolecaritas.be\/new\/wp-content\/uploads\/2021\/09\/IMG-20210916-WA0032-1320x1760.jpg 1320w, https:\/\/ecolecaritas.be\/new\/wp-content\/uploads\/2021\/09\/IMG-20210916-WA0032.jpg 1500w\" sizes=\"auto, (max-width: 450px) 100vw, 450px\" \/><\/figure>\n\n\n\n<figure class=\"wp-block-image size-large\"><img loading=\"lazy\" decoding=\"async\" width=\"600\" height=\"450\" src=\"https:\/\/ecolecaritas.be\/new\/wp-content\/uploads\/2021\/09\/IMG-20210916-WA0031-600x450.jpg\" alt=\"\" class=\"wp-image-153646\" srcset=\"https:\/\/ecolecaritas.be\/new\/wp-content\/uploads\/2021\/09\/IMG-20210916-WA0031-600x450.jpg 600w, https:\/\/ecolecaritas.be\/new\/wp-content\/uploads\/2021\/09\/IMG-20210916-WA0031-300x225.jpg 300w, https:\/\/ecolecaritas.be\/new\/wp-content\/uploads\/2021\/09\/IMG-20210916-WA0031-768x576.jpg 768w, https:\/\/ecolecaritas.be\/new\/wp-content\/uploads\/2021\/09\/IMG-20210916-WA0031-1536x1152.jpg 1536w, https:\/\/ecolecaritas.be\/new\/wp-content\/uploads\/2021\/09\/IMG-20210916-WA0031-678x509.jpg 678w, https:\/\/ecolecaritas.be\/new\/wp-content\/uploads\/2021\/09\/IMG-20210916-WA0031-326x245.jpg 326w, https:\/\/ecolecaritas.be\/new\/wp-content\/uploads\/2021\/09\/IMG-20210916-WA0031-80x60.jpg 80w, https:\/\/ecolecaritas.be\/new\/wp-content\/uploads\/2021\/09\/IMG-20210916-WA0031-1320x990.jpg 1320w, https:\/\/ecolecaritas.be\/new\/wp-content\/uploads\/2021\/09\/IMG-20210916-WA0031.jpg 2000w\" sizes=\"auto, (max-width: 600px) 100vw, 600px\" \/><\/figure>\n\n\n\n<figure class=\"wp-block-image size-large\"><img loading=\"lazy\" decoding=\"async\" width=\"600\" height=\"450\" src=\"https:\/\/ecolecaritas.be\/new\/wp-content\/uploads\/2021\/09\/IMG-20210916-WA0026-600x450.jpg\" alt=\"\" class=\"wp-image-153645\" srcset=\"https:\/\/ecolecaritas.be\/new\/wp-content\/uploads\/2021\/09\/IMG-20210916-WA0026-600x450.jpg 600w, https:\/\/ecolecaritas.be\/new\/wp-content\/uploads\/2021\/09\/IMG-20210916-WA0026-300x225.jpg 300w, https:\/\/ecolecaritas.be\/new\/wp-content\/uploads\/2021\/09\/IMG-20210916-WA0026-768x576.jpg 768w, https:\/\/ecolecaritas.be\/new\/wp-content\/uploads\/2021\/09\/IMG-20210916-WA0026-1536x1152.jpg 1536w, https:\/\/ecolecaritas.be\/new\/wp-content\/uploads\/2021\/09\/IMG-20210916-WA0026-678x509.jpg 678w, https:\/\/ecolecaritas.be\/new\/wp-content\/uploads\/2021\/09\/IMG-20210916-WA0026-326x245.jpg 326w, https:\/\/ecolecaritas.be\/new\/wp-content\/uploads\/2021\/09\/IMG-20210916-WA0026-80x60.jpg 80w, https:\/\/ecolecaritas.be\/new\/wp-content\/uploads\/2021\/09\/IMG-20210916-WA0026-1320x990.jpg 1320w, https:\/\/ecolecaritas.be\/new\/wp-content\/uploads\/2021\/09\/IMG-20210916-WA0026.jpg 2000w\" sizes=\"auto, (max-width: 600px) 100vw, 600px\" \/><\/figure>\n\n\n\n<figure class=\"wp-block-image size-large\"><img loading=\"lazy\" decoding=\"async\" width=\"600\" height=\"450\" src=\"https:\/\/ecolecaritas.be\/new\/wp-content\/uploads\/2021\/09\/IMG-20210916-WA0025-600x450.jpg\" alt=\"\" class=\"wp-image-153644\" srcset=\"https:\/\/ecolecaritas.be\/new\/wp-content\/uploads\/2021\/09\/IMG-20210916-WA0025-600x450.jpg 600w, https:\/\/ecolecaritas.be\/new\/wp-content\/uploads\/2021\/09\/IMG-20210916-WA0025-300x225.jpg 300w, https:\/\/ecolecaritas.be\/new\/wp-content\/uploads\/2021\/09\/IMG-20210916-WA0025-768x576.jpg 768w, https:\/\/ecolecaritas.be\/new\/wp-content\/uploads\/2021\/09\/IMG-20210916-WA0025-1536x1152.jpg 1536w, https:\/\/ecolecaritas.be\/new\/wp-content\/uploads\/2021\/09\/IMG-20210916-WA0025-678x509.jpg 678w, https:\/\/ecolecaritas.be\/new\/wp-content\/uploads\/2021\/09\/IMG-20210916-WA0025-326x245.jpg 326w, https:\/\/ecolecaritas.be\/new\/wp-content\/uploads\/2021\/09\/IMG-20210916-WA0025-80x60.jpg 80w, https:\/\/ecolecaritas.be\/new\/wp-content\/uploads\/2021\/09\/IMG-20210916-WA0025-1320x990.jpg 1320w, https:\/\/ecolecaritas.be\/new\/wp-content\/uploads\/2021\/09\/IMG-20210916-WA0025.jpg 2000w\" sizes=\"auto, (max-width: 600px) 100vw, 600px\" \/><\/figure>\n\n\n\n<figure class=\"wp-block-image size-large\"><img loading=\"lazy\" decoding=\"async\" width=\"600\" height=\"450\" src=\"https:\/\/ecolecaritas.be\/new\/wp-content\/uploads\/2021\/09\/IMG-20210916-WA0028-600x450.jpg\" alt=\"\" class=\"wp-image-153643\" srcset=\"https:\/\/ecolecaritas.be\/new\/wp-content\/uploads\/2021\/09\/IMG-20210916-WA0028-600x450.jpg 600w, https:\/\/ecolecaritas.be\/new\/wp-content\/uploads\/2021\/09\/IMG-20210916-WA0028-300x225.jpg 300w, https:\/\/ecolecaritas.be\/new\/wp-content\/uploads\/2021\/09\/IMG-20210916-WA0028-768x576.jpg 768w, https:\/\/ecolecaritas.be\/new\/wp-content\/uploads\/2021\/09\/IMG-20210916-WA0028-1536x1152.jpg 1536w, https:\/\/ecolecaritas.be\/new\/wp-content\/uploads\/2021\/09\/IMG-20210916-WA0028-678x509.jpg 678w, https:\/\/ecolecaritas.be\/new\/wp-content\/uploads\/2021\/09\/IMG-20210916-WA0028-326x245.jpg 326w, https:\/\/ecolecaritas.be\/new\/wp-content\/uploads\/2021\/09\/IMG-20210916-WA0028-80x60.jpg 80w, https:\/\/ecolecaritas.be\/new\/wp-content\/uploads\/2021\/09\/IMG-20210916-WA0028-1320x990.jpg 1320w, https:\/\/ecolecaritas.be\/new\/wp-content\/uploads\/2021\/09\/IMG-20210916-WA0028.jpg 2000w\" sizes=\"auto, (max-width: 600px) 100vw, 600px\" \/><\/figure>\n\n\n\n<figure class=\"wp-block-image size-large\"><img loading=\"lazy\" decoding=\"async\" width=\"600\" height=\"450\" src=\"https:\/\/ecolecaritas.be\/new\/wp-content\/uploads\/2021\/09\/IMG-20210916-WA0027-600x450.jpg\" alt=\"\" class=\"wp-image-153642\" srcset=\"https:\/\/ecolecaritas.be\/new\/wp-content\/uploads\/2021\/09\/IMG-20210916-WA0027-600x450.jpg 600w, https:\/\/ecolecaritas.be\/new\/wp-content\/uploads\/2021\/09\/IMG-20210916-WA0027-300x225.jpg 300w, https:\/\/ecolecaritas.be\/new\/wp-content\/uploads\/2021\/09\/IMG-20210916-WA0027-768x576.jpg 768w, https:\/\/ecolecaritas.be\/new\/wp-content\/uploads\/2021\/09\/IMG-20210916-WA0027-1536x1152.jpg 1536w, https:\/\/ecolecaritas.be\/new\/wp-content\/uploads\/2021\/09\/IMG-20210916-WA0027-678x509.jpg 678w, https:\/\/ecolecaritas.be\/new\/wp-content\/uploads\/2021\/09\/IMG-20210916-WA0027-326x245.jpg 326w, https:\/\/ecolecaritas.be\/new\/wp-content\/uploads\/2021\/09\/IMG-20210916-WA0027-80x60.jpg 80w, https:\/\/ecolecaritas.be\/new\/wp-content\/uploads\/2021\/09\/IMG-20210916-WA0027-1320x990.jpg 1320w, https:\/\/ecolecaritas.be\/new\/wp-content\/uploads\/2021\/09\/IMG-20210916-WA0027.jpg 2048w\" sizes=\"auto, (max-width: 600px) 100vw, 600px\" \/><\/figure>\n\n\n\n<figure class=\"wp-block-image size-large\"><img loading=\"lazy\" decoding=\"async\" width=\"600\" height=\"450\" src=\"https:\/\/ecolecaritas.be\/new\/wp-content\/uploads\/2021\/09\/IMG-20210916-WA0033-600x450.jpg\" alt=\"\" class=\"wp-image-153641\" srcset=\"https:\/\/ecolecaritas.be\/new\/wp-content\/uploads\/2021\/09\/IMG-20210916-WA0033-600x450.jpg 600w, https:\/\/ecolecaritas.be\/new\/wp-content\/uploads\/2021\/09\/IMG-20210916-WA0033-300x225.jpg 300w, https:\/\/ecolecaritas.be\/new\/wp-content\/uploads\/2021\/09\/IMG-20210916-WA0033-768x576.jpg 768w, https:\/\/ecolecaritas.be\/new\/wp-content\/uploads\/2021\/09\/IMG-20210916-WA0033-1536x1152.jpg 1536w, https:\/\/ecolecaritas.be\/new\/wp-content\/uploads\/2021\/09\/IMG-20210916-WA0033-678x509.jpg 678w, https:\/\/ecolecaritas.be\/new\/wp-content\/uploads\/2021\/09\/IMG-20210916-WA0033-326x245.jpg 326w, https:\/\/ecolecaritas.be\/new\/wp-content\/uploads\/2021\/09\/IMG-20210916-WA0033-80x60.jpg 80w, https:\/\/ecolecaritas.be\/new\/wp-content\/uploads\/2021\/09\/IMG-20210916-WA0033-1320x990.jpg 1320w, https:\/\/ecolecaritas.be\/new\/wp-content\/uploads\/2021\/09\/IMG-20210916-WA0033.jpg 2000w\" sizes=\"auto, (max-width: 600px) 100vw, 600px\" \/><\/figure>\n\n\n\n<figure class=\"wp-block-image size-large\"><img loading=\"lazy\" decoding=\"async\" width=\"600\" height=\"450\" src=\"https:\/\/ecolecaritas.be\/new\/wp-content\/uploads\/2021\/09\/IMG-20210916-WA0022-600x450.jpg\" alt=\"\" class=\"wp-image-153640\" srcset=\"https:\/\/ecolecaritas.be\/new\/wp-content\/uploads\/2021\/09\/IMG-20210916-WA0022-600x450.jpg 600w, https:\/\/ecolecaritas.be\/new\/wp-content\/uploads\/2021\/09\/IMG-20210916-WA0022-300x225.jpg 300w, https:\/\/ecolecaritas.be\/new\/wp-content\/uploads\/2021\/09\/IMG-20210916-WA0022-768x576.jpg 768w, https:\/\/ecolecaritas.be\/new\/wp-content\/uploads\/2021\/09\/IMG-20210916-WA0022-1536x1152.jpg 1536w, https:\/\/ecolecaritas.be\/new\/wp-content\/uploads\/2021\/09\/IMG-20210916-WA0022-678x509.jpg 678w, https:\/\/ecolecaritas.be\/new\/wp-content\/uploads\/2021\/09\/IMG-20210916-WA0022-326x245.jpg 326w, https:\/\/ecolecaritas.be\/new\/wp-content\/uploads\/2021\/09\/IMG-20210916-WA0022-80x60.jpg 80w, https:\/\/ecolecaritas.be\/new\/wp-content\/uploads\/2021\/09\/IMG-20210916-WA0022-1320x990.jpg 1320w, https:\/\/ecolecaritas.be\/new\/wp-content\/uploads\/2021\/09\/IMG-20210916-WA0022.jpg 2000w\" sizes=\"auto, (max-width: 600px) 100vw, 600px\" \/><\/figure>\n\n\n\n<figure class=\"wp-block-image size-large\"><img loading=\"lazy\" decoding=\"async\" width=\"600\" height=\"450\" src=\"https:\/\/ecolecaritas.be\/new\/wp-content\/uploads\/2021\/09\/IMG-20210916-WA0023-600x450.jpg\" alt=\"\" class=\"wp-image-153637\" srcset=\"https:\/\/ecolecaritas.be\/new\/wp-content\/uploads\/2021\/09\/IMG-20210916-WA0023-600x450.jpg 600w, https:\/\/ecolecaritas.be\/new\/wp-content\/uploads\/2021\/09\/IMG-20210916-WA0023-300x225.jpg 300w, https:\/\/ecolecaritas.be\/new\/wp-content\/uploads\/2021\/09\/IMG-20210916-WA0023-768x576.jpg 768w, https:\/\/ecolecaritas.be\/new\/wp-content\/uploads\/2021\/09\/IMG-20210916-WA0023-1536x1152.jpg 1536w, https:\/\/ecolecaritas.be\/new\/wp-content\/uploads\/2021\/09\/IMG-20210916-WA0023-678x509.jpg 678w, https:\/\/ecolecaritas.be\/new\/wp-content\/uploads\/2021\/09\/IMG-20210916-WA0023-326x245.jpg 326w, https:\/\/ecolecaritas.be\/new\/wp-content\/uploads\/2021\/09\/IMG-20210916-WA0023-80x60.jpg 80w, https:\/\/ecolecaritas.be\/new\/wp-content\/uploads\/2021\/09\/IMG-20210916-WA0023-1320x990.jpg 1320w, https:\/\/ecolecaritas.be\/new\/wp-content\/uploads\/2021\/09\/IMG-20210916-WA0023.jpg 2000w\" sizes=\"auto, (max-width: 600px) 100vw, 600px\" \/><\/figure>\n\n\n\n<figure class=\"wp-block-image size-large\"><img loading=\"lazy\" decoding=\"async\" width=\"600\" height=\"450\" src=\"https:\/\/ecolecaritas.be\/new\/wp-content\/uploads\/2021\/09\/IMG-20210916-WA0020-600x450.jpg\" alt=\"\" class=\"wp-image-153634\" srcset=\"https:\/\/ecolecaritas.be\/new\/wp-content\/uploads\/2021\/09\/IMG-20210916-WA0020-600x450.jpg 600w, https:\/\/ecolecaritas.be\/new\/wp-content\/uploads\/2021\/09\/IMG-20210916-WA0020-300x225.jpg 300w, https:\/\/ecolecaritas.be\/new\/wp-content\/uploads\/2021\/09\/IMG-20210916-WA0020-768x576.jpg 768w, https:\/\/ecolecaritas.be\/new\/wp-content\/uploads\/2021\/09\/IMG-20210916-WA0020-1536x1152.jpg 1536w, https:\/\/ecolecaritas.be\/new\/wp-content\/uploads\/2021\/09\/IMG-20210916-WA0020-678x509.jpg 678w, https:\/\/ecolecaritas.be\/new\/wp-content\/uploads\/2021\/09\/IMG-20210916-WA0020-326x245.jpg 326w, https:\/\/ecolecaritas.be\/new\/wp-content\/uploads\/2021\/09\/IMG-20210916-WA0020-80x60.jpg 80w, https:\/\/ecolecaritas.be\/new\/wp-content\/uploads\/2021\/09\/IMG-20210916-WA0020-1320x990.jpg 1320w, https:\/\/ecolecaritas.be\/new\/wp-content\/uploads\/2021\/09\/IMG-20210916-WA0020.jpg 2000w\" sizes=\"auto, (max-width: 600px) 100vw, 600px\" \/><\/figure>\n\n\n\n<figure class=\"wp-block-image size-large\"><img loading=\"lazy\" decoding=\"async\" width=\"600\" height=\"450\" src=\"https:\/\/ecolecaritas.be\/new\/wp-content\/uploads\/2021\/09\/IMG-20210916-WA0019-600x450.jpg\" alt=\"\" class=\"wp-image-153633\" srcset=\"https:\/\/ecolecaritas.be\/new\/wp-content\/uploads\/2021\/09\/IMG-20210916-WA0019-600x450.jpg 600w, https:\/\/ecolecaritas.be\/new\/wp-content\/uploads\/2021\/09\/IMG-20210916-WA0019-300x225.jpg 300w, https:\/\/ecolecaritas.be\/new\/wp-content\/uploads\/2021\/09\/IMG-20210916-WA0019-768x576.jpg 768w, https:\/\/ecolecaritas.be\/new\/wp-content\/uploads\/2021\/09\/IMG-20210916-WA0019-1536x1152.jpg 1536w, https:\/\/ecolecaritas.be\/new\/wp-content\/uploads\/2021\/09\/IMG-20210916-WA0019-678x509.jpg 678w, https:\/\/ecolecaritas.be\/new\/wp-content\/uploads\/2021\/09\/IMG-20210916-WA0019-326x245.jpg 326w, https:\/\/ecolecaritas.be\/new\/wp-content\/uploads\/2021\/09\/IMG-20210916-WA0019-80x60.jpg 80w, https:\/\/ecolecaritas.be\/new\/wp-content\/uploads\/2021\/09\/IMG-20210916-WA0019-1320x990.jpg 1320w, https:\/\/ecolecaritas.be\/new\/wp-content\/uploads\/2021\/09\/IMG-20210916-WA0019.jpg 2048w\" sizes=\"auto, (max-width: 600px) 100vw, 600px\" \/><\/figure>\n","protected":false},"excerpt":{"rendered":"<div class=\"mh-excerpt\"><p>Ce mardi 14 septembre, les \u00e9l\u00e8ves de P5 et P6 ont eu l&rsquo;occasion de vivre une activit\u00e9 sur la s\u00e9curit\u00e9 routi\u00e8re organis\u00e9e par la zone <a class=\"mh-excerpt-more\" href=\"https:\/\/ecolecaritas.be\/new\/p5-p6-une-journee-pour-la-securite-routiere\/\" title=\"P5\/P6 :Une journ\u00e9e pour la s\u00e9curit\u00e9 routi\u00e8re\">[&#8230;]<\/a><\/p>\n<\/div>","protected":false},"author":4,"featured_media":153597,"comment_status":"closed","ping_status":"closed","sticky":false,"template":"","format":"standard","meta":{"footnotes":""},"categories":[10],"tags":[],"class_list":["post-153609","post","type-post","status-publish","format-standard","has-post-thumbnail","hentry","category-p56"],"_links":{"self":[{"href":"https:\/\/ecolecaritas.be\/new\/wp-json\/wp\/v2\/posts\/153609","targetHints":{"allow":["GET"]}}],"collection":[{"href":"https:\/\/ecolecaritas.be\/new\/wp-json\/wp\/v2\/posts"}],"about":[{"href":"https:\/\/ecolecaritas.be\/new\/wp-json\/wp\/v2\/types\/post"}],"author":[{"embeddable":true,"href":"https:\/\/ecolecaritas.be\/new\/wp-json\/wp\/v2\/users\/4"}],"replies":[{"embeddable":true,"href":"https:\/\/ecolecaritas.be\/new\/wp-json\/wp\/v2\/comments?post=153609"}],"version-history":[{"count":6,"href":"https:\/\/ecolecaritas.be\/new\/wp-json\/wp\/v2\/posts\/153609\/revisions"}],"predecessor-version":[{"id":153654,"href":"https:\/\/ecolecaritas.be\/new\/wp-json\/wp\/v2\/posts\/153609\/revisions\/153654"}],"wp:featuredmedia":[{"embeddable":true,"href":"https:\/\/ecolecaritas.be\/new\/wp-json\/wp\/v2\/media\/153597"}],"wp:attachment":[{"href":"https:\/\/ecolecaritas.be\/new\/wp-json\/wp\/v2\/media?parent=153609"}],"wp:term":[{"taxonomy":"category","embeddable":true,"href":"https:\/\/ecolecaritas.be\/new\/wp-json\/wp\/v2\/categories?post=153609"},{"taxonomy":"post_tag","embeddable":true,"href":"https:\/\/ecolecaritas.be\/new\/wp-json\/wp\/v2\/tags?post=153609"}],"curies":[{"name":"wp","href":"https:\/\/api.w.org\/{rel}","templated":true}]}}