{"id":156036,"date":"2022-10-05T21:04:25","date_gmt":"2022-10-05T19:04:25","guid":{"rendered":"https:\/\/ecolecaritas.be\/new\/?p=156036"},"modified":"2022-10-10T13:26:59","modified_gmt":"2022-10-10T11:26:59","slug":"operation-gros-pullen-p5","status":"publish","type":"post","link":"https:\/\/ecolecaritas.be\/new\/operation-gros-pullen-p5\/","title":{"rendered":"Op\u00e9ration \u00ab\u00a0gros pull\u00a0\u00bben P5 ! :)"},"content":{"rendered":"\n<p>Dans le cadre de l&rsquo;op\u00e9ration \u00ab\u00a0gros pull\u00a0\u00bb de l&rsquo;\u00e9cole pour faire face \u00e0 la hausse des co\u00fbts du chauffage, les \u00e9l\u00e8ves de P5 y sont all\u00e9s de leurs slogans afin de motiver le plus grand nombre. Ils sont fiers de vous les pr\u00e9senter !&#x1f917;<\/p>\n\n\n\n<figure class=\"wp-block-image size-large\"><img loading=\"lazy\" decoding=\"async\" width=\"600\" height=\"450\" src=\"https:\/\/ecolecaritas.be\/new\/wp-content\/uploads\/2022\/10\/IMG-20221003-WA0001-600x450.jpg\" alt=\"\" class=\"wp-image-156039\" srcset=\"https:\/\/ecolecaritas.be\/new\/wp-content\/uploads\/2022\/10\/IMG-20221003-WA0001-600x450.jpg 600w, https:\/\/ecolecaritas.be\/new\/wp-content\/uploads\/2022\/10\/IMG-20221003-WA0001-300x225.jpg 300w, https:\/\/ecolecaritas.be\/new\/wp-content\/uploads\/2022\/10\/IMG-20221003-WA0001-768x576.jpg 768w, https:\/\/ecolecaritas.be\/new\/wp-content\/uploads\/2022\/10\/IMG-20221003-WA0001-1536x1152.jpg 1536w, https:\/\/ecolecaritas.be\/new\/wp-content\/uploads\/2022\/10\/IMG-20221003-WA0001-678x509.jpg 678w, https:\/\/ecolecaritas.be\/new\/wp-content\/uploads\/2022\/10\/IMG-20221003-WA0001-326x245.jpg 326w, https:\/\/ecolecaritas.be\/new\/wp-content\/uploads\/2022\/10\/IMG-20221003-WA0001-80x60.jpg 80w, https:\/\/ecolecaritas.be\/new\/wp-content\/uploads\/2022\/10\/IMG-20221003-WA0001-1320x990.jpg 1320w, https:\/\/ecolecaritas.be\/new\/wp-content\/uploads\/2022\/10\/IMG-20221003-WA0001.jpg 1600w\" sizes=\"auto, (max-width: 600px) 100vw, 600px\" \/><\/figure>\n\n\n\n<figure class=\"wp-block-image size-large\"><img loading=\"lazy\" decoding=\"async\" width=\"600\" height=\"450\" src=\"https:\/\/ecolecaritas.be\/new\/wp-content\/uploads\/2022\/10\/IMG-20221005-WA0003-600x450.jpg\" alt=\"\" class=\"wp-image-156077\" srcset=\"https:\/\/ecolecaritas.be\/new\/wp-content\/uploads\/2022\/10\/IMG-20221005-WA0003-600x450.jpg 600w, https:\/\/ecolecaritas.be\/new\/wp-content\/uploads\/2022\/10\/IMG-20221005-WA0003-300x225.jpg 300w, https:\/\/ecolecaritas.be\/new\/wp-content\/uploads\/2022\/10\/IMG-20221005-WA0003-768x576.jpg 768w, https:\/\/ecolecaritas.be\/new\/wp-content\/uploads\/2022\/10\/IMG-20221005-WA0003-1536x1152.jpg 1536w, https:\/\/ecolecaritas.be\/new\/wp-content\/uploads\/2022\/10\/IMG-20221005-WA0003-678x509.jpg 678w, https:\/\/ecolecaritas.be\/new\/wp-content\/uploads\/2022\/10\/IMG-20221005-WA0003-326x245.jpg 326w, https:\/\/ecolecaritas.be\/new\/wp-content\/uploads\/2022\/10\/IMG-20221005-WA0003-80x60.jpg 80w, https:\/\/ecolecaritas.be\/new\/wp-content\/uploads\/2022\/10\/IMG-20221005-WA0003-1320x990.jpg 1320w, https:\/\/ecolecaritas.be\/new\/wp-content\/uploads\/2022\/10\/IMG-20221005-WA0003.jpg 1600w\" sizes=\"auto, (max-width: 600px) 100vw, 600px\" \/><\/figure>\n\n\n\n<figure class=\"wp-block-image size-large\"><img loading=\"lazy\" decoding=\"async\" width=\"600\" height=\"450\" src=\"https:\/\/ecolecaritas.be\/new\/wp-content\/uploads\/2022\/10\/IMG-20221003-WA0005-600x450.jpg\" alt=\"\" class=\"wp-image-156037\" srcset=\"https:\/\/ecolecaritas.be\/new\/wp-content\/uploads\/2022\/10\/IMG-20221003-WA0005-600x450.jpg 600w, https:\/\/ecolecaritas.be\/new\/wp-content\/uploads\/2022\/10\/IMG-20221003-WA0005-300x225.jpg 300w, https:\/\/ecolecaritas.be\/new\/wp-content\/uploads\/2022\/10\/IMG-20221003-WA0005-768x576.jpg 768w, https:\/\/ecolecaritas.be\/new\/wp-content\/uploads\/2022\/10\/IMG-20221003-WA0005-1536x1152.jpg 1536w, https:\/\/ecolecaritas.be\/new\/wp-content\/uploads\/2022\/10\/IMG-20221003-WA0005-678x509.jpg 678w, https:\/\/ecolecaritas.be\/new\/wp-content\/uploads\/2022\/10\/IMG-20221003-WA0005-326x245.jpg 326w, https:\/\/ecolecaritas.be\/new\/wp-content\/uploads\/2022\/10\/IMG-20221003-WA0005-80x60.jpg 80w, https:\/\/ecolecaritas.be\/new\/wp-content\/uploads\/2022\/10\/IMG-20221003-WA0005-1320x990.jpg 1320w, https:\/\/ecolecaritas.be\/new\/wp-content\/uploads\/2022\/10\/IMG-20221003-WA0005.jpg 1600w\" sizes=\"auto, (max-width: 600px) 100vw, 600px\" \/><\/figure>\n\n\n\n<figure class=\"wp-block-image size-large\"><img loading=\"lazy\" decoding=\"async\" width=\"600\" height=\"450\" src=\"https:\/\/ecolecaritas.be\/new\/wp-content\/uploads\/2022\/10\/IMG-20221005-WA0002-600x450.jpg\" alt=\"\" class=\"wp-image-156078\" srcset=\"https:\/\/ecolecaritas.be\/new\/wp-content\/uploads\/2022\/10\/IMG-20221005-WA0002-600x450.jpg 600w, https:\/\/ecolecaritas.be\/new\/wp-content\/uploads\/2022\/10\/IMG-20221005-WA0002-300x225.jpg 300w, https:\/\/ecolecaritas.be\/new\/wp-content\/uploads\/2022\/10\/IMG-20221005-WA0002-768x576.jpg 768w, https:\/\/ecolecaritas.be\/new\/wp-content\/uploads\/2022\/10\/IMG-20221005-WA0002-1536x1152.jpg 1536w, https:\/\/ecolecaritas.be\/new\/wp-content\/uploads\/2022\/10\/IMG-20221005-WA0002-678x509.jpg 678w, https:\/\/ecolecaritas.be\/new\/wp-content\/uploads\/2022\/10\/IMG-20221005-WA0002-326x245.jpg 326w, https:\/\/ecolecaritas.be\/new\/wp-content\/uploads\/2022\/10\/IMG-20221005-WA0002-80x60.jpg 80w, https:\/\/ecolecaritas.be\/new\/wp-content\/uploads\/2022\/10\/IMG-20221005-WA0002-1320x990.jpg 1320w, https:\/\/ecolecaritas.be\/new\/wp-content\/uploads\/2022\/10\/IMG-20221005-WA0002.jpg 1600w\" sizes=\"auto, (max-width: 600px) 100vw, 600px\" \/><\/figure>\n\n\n\n<figure class=\"wp-block-image size-large\"><img loading=\"lazy\" decoding=\"async\" width=\"450\" height=\"600\" src=\"https:\/\/ecolecaritas.be\/new\/wp-content\/uploads\/2022\/10\/IMG-20221010-WA0004-450x600.jpg\" alt=\"\" class=\"wp-image-156145\" srcset=\"https:\/\/ecolecaritas.be\/new\/wp-content\/uploads\/2022\/10\/IMG-20221010-WA0004-450x600.jpg 450w, https:\/\/ecolecaritas.be\/new\/wp-content\/uploads\/2022\/10\/IMG-20221010-WA0004-225x300.jpg 225w, https:\/\/ecolecaritas.be\/new\/wp-content\/uploads\/2022\/10\/IMG-20221010-WA0004-768x1024.jpg 768w, https:\/\/ecolecaritas.be\/new\/wp-content\/uploads\/2022\/10\/IMG-20221010-WA0004-600x800.jpg 600w, https:\/\/ecolecaritas.be\/new\/wp-content\/uploads\/2022\/10\/IMG-20221010-WA0004-1152x1536.jpg 1152w, https:\/\/ecolecaritas.be\/new\/wp-content\/uploads\/2022\/10\/IMG-20221010-WA0004.jpg 1200w\" sizes=\"auto, (max-width: 450px) 100vw, 450px\" \/><\/figure>\n\n\n\n<figure class=\"wp-block-image size-large\"><img loading=\"lazy\" decoding=\"async\" width=\"450\" height=\"600\" src=\"https:\/\/ecolecaritas.be\/new\/wp-content\/uploads\/2022\/10\/IMG-20221010-WA0005-450x600.jpg\" alt=\"\" class=\"wp-image-156144\" srcset=\"https:\/\/ecolecaritas.be\/new\/wp-content\/uploads\/2022\/10\/IMG-20221010-WA0005-450x600.jpg 450w, https:\/\/ecolecaritas.be\/new\/wp-content\/uploads\/2022\/10\/IMG-20221010-WA0005-225x300.jpg 225w, https:\/\/ecolecaritas.be\/new\/wp-content\/uploads\/2022\/10\/IMG-20221010-WA0005-768x1024.jpg 768w, https:\/\/ecolecaritas.be\/new\/wp-content\/uploads\/2022\/10\/IMG-20221010-WA0005-600x800.jpg 600w, https:\/\/ecolecaritas.be\/new\/wp-content\/uploads\/2022\/10\/IMG-20221010-WA0005-1152x1536.jpg 1152w, https:\/\/ecolecaritas.be\/new\/wp-content\/uploads\/2022\/10\/IMG-20221010-WA0005.jpg 1200w\" sizes=\"auto, (max-width: 450px) 100vw, 450px\" \/><\/figure>\n","protected":false},"excerpt":{"rendered":"<div class=\"mh-excerpt\"><p>Dans le cadre de l&rsquo;op\u00e9ration \u00ab\u00a0gros pull\u00a0\u00bb de l&rsquo;\u00e9cole pour faire face \u00e0 la hausse des co\u00fbts du chauffage, les \u00e9l\u00e8ves de P5 y sont <a class=\"mh-excerpt-more\" href=\"https:\/\/ecolecaritas.be\/new\/operation-gros-pullen-p5\/\" title=\"Op\u00e9ration \u00ab\u00a0gros pull\u00a0\u00bben P5 ! :)\">[&#8230;]<\/a><\/p>\n<\/div>","protected":false},"author":4,"featured_media":156149,"comment_status":"closed","ping_status":"closed","sticky":false,"template":"","format":"standard","meta":{"footnotes":""},"categories":[10],"tags":[],"class_list":["post-156036","post","type-post","status-publish","format-standard","has-post-thumbnail","hentry","category-p56"],"_links":{"self":[{"href":"https:\/\/ecolecaritas.be\/new\/wp-json\/wp\/v2\/posts\/156036","targetHints":{"allow":["GET"]}}],"collection":[{"href":"https:\/\/ecolecaritas.be\/new\/wp-json\/wp\/v2\/posts"}],"about":[{"href":"https:\/\/ecolecaritas.be\/new\/wp-json\/wp\/v2\/types\/post"}],"author":[{"embeddable":true,"href":"https:\/\/ecolecaritas.be\/new\/wp-json\/wp\/v2\/users\/4"}],"replies":[{"embeddable":true,"href":"https:\/\/ecolecaritas.be\/new\/wp-json\/wp\/v2\/comments?post=156036"}],"version-history":[{"count":8,"href":"https:\/\/ecolecaritas.be\/new\/wp-json\/wp\/v2\/posts\/156036\/revisions"}],"predecessor-version":[{"id":156150,"href":"https:\/\/ecolecaritas.be\/new\/wp-json\/wp\/v2\/posts\/156036\/revisions\/156150"}],"wp:featuredmedia":[{"embeddable":true,"href":"https:\/\/ecolecaritas.be\/new\/wp-json\/wp\/v2\/media\/156149"}],"wp:attachment":[{"href":"https:\/\/ecolecaritas.be\/new\/wp-json\/wp\/v2\/media?parent=156036"}],"wp:term":[{"taxonomy":"category","embeddable":true,"href":"https:\/\/ecolecaritas.be\/new\/wp-json\/wp\/v2\/categories?post=156036"},{"taxonomy":"post_tag","embeddable":true,"href":"https:\/\/ecolecaritas.be\/new\/wp-json\/wp\/v2\/tags?post=156036"}],"curies":[{"name":"wp","href":"https:\/\/api.w.org\/{rel}","templated":true}]}}