{"id":156202,"date":"2022-10-14T07:47:02","date_gmt":"2022-10-14T05:47:02","guid":{"rendered":"https:\/\/ecolecaritas.be\/new\/?p=156202"},"modified":"2022-10-14T07:47:02","modified_gmt":"2022-10-14T05:47:02","slug":"journee-en-foret-les-p1","status":"publish","type":"post","link":"https:\/\/ecolecaritas.be\/new\/journee-en-foret-les-p1\/","title":{"rendered":"Journ\u00e9e en for\u00eat, les P1&#x1f341;&#x1f342;"},"content":{"rendered":"\n<p>Ce lundi 10 octobre, les P1 sont all\u00e9s en for\u00eat. Ils ont admir\u00e9 les jolies couleurs d&rsquo;automne, ils ont \u00e9galement choisi un arbre afin de pouvoir suivre son \u00e9volution, saison apr\u00e8s saison.<br>L&rsquo;apr\u00e8s-midi, ils ont recherch\u00e9 des insectes , des feuilles et des fruits secs afin de les nommer gr\u00e2ce \u00e0 des clefs de d\u00e9termination.<br>C&rsquo;\u00e9tait une chouette journ\u00e9e&#x1f917;&#x1f341;&#x1f342;&#x1f330;<\/p>\n\n\n\n<figure class=\"wp-block-image size-large\"><img loading=\"lazy\" decoding=\"async\" width=\"600\" height=\"450\" src=\"https:\/\/ecolecaritas.be\/new\/wp-content\/uploads\/2022\/10\/IMG-20221013-WA0000-600x450.jpg\" alt=\"\" class=\"wp-image-156191\" srcset=\"https:\/\/ecolecaritas.be\/new\/wp-content\/uploads\/2022\/10\/IMG-20221013-WA0000-600x450.jpg 600w, https:\/\/ecolecaritas.be\/new\/wp-content\/uploads\/2022\/10\/IMG-20221013-WA0000-300x225.jpg 300w, https:\/\/ecolecaritas.be\/new\/wp-content\/uploads\/2022\/10\/IMG-20221013-WA0000-768x576.jpg 768w, https:\/\/ecolecaritas.be\/new\/wp-content\/uploads\/2022\/10\/IMG-20221013-WA0000-1536x1152.jpg 1536w, https:\/\/ecolecaritas.be\/new\/wp-content\/uploads\/2022\/10\/IMG-20221013-WA0000-678x509.jpg 678w, https:\/\/ecolecaritas.be\/new\/wp-content\/uploads\/2022\/10\/IMG-20221013-WA0000-326x245.jpg 326w, https:\/\/ecolecaritas.be\/new\/wp-content\/uploads\/2022\/10\/IMG-20221013-WA0000-80x60.jpg 80w, https:\/\/ecolecaritas.be\/new\/wp-content\/uploads\/2022\/10\/IMG-20221013-WA0000-1320x990.jpg 1320w, https:\/\/ecolecaritas.be\/new\/wp-content\/uploads\/2022\/10\/IMG-20221013-WA0000.jpg 2000w\" sizes=\"auto, (max-width: 600px) 100vw, 600px\" \/><\/figure>\n\n\n\n<figure class=\"wp-block-image size-large\"><img loading=\"lazy\" decoding=\"async\" width=\"600\" height=\"450\" src=\"https:\/\/ecolecaritas.be\/new\/wp-content\/uploads\/2022\/10\/IMG-20221013-WA0002-600x450.jpg\" alt=\"\" class=\"wp-image-156189\" srcset=\"https:\/\/ecolecaritas.be\/new\/wp-content\/uploads\/2022\/10\/IMG-20221013-WA0002-600x450.jpg 600w, https:\/\/ecolecaritas.be\/new\/wp-content\/uploads\/2022\/10\/IMG-20221013-WA0002-300x225.jpg 300w, https:\/\/ecolecaritas.be\/new\/wp-content\/uploads\/2022\/10\/IMG-20221013-WA0002-768x576.jpg 768w, https:\/\/ecolecaritas.be\/new\/wp-content\/uploads\/2022\/10\/IMG-20221013-WA0002-1536x1152.jpg 1536w, https:\/\/ecolecaritas.be\/new\/wp-content\/uploads\/2022\/10\/IMG-20221013-WA0002-678x509.jpg 678w, https:\/\/ecolecaritas.be\/new\/wp-content\/uploads\/2022\/10\/IMG-20221013-WA0002-326x245.jpg 326w, https:\/\/ecolecaritas.be\/new\/wp-content\/uploads\/2022\/10\/IMG-20221013-WA0002-80x60.jpg 80w, https:\/\/ecolecaritas.be\/new\/wp-content\/uploads\/2022\/10\/IMG-20221013-WA0002-1320x990.jpg 1320w, https:\/\/ecolecaritas.be\/new\/wp-content\/uploads\/2022\/10\/IMG-20221013-WA0002.jpg 2000w\" sizes=\"auto, (max-width: 600px) 100vw, 600px\" \/><\/figure>\n\n\n\n<figure class=\"wp-block-image size-large\"><img loading=\"lazy\" decoding=\"async\" width=\"600\" height=\"450\" src=\"https:\/\/ecolecaritas.be\/new\/wp-content\/uploads\/2022\/10\/IMG-20221013-WA0003-600x450.jpg\" alt=\"\" class=\"wp-image-156188\" srcset=\"https:\/\/ecolecaritas.be\/new\/wp-content\/uploads\/2022\/10\/IMG-20221013-WA0003-600x450.jpg 600w, https:\/\/ecolecaritas.be\/new\/wp-content\/uploads\/2022\/10\/IMG-20221013-WA0003-300x225.jpg 300w, https:\/\/ecolecaritas.be\/new\/wp-content\/uploads\/2022\/10\/IMG-20221013-WA0003-768x576.jpg 768w, https:\/\/ecolecaritas.be\/new\/wp-content\/uploads\/2022\/10\/IMG-20221013-WA0003-1536x1152.jpg 1536w, https:\/\/ecolecaritas.be\/new\/wp-content\/uploads\/2022\/10\/IMG-20221013-WA0003-678x509.jpg 678w, https:\/\/ecolecaritas.be\/new\/wp-content\/uploads\/2022\/10\/IMG-20221013-WA0003-326x245.jpg 326w, https:\/\/ecolecaritas.be\/new\/wp-content\/uploads\/2022\/10\/IMG-20221013-WA0003-80x60.jpg 80w, https:\/\/ecolecaritas.be\/new\/wp-content\/uploads\/2022\/10\/IMG-20221013-WA0003-1320x990.jpg 1320w, https:\/\/ecolecaritas.be\/new\/wp-content\/uploads\/2022\/10\/IMG-20221013-WA0003.jpg 2000w\" sizes=\"auto, (max-width: 600px) 100vw, 600px\" \/><\/figure>\n\n\n\n<figure class=\"wp-block-image size-large\"><img loading=\"lazy\" decoding=\"async\" width=\"600\" height=\"450\" src=\"https:\/\/ecolecaritas.be\/new\/wp-content\/uploads\/2022\/10\/IMG-20221013-WA0004-600x450.jpg\" alt=\"\" class=\"wp-image-156187\" srcset=\"https:\/\/ecolecaritas.be\/new\/wp-content\/uploads\/2022\/10\/IMG-20221013-WA0004-600x450.jpg 600w, https:\/\/ecolecaritas.be\/new\/wp-content\/uploads\/2022\/10\/IMG-20221013-WA0004-300x225.jpg 300w, https:\/\/ecolecaritas.be\/new\/wp-content\/uploads\/2022\/10\/IMG-20221013-WA0004-768x576.jpg 768w, https:\/\/ecolecaritas.be\/new\/wp-content\/uploads\/2022\/10\/IMG-20221013-WA0004-1536x1152.jpg 1536w, https:\/\/ecolecaritas.be\/new\/wp-content\/uploads\/2022\/10\/IMG-20221013-WA0004-678x509.jpg 678w, https:\/\/ecolecaritas.be\/new\/wp-content\/uploads\/2022\/10\/IMG-20221013-WA0004-326x245.jpg 326w, https:\/\/ecolecaritas.be\/new\/wp-content\/uploads\/2022\/10\/IMG-20221013-WA0004-80x60.jpg 80w, https:\/\/ecolecaritas.be\/new\/wp-content\/uploads\/2022\/10\/IMG-20221013-WA0004-1320x990.jpg 1320w, https:\/\/ecolecaritas.be\/new\/wp-content\/uploads\/2022\/10\/IMG-20221013-WA0004.jpg 2000w\" sizes=\"auto, (max-width: 600px) 100vw, 600px\" \/><\/figure>\n\n\n\n<figure class=\"wp-block-image size-large\"><img loading=\"lazy\" decoding=\"async\" width=\"600\" height=\"600\" src=\"https:\/\/ecolecaritas.be\/new\/wp-content\/uploads\/2022\/10\/IMG_20221013_214301-600x600.jpg\" alt=\"\" class=\"wp-image-156207\" srcset=\"https:\/\/ecolecaritas.be\/new\/wp-content\/uploads\/2022\/10\/IMG_20221013_214301-600x600.jpg 600w, https:\/\/ecolecaritas.be\/new\/wp-content\/uploads\/2022\/10\/IMG_20221013_214301-300x300.jpg 300w, https:\/\/ecolecaritas.be\/new\/wp-content\/uploads\/2022\/10\/IMG_20221013_214301-150x150.jpg 150w, https:\/\/ecolecaritas.be\/new\/wp-content\/uploads\/2022\/10\/IMG_20221013_214301-500x500.jpg 500w, https:\/\/ecolecaritas.be\/new\/wp-content\/uploads\/2022\/10\/IMG_20221013_214301-400x400.jpg 400w, https:\/\/ecolecaritas.be\/new\/wp-content\/uploads\/2022\/10\/IMG_20221013_214301.jpg 616w\" sizes=\"auto, (max-width: 600px) 100vw, 600px\" \/><\/figure>\n\n\n\n<figure class=\"wp-block-image size-large\"><img loading=\"lazy\" decoding=\"async\" width=\"450\" height=\"600\" src=\"https:\/\/ecolecaritas.be\/new\/wp-content\/uploads\/2022\/10\/IMG_20221013_214205-450x600.jpg\" alt=\"\" class=\"wp-image-156208\" srcset=\"https:\/\/ecolecaritas.be\/new\/wp-content\/uploads\/2022\/10\/IMG_20221013_214205-450x600.jpg 450w, https:\/\/ecolecaritas.be\/new\/wp-content\/uploads\/2022\/10\/IMG_20221013_214205-225x300.jpg 225w, https:\/\/ecolecaritas.be\/new\/wp-content\/uploads\/2022\/10\/IMG_20221013_214205-768x1024.jpg 768w, https:\/\/ecolecaritas.be\/new\/wp-content\/uploads\/2022\/10\/IMG_20221013_214205-600x800.jpg 600w, https:\/\/ecolecaritas.be\/new\/wp-content\/uploads\/2022\/10\/IMG_20221013_214205-1152x1536.jpg 1152w, https:\/\/ecolecaritas.be\/new\/wp-content\/uploads\/2022\/10\/IMG_20221013_214205-1320x1760.jpg 1320w, https:\/\/ecolecaritas.be\/new\/wp-content\/uploads\/2022\/10\/IMG_20221013_214205.jpg 1500w\" sizes=\"auto, (max-width: 450px) 100vw, 450px\" \/><\/figure>\n\n\n\n<figure class=\"wp-block-image size-large\"><img loading=\"lazy\" decoding=\"async\" width=\"600\" height=\"450\" src=\"https:\/\/ecolecaritas.be\/new\/wp-content\/uploads\/2022\/10\/IMG_20221013_214147-600x450.jpg\" alt=\"\" class=\"wp-image-156209\" srcset=\"https:\/\/ecolecaritas.be\/new\/wp-content\/uploads\/2022\/10\/IMG_20221013_214147-600x450.jpg 600w, https:\/\/ecolecaritas.be\/new\/wp-content\/uploads\/2022\/10\/IMG_20221013_214147-300x225.jpg 300w, https:\/\/ecolecaritas.be\/new\/wp-content\/uploads\/2022\/10\/IMG_20221013_214147-768x576.jpg 768w, https:\/\/ecolecaritas.be\/new\/wp-content\/uploads\/2022\/10\/IMG_20221013_214147-1536x1152.jpg 1536w, https:\/\/ecolecaritas.be\/new\/wp-content\/uploads\/2022\/10\/IMG_20221013_214147-678x509.jpg 678w, https:\/\/ecolecaritas.be\/new\/wp-content\/uploads\/2022\/10\/IMG_20221013_214147-326x245.jpg 326w, https:\/\/ecolecaritas.be\/new\/wp-content\/uploads\/2022\/10\/IMG_20221013_214147-80x60.jpg 80w, https:\/\/ecolecaritas.be\/new\/wp-content\/uploads\/2022\/10\/IMG_20221013_214147-1320x990.jpg 1320w, https:\/\/ecolecaritas.be\/new\/wp-content\/uploads\/2022\/10\/IMG_20221013_214147.jpg 2000w\" sizes=\"auto, (max-width: 600px) 100vw, 600px\" \/><\/figure>\n\n\n\n<figure class=\"wp-block-image size-large\"><img loading=\"lazy\" decoding=\"async\" width=\"450\" height=\"600\" src=\"https:\/\/ecolecaritas.be\/new\/wp-content\/uploads\/2022\/10\/IMG-20221013-WA0010-450x600.jpg\" alt=\"\" class=\"wp-image-156184\" srcset=\"https:\/\/ecolecaritas.be\/new\/wp-content\/uploads\/2022\/10\/IMG-20221013-WA0010-450x600.jpg 450w, https:\/\/ecolecaritas.be\/new\/wp-content\/uploads\/2022\/10\/IMG-20221013-WA0010-225x300.jpg 225w, https:\/\/ecolecaritas.be\/new\/wp-content\/uploads\/2022\/10\/IMG-20221013-WA0010-768x1024.jpg 768w, https:\/\/ecolecaritas.be\/new\/wp-content\/uploads\/2022\/10\/IMG-20221013-WA0010-600x800.jpg 600w, https:\/\/ecolecaritas.be\/new\/wp-content\/uploads\/2022\/10\/IMG-20221013-WA0010-1152x1536.jpg 1152w, https:\/\/ecolecaritas.be\/new\/wp-content\/uploads\/2022\/10\/IMG-20221013-WA0010-1320x1760.jpg 1320w, https:\/\/ecolecaritas.be\/new\/wp-content\/uploads\/2022\/10\/IMG-20221013-WA0010.jpg 1500w\" sizes=\"auto, (max-width: 450px) 100vw, 450px\" \/><\/figure>\n\n\n\n<figure class=\"wp-block-image size-large\"><img loading=\"lazy\" decoding=\"async\" width=\"600\" height=\"450\" src=\"https:\/\/ecolecaritas.be\/new\/wp-content\/uploads\/2022\/10\/IMG-20221013-WA0009-600x450.jpg\" alt=\"\" class=\"wp-image-156183\" srcset=\"https:\/\/ecolecaritas.be\/new\/wp-content\/uploads\/2022\/10\/IMG-20221013-WA0009-600x450.jpg 600w, https:\/\/ecolecaritas.be\/new\/wp-content\/uploads\/2022\/10\/IMG-20221013-WA0009-300x225.jpg 300w, https:\/\/ecolecaritas.be\/new\/wp-content\/uploads\/2022\/10\/IMG-20221013-WA0009-768x576.jpg 768w, https:\/\/ecolecaritas.be\/new\/wp-content\/uploads\/2022\/10\/IMG-20221013-WA0009-1536x1152.jpg 1536w, https:\/\/ecolecaritas.be\/new\/wp-content\/uploads\/2022\/10\/IMG-20221013-WA0009-678x509.jpg 678w, https:\/\/ecolecaritas.be\/new\/wp-content\/uploads\/2022\/10\/IMG-20221013-WA0009-326x245.jpg 326w, https:\/\/ecolecaritas.be\/new\/wp-content\/uploads\/2022\/10\/IMG-20221013-WA0009-80x60.jpg 80w, https:\/\/ecolecaritas.be\/new\/wp-content\/uploads\/2022\/10\/IMG-20221013-WA0009-1320x990.jpg 1320w, https:\/\/ecolecaritas.be\/new\/wp-content\/uploads\/2022\/10\/IMG-20221013-WA0009.jpg 2000w\" sizes=\"auto, (max-width: 600px) 100vw, 600px\" \/><\/figure>\n\n\n\n<figure class=\"wp-block-image size-large\"><img loading=\"lazy\" decoding=\"async\" width=\"600\" height=\"450\" src=\"https:\/\/ecolecaritas.be\/new\/wp-content\/uploads\/2022\/10\/IMG-20221013-WA0008-600x450.jpg\" alt=\"\" class=\"wp-image-156182\" srcset=\"https:\/\/ecolecaritas.be\/new\/wp-content\/uploads\/2022\/10\/IMG-20221013-WA0008-600x450.jpg 600w, https:\/\/ecolecaritas.be\/new\/wp-content\/uploads\/2022\/10\/IMG-20221013-WA0008-300x225.jpg 300w, https:\/\/ecolecaritas.be\/new\/wp-content\/uploads\/2022\/10\/IMG-20221013-WA0008-768x576.jpg 768w, https:\/\/ecolecaritas.be\/new\/wp-content\/uploads\/2022\/10\/IMG-20221013-WA0008-1536x1152.jpg 1536w, https:\/\/ecolecaritas.be\/new\/wp-content\/uploads\/2022\/10\/IMG-20221013-WA0008-678x509.jpg 678w, https:\/\/ecolecaritas.be\/new\/wp-content\/uploads\/2022\/10\/IMG-20221013-WA0008-326x245.jpg 326w, https:\/\/ecolecaritas.be\/new\/wp-content\/uploads\/2022\/10\/IMG-20221013-WA0008-80x60.jpg 80w, https:\/\/ecolecaritas.be\/new\/wp-content\/uploads\/2022\/10\/IMG-20221013-WA0008-1320x990.jpg 1320w, https:\/\/ecolecaritas.be\/new\/wp-content\/uploads\/2022\/10\/IMG-20221013-WA0008.jpg 2000w\" sizes=\"auto, (max-width: 600px) 100vw, 600px\" \/><\/figure>\n\n\n\n<figure class=\"wp-block-image size-large\"><img loading=\"lazy\" decoding=\"async\" width=\"450\" height=\"600\" src=\"https:\/\/ecolecaritas.be\/new\/wp-content\/uploads\/2022\/10\/IMG-20221013-WA0015-450x600.jpg\" alt=\"\" class=\"wp-image-156176\" srcset=\"https:\/\/ecolecaritas.be\/new\/wp-content\/uploads\/2022\/10\/IMG-20221013-WA0015-450x600.jpg 450w, https:\/\/ecolecaritas.be\/new\/wp-content\/uploads\/2022\/10\/IMG-20221013-WA0015-225x300.jpg 225w, https:\/\/ecolecaritas.be\/new\/wp-content\/uploads\/2022\/10\/IMG-20221013-WA0015-768x1024.jpg 768w, https:\/\/ecolecaritas.be\/new\/wp-content\/uploads\/2022\/10\/IMG-20221013-WA0015-600x800.jpg 600w, https:\/\/ecolecaritas.be\/new\/wp-content\/uploads\/2022\/10\/IMG-20221013-WA0015-1152x1536.jpg 1152w, https:\/\/ecolecaritas.be\/new\/wp-content\/uploads\/2022\/10\/IMG-20221013-WA0015-1320x1760.jpg 1320w, https:\/\/ecolecaritas.be\/new\/wp-content\/uploads\/2022\/10\/IMG-20221013-WA0015.jpg 1500w\" sizes=\"auto, (max-width: 450px) 100vw, 450px\" \/><\/figure>\n\n\n\n<figure class=\"wp-block-image size-large\"><img loading=\"lazy\" decoding=\"async\" width=\"600\" height=\"450\" src=\"https:\/\/ecolecaritas.be\/new\/wp-content\/uploads\/2022\/10\/IMG-20221013-WA0016-600x450.jpg\" alt=\"\" class=\"wp-image-156175\" srcset=\"https:\/\/ecolecaritas.be\/new\/wp-content\/uploads\/2022\/10\/IMG-20221013-WA0016-600x450.jpg 600w, https:\/\/ecolecaritas.be\/new\/wp-content\/uploads\/2022\/10\/IMG-20221013-WA0016-300x225.jpg 300w, https:\/\/ecolecaritas.be\/new\/wp-content\/uploads\/2022\/10\/IMG-20221013-WA0016-768x576.jpg 768w, https:\/\/ecolecaritas.be\/new\/wp-content\/uploads\/2022\/10\/IMG-20221013-WA0016-1536x1152.jpg 1536w, https:\/\/ecolecaritas.be\/new\/wp-content\/uploads\/2022\/10\/IMG-20221013-WA0016-678x509.jpg 678w, https:\/\/ecolecaritas.be\/new\/wp-content\/uploads\/2022\/10\/IMG-20221013-WA0016-326x245.jpg 326w, https:\/\/ecolecaritas.be\/new\/wp-content\/uploads\/2022\/10\/IMG-20221013-WA0016-80x60.jpg 80w, https:\/\/ecolecaritas.be\/new\/wp-content\/uploads\/2022\/10\/IMG-20221013-WA0016-1320x990.jpg 1320w, https:\/\/ecolecaritas.be\/new\/wp-content\/uploads\/2022\/10\/IMG-20221013-WA0016.jpg 2000w\" sizes=\"auto, (max-width: 600px) 100vw, 600px\" \/><\/figure>\n\n\n\n<figure class=\"wp-block-image size-large\"><img loading=\"lazy\" decoding=\"async\" width=\"600\" height=\"450\" src=\"https:\/\/ecolecaritas.be\/new\/wp-content\/uploads\/2022\/10\/IMG-20221013-WA0017-600x450.jpg\" alt=\"\" class=\"wp-image-156174\" srcset=\"https:\/\/ecolecaritas.be\/new\/wp-content\/uploads\/2022\/10\/IMG-20221013-WA0017-600x450.jpg 600w, https:\/\/ecolecaritas.be\/new\/wp-content\/uploads\/2022\/10\/IMG-20221013-WA0017-300x225.jpg 300w, https:\/\/ecolecaritas.be\/new\/wp-content\/uploads\/2022\/10\/IMG-20221013-WA0017-768x576.jpg 768w, https:\/\/ecolecaritas.be\/new\/wp-content\/uploads\/2022\/10\/IMG-20221013-WA0017-1536x1152.jpg 1536w, https:\/\/ecolecaritas.be\/new\/wp-content\/uploads\/2022\/10\/IMG-20221013-WA0017-678x509.jpg 678w, https:\/\/ecolecaritas.be\/new\/wp-content\/uploads\/2022\/10\/IMG-20221013-WA0017-326x245.jpg 326w, https:\/\/ecolecaritas.be\/new\/wp-content\/uploads\/2022\/10\/IMG-20221013-WA0017-80x60.jpg 80w, https:\/\/ecolecaritas.be\/new\/wp-content\/uploads\/2022\/10\/IMG-20221013-WA0017-1320x990.jpg 1320w, https:\/\/ecolecaritas.be\/new\/wp-content\/uploads\/2022\/10\/IMG-20221013-WA0017.jpg 2000w\" sizes=\"auto, (max-width: 600px) 100vw, 600px\" \/><\/figure>\n\n\n\n<figure class=\"wp-block-image size-large\"><img loading=\"lazy\" decoding=\"async\" width=\"450\" height=\"600\" src=\"https:\/\/ecolecaritas.be\/new\/wp-content\/uploads\/2022\/10\/IMG-20221013-WA0012-450x600.jpg\" alt=\"\" class=\"wp-image-156179\" srcset=\"https:\/\/ecolecaritas.be\/new\/wp-content\/uploads\/2022\/10\/IMG-20221013-WA0012-450x600.jpg 450w, https:\/\/ecolecaritas.be\/new\/wp-content\/uploads\/2022\/10\/IMG-20221013-WA0012-225x300.jpg 225w, https:\/\/ecolecaritas.be\/new\/wp-content\/uploads\/2022\/10\/IMG-20221013-WA0012-768x1024.jpg 768w, https:\/\/ecolecaritas.be\/new\/wp-content\/uploads\/2022\/10\/IMG-20221013-WA0012-600x800.jpg 600w, https:\/\/ecolecaritas.be\/new\/wp-content\/uploads\/2022\/10\/IMG-20221013-WA0012-1152x1536.jpg 1152w, https:\/\/ecolecaritas.be\/new\/wp-content\/uploads\/2022\/10\/IMG-20221013-WA0012-1320x1760.jpg 1320w, https:\/\/ecolecaritas.be\/new\/wp-content\/uploads\/2022\/10\/IMG-20221013-WA0012.jpg 1500w\" sizes=\"auto, (max-width: 450px) 100vw, 450px\" \/><\/figure>\n\n\n\n<figure class=\"wp-block-image size-large\"><img loading=\"lazy\" decoding=\"async\" width=\"450\" height=\"600\" src=\"https:\/\/ecolecaritas.be\/new\/wp-content\/uploads\/2022\/10\/IMG-20221013-WA0013-450x600.jpg\" alt=\"\" class=\"wp-image-156178\" srcset=\"https:\/\/ecolecaritas.be\/new\/wp-content\/uploads\/2022\/10\/IMG-20221013-WA0013-450x600.jpg 450w, https:\/\/ecolecaritas.be\/new\/wp-content\/uploads\/2022\/10\/IMG-20221013-WA0013-225x300.jpg 225w, https:\/\/ecolecaritas.be\/new\/wp-content\/uploads\/2022\/10\/IMG-20221013-WA0013-768x1024.jpg 768w, https:\/\/ecolecaritas.be\/new\/wp-content\/uploads\/2022\/10\/IMG-20221013-WA0013-600x800.jpg 600w, https:\/\/ecolecaritas.be\/new\/wp-content\/uploads\/2022\/10\/IMG-20221013-WA0013-1152x1536.jpg 1152w, https:\/\/ecolecaritas.be\/new\/wp-content\/uploads\/2022\/10\/IMG-20221013-WA0013-1320x1760.jpg 1320w, https:\/\/ecolecaritas.be\/new\/wp-content\/uploads\/2022\/10\/IMG-20221013-WA0013.jpg 1500w\" sizes=\"auto, (max-width: 450px) 100vw, 450px\" \/><\/figure>\n\n\n\n<figure class=\"wp-block-image size-large\"><img loading=\"lazy\" decoding=\"async\" width=\"450\" height=\"600\" src=\"https:\/\/ecolecaritas.be\/new\/wp-content\/uploads\/2022\/10\/IMG-20221013-WA0014-450x600.jpg\" alt=\"\" class=\"wp-image-156177\" srcset=\"https:\/\/ecolecaritas.be\/new\/wp-content\/uploads\/2022\/10\/IMG-20221013-WA0014-450x600.jpg 450w, https:\/\/ecolecaritas.be\/new\/wp-content\/uploads\/2022\/10\/IMG-20221013-WA0014-225x300.jpg 225w, https:\/\/ecolecaritas.be\/new\/wp-content\/uploads\/2022\/10\/IMG-20221013-WA0014-768x1024.jpg 768w, https:\/\/ecolecaritas.be\/new\/wp-content\/uploads\/2022\/10\/IMG-20221013-WA0014-600x800.jpg 600w, https:\/\/ecolecaritas.be\/new\/wp-content\/uploads\/2022\/10\/IMG-20221013-WA0014-1152x1536.jpg 1152w, https:\/\/ecolecaritas.be\/new\/wp-content\/uploads\/2022\/10\/IMG-20221013-WA0014-1320x1760.jpg 1320w, https:\/\/ecolecaritas.be\/new\/wp-content\/uploads\/2022\/10\/IMG-20221013-WA0014.jpg 1500w\" sizes=\"auto, (max-width: 450px) 100vw, 450px\" \/><\/figure>\n","protected":false},"excerpt":{"rendered":"<div class=\"mh-excerpt\"><p>Ce lundi 10 octobre, les P1 sont all\u00e9s en for\u00eat. Ils ont admir\u00e9 les jolies couleurs d&rsquo;automne, ils ont \u00e9galement choisi un arbre afin de <a class=\"mh-excerpt-more\" href=\"https:\/\/ecolecaritas.be\/new\/journee-en-foret-les-p1\/\" title=\"Journ\u00e9e en for\u00eat, les P1&#x1f341;&#x1f342;\">[&#8230;]<\/a><\/p>\n<\/div>","protected":false},"author":4,"featured_media":156190,"comment_status":"closed","ping_status":"closed","sticky":false,"template":"","format":"standard","meta":{"footnotes":""},"categories":[8],"tags":[],"class_list":["post-156202","post","type-post","status-publish","format-standard","has-post-thumbnail","hentry","category-p12"],"_links":{"self":[{"href":"https:\/\/ecolecaritas.be\/new\/wp-json\/wp\/v2\/posts\/156202","targetHints":{"allow":["GET"]}}],"collection":[{"href":"https:\/\/ecolecaritas.be\/new\/wp-json\/wp\/v2\/posts"}],"about":[{"href":"https:\/\/ecolecaritas.be\/new\/wp-json\/wp\/v2\/types\/post"}],"author":[{"embeddable":true,"href":"https:\/\/ecolecaritas.be\/new\/wp-json\/wp\/v2\/users\/4"}],"replies":[{"embeddable":true,"href":"https:\/\/ecolecaritas.be\/new\/wp-json\/wp\/v2\/comments?post=156202"}],"version-history":[{"count":9,"href":"https:\/\/ecolecaritas.be\/new\/wp-json\/wp\/v2\/posts\/156202\/revisions"}],"predecessor-version":[{"id":156228,"href":"https:\/\/ecolecaritas.be\/new\/wp-json\/wp\/v2\/posts\/156202\/revisions\/156228"}],"wp:featuredmedia":[{"embeddable":true,"href":"https:\/\/ecolecaritas.be\/new\/wp-json\/wp\/v2\/media\/156190"}],"wp:attachment":[{"href":"https:\/\/ecolecaritas.be\/new\/wp-json\/wp\/v2\/media?parent=156202"}],"wp:term":[{"taxonomy":"category","embeddable":true,"href":"https:\/\/ecolecaritas.be\/new\/wp-json\/wp\/v2\/categories?post=156202"},{"taxonomy":"post_tag","embeddable":true,"href":"https:\/\/ecolecaritas.be\/new\/wp-json\/wp\/v2\/tags?post=156202"}],"curies":[{"name":"wp","href":"https:\/\/api.w.org\/{rel}","templated":true}]}}