{"id":156205,"date":"2022-10-14T07:53:42","date_gmt":"2022-10-14T05:53:42","guid":{"rendered":"https:\/\/ecolecaritas.be\/new\/?p=156205"},"modified":"2022-10-18T10:26:13","modified_gmt":"2022-10-18T08:26:13","slug":"le-bookflix-des-p3","status":"publish","type":"post","link":"https:\/\/ecolecaritas.be\/new\/le-bookflix-des-p3\/","title":{"rendered":"Le Bookflix des P3&#x1f4d6;"},"content":{"rendered":"\n<p>Apr\u00e8s quelques vendredis de pr\u00e9paration, la classe de P3 est fi\u00e8re de vous pr\u00e9senter son Bookflix : un nouveau moyen de partager r\u00e9guli\u00e8rement leurs lectures pr\u00e9f\u00e9r\u00e9es \u00e0 leurs camarades de classe.<br>Chaque livre pr\u00e9sent\u00e9 \u00e0 la classe ira directement dans le Bookflix pour \u00eatre recommand\u00e9 aux autres ou m\u00eame pr\u00eat\u00e9 ! (libre au propri\u00e9taire du livre de d\u00e9cider)<br>Les P3 comptent bien le remplir de plus en plus et \u00e9galement jeter un \u0153il aux livres que leur institutrice leur recommande.<br>Une belle aventure en lecture s\u2019annonce !&#x1f917;<\/p>\n\n\n\n<figure class=\"wp-block-image size-large\"><img loading=\"lazy\" decoding=\"async\" width=\"450\" height=\"600\" src=\"https:\/\/ecolecaritas.be\/new\/wp-content\/uploads\/2022\/10\/IMG-20221013-WA0019-450x600.jpg\" alt=\"\" class=\"wp-image-156201\" srcset=\"https:\/\/ecolecaritas.be\/new\/wp-content\/uploads\/2022\/10\/IMG-20221013-WA0019-450x600.jpg 450w, https:\/\/ecolecaritas.be\/new\/wp-content\/uploads\/2022\/10\/IMG-20221013-WA0019-225x300.jpg 225w, https:\/\/ecolecaritas.be\/new\/wp-content\/uploads\/2022\/10\/IMG-20221013-WA0019-768x1024.jpg 768w, https:\/\/ecolecaritas.be\/new\/wp-content\/uploads\/2022\/10\/IMG-20221013-WA0019-600x800.jpg 600w, https:\/\/ecolecaritas.be\/new\/wp-content\/uploads\/2022\/10\/IMG-20221013-WA0019-1152x1536.jpg 1152w, https:\/\/ecolecaritas.be\/new\/wp-content\/uploads\/2022\/10\/IMG-20221013-WA0019-1320x1760.jpg 1320w, https:\/\/ecolecaritas.be\/new\/wp-content\/uploads\/2022\/10\/IMG-20221013-WA0019.jpg 1440w\" sizes=\"auto, (max-width: 450px) 100vw, 450px\" \/><\/figure>\n\n\n\n<figure class=\"wp-block-image size-large\"><img loading=\"lazy\" decoding=\"async\" width=\"450\" height=\"600\" src=\"https:\/\/ecolecaritas.be\/new\/wp-content\/uploads\/2022\/10\/IMG-20221013-WA0023-450x600.jpg\" alt=\"\" class=\"wp-image-156198\" srcset=\"https:\/\/ecolecaritas.be\/new\/wp-content\/uploads\/2022\/10\/IMG-20221013-WA0023-450x600.jpg 450w, https:\/\/ecolecaritas.be\/new\/wp-content\/uploads\/2022\/10\/IMG-20221013-WA0023-225x300.jpg 225w, https:\/\/ecolecaritas.be\/new\/wp-content\/uploads\/2022\/10\/IMG-20221013-WA0023-768x1024.jpg 768w, https:\/\/ecolecaritas.be\/new\/wp-content\/uploads\/2022\/10\/IMG-20221013-WA0023-600x800.jpg 600w, https:\/\/ecolecaritas.be\/new\/wp-content\/uploads\/2022\/10\/IMG-20221013-WA0023-1152x1536.jpg 1152w, https:\/\/ecolecaritas.be\/new\/wp-content\/uploads\/2022\/10\/IMG-20221013-WA0023-1320x1760.jpg 1320w, https:\/\/ecolecaritas.be\/new\/wp-content\/uploads\/2022\/10\/IMG-20221013-WA0023.jpg 1440w\" sizes=\"auto, (max-width: 450px) 100vw, 450px\" \/><\/figure>\n\n\n\n<figure class=\"wp-block-image size-large\"><img loading=\"lazy\" decoding=\"async\" width=\"450\" height=\"600\" src=\"https:\/\/ecolecaritas.be\/new\/wp-content\/uploads\/2022\/10\/IMG-20221013-WA0020-450x600.jpg\" alt=\"\" class=\"wp-image-156200\" srcset=\"https:\/\/ecolecaritas.be\/new\/wp-content\/uploads\/2022\/10\/IMG-20221013-WA0020-450x600.jpg 450w, https:\/\/ecolecaritas.be\/new\/wp-content\/uploads\/2022\/10\/IMG-20221013-WA0020-225x300.jpg 225w, https:\/\/ecolecaritas.be\/new\/wp-content\/uploads\/2022\/10\/IMG-20221013-WA0020-768x1024.jpg 768w, https:\/\/ecolecaritas.be\/new\/wp-content\/uploads\/2022\/10\/IMG-20221013-WA0020-600x800.jpg 600w, https:\/\/ecolecaritas.be\/new\/wp-content\/uploads\/2022\/10\/IMG-20221013-WA0020-1152x1536.jpg 1152w, https:\/\/ecolecaritas.be\/new\/wp-content\/uploads\/2022\/10\/IMG-20221013-WA0020-1320x1760.jpg 1320w, https:\/\/ecolecaritas.be\/new\/wp-content\/uploads\/2022\/10\/IMG-20221013-WA0020.jpg 1440w\" sizes=\"auto, (max-width: 450px) 100vw, 450px\" \/><\/figure>\n\n\n\n<figure class=\"wp-block-image size-large\"><img loading=\"lazy\" decoding=\"async\" width=\"450\" height=\"600\" src=\"https:\/\/ecolecaritas.be\/new\/wp-content\/uploads\/2022\/10\/IMG-20221013-WA0021-450x600.jpg\" alt=\"\" class=\"wp-image-156196\" srcset=\"https:\/\/ecolecaritas.be\/new\/wp-content\/uploads\/2022\/10\/IMG-20221013-WA0021-450x600.jpg 450w, https:\/\/ecolecaritas.be\/new\/wp-content\/uploads\/2022\/10\/IMG-20221013-WA0021-225x300.jpg 225w, https:\/\/ecolecaritas.be\/new\/wp-content\/uploads\/2022\/10\/IMG-20221013-WA0021-768x1024.jpg 768w, https:\/\/ecolecaritas.be\/new\/wp-content\/uploads\/2022\/10\/IMG-20221013-WA0021-600x800.jpg 600w, https:\/\/ecolecaritas.be\/new\/wp-content\/uploads\/2022\/10\/IMG-20221013-WA0021-1152x1536.jpg 1152w, https:\/\/ecolecaritas.be\/new\/wp-content\/uploads\/2022\/10\/IMG-20221013-WA0021-1320x1760.jpg 1320w, https:\/\/ecolecaritas.be\/new\/wp-content\/uploads\/2022\/10\/IMG-20221013-WA0021.jpg 1440w\" sizes=\"auto, (max-width: 450px) 100vw, 450px\" \/><\/figure>\n\n\n\n<figure class=\"wp-block-image size-large\"><img loading=\"lazy\" decoding=\"async\" width=\"600\" height=\"450\" src=\"https:\/\/ecolecaritas.be\/new\/wp-content\/uploads\/2022\/10\/IMG-20221013-WA0022-600x450.jpg\" alt=\"\" class=\"wp-image-156197\" srcset=\"https:\/\/ecolecaritas.be\/new\/wp-content\/uploads\/2022\/10\/IMG-20221013-WA0022-600x450.jpg 600w, https:\/\/ecolecaritas.be\/new\/wp-content\/uploads\/2022\/10\/IMG-20221013-WA0022-300x225.jpg 300w, https:\/\/ecolecaritas.be\/new\/wp-content\/uploads\/2022\/10\/IMG-20221013-WA0022-768x576.jpg 768w, https:\/\/ecolecaritas.be\/new\/wp-content\/uploads\/2022\/10\/IMG-20221013-WA0022-1536x1152.jpg 1536w, https:\/\/ecolecaritas.be\/new\/wp-content\/uploads\/2022\/10\/IMG-20221013-WA0022-678x509.jpg 678w, https:\/\/ecolecaritas.be\/new\/wp-content\/uploads\/2022\/10\/IMG-20221013-WA0022-326x245.jpg 326w, https:\/\/ecolecaritas.be\/new\/wp-content\/uploads\/2022\/10\/IMG-20221013-WA0022-80x60.jpg 80w, https:\/\/ecolecaritas.be\/new\/wp-content\/uploads\/2022\/10\/IMG-20221013-WA0022-1320x990.jpg 1320w, https:\/\/ecolecaritas.be\/new\/wp-content\/uploads\/2022\/10\/IMG-20221013-WA0022.jpg 1920w\" sizes=\"auto, (max-width: 600px) 100vw, 600px\" \/><\/figure>\n\n\n\n<figure class=\"wp-block-image size-large\"><img loading=\"lazy\" decoding=\"async\" width=\"450\" height=\"600\" src=\"https:\/\/ecolecaritas.be\/new\/wp-content\/uploads\/2022\/10\/IMG-20221013-WA0024-450x600.jpg\" alt=\"\" class=\"wp-image-156199\" srcset=\"https:\/\/ecolecaritas.be\/new\/wp-content\/uploads\/2022\/10\/IMG-20221013-WA0024-450x600.jpg 450w, https:\/\/ecolecaritas.be\/new\/wp-content\/uploads\/2022\/10\/IMG-20221013-WA0024-225x300.jpg 225w, https:\/\/ecolecaritas.be\/new\/wp-content\/uploads\/2022\/10\/IMG-20221013-WA0024-768x1024.jpg 768w, https:\/\/ecolecaritas.be\/new\/wp-content\/uploads\/2022\/10\/IMG-20221013-WA0024-600x800.jpg 600w, https:\/\/ecolecaritas.be\/new\/wp-content\/uploads\/2022\/10\/IMG-20221013-WA0024-1152x1536.jpg 1152w, https:\/\/ecolecaritas.be\/new\/wp-content\/uploads\/2022\/10\/IMG-20221013-WA0024-1320x1760.jpg 1320w, https:\/\/ecolecaritas.be\/new\/wp-content\/uploads\/2022\/10\/IMG-20221013-WA0024.jpg 1440w\" sizes=\"auto, (max-width: 450px) 100vw, 450px\" \/><\/figure>\n\n\n\n<figure class=\"wp-block-image size-large\"><img loading=\"lazy\" decoding=\"async\" width=\"450\" height=\"600\" src=\"https:\/\/ecolecaritas.be\/new\/wp-content\/uploads\/2022\/10\/IMG-20221013-WA0025-450x600.jpg\" alt=\"\" class=\"wp-image-156195\" srcset=\"https:\/\/ecolecaritas.be\/new\/wp-content\/uploads\/2022\/10\/IMG-20221013-WA0025-450x600.jpg 450w, https:\/\/ecolecaritas.be\/new\/wp-content\/uploads\/2022\/10\/IMG-20221013-WA0025-225x300.jpg 225w, https:\/\/ecolecaritas.be\/new\/wp-content\/uploads\/2022\/10\/IMG-20221013-WA0025-768x1024.jpg 768w, https:\/\/ecolecaritas.be\/new\/wp-content\/uploads\/2022\/10\/IMG-20221013-WA0025-600x800.jpg 600w, https:\/\/ecolecaritas.be\/new\/wp-content\/uploads\/2022\/10\/IMG-20221013-WA0025-1152x1536.jpg 1152w, https:\/\/ecolecaritas.be\/new\/wp-content\/uploads\/2022\/10\/IMG-20221013-WA0025-1320x1760.jpg 1320w, https:\/\/ecolecaritas.be\/new\/wp-content\/uploads\/2022\/10\/IMG-20221013-WA0025.jpg 1440w\" sizes=\"auto, (max-width: 450px) 100vw, 450px\" \/><\/figure>\n\n\n\n<figure class=\"wp-block-image size-large\"><img loading=\"lazy\" decoding=\"async\" width=\"450\" height=\"600\" src=\"https:\/\/ecolecaritas.be\/new\/wp-content\/uploads\/2022\/10\/IMG-20221013-WA0026-450x600.jpg\" alt=\"\" class=\"wp-image-156194\" srcset=\"https:\/\/ecolecaritas.be\/new\/wp-content\/uploads\/2022\/10\/IMG-20221013-WA0026-450x600.jpg 450w, https:\/\/ecolecaritas.be\/new\/wp-content\/uploads\/2022\/10\/IMG-20221013-WA0026-225x300.jpg 225w, https:\/\/ecolecaritas.be\/new\/wp-content\/uploads\/2022\/10\/IMG-20221013-WA0026-768x1024.jpg 768w, https:\/\/ecolecaritas.be\/new\/wp-content\/uploads\/2022\/10\/IMG-20221013-WA0026-600x800.jpg 600w, https:\/\/ecolecaritas.be\/new\/wp-content\/uploads\/2022\/10\/IMG-20221013-WA0026-1152x1536.jpg 1152w, https:\/\/ecolecaritas.be\/new\/wp-content\/uploads\/2022\/10\/IMG-20221013-WA0026-1320x1760.jpg 1320w, https:\/\/ecolecaritas.be\/new\/wp-content\/uploads\/2022\/10\/IMG-20221013-WA0026.jpg 1440w\" sizes=\"auto, (max-width: 450px) 100vw, 450px\" \/><\/figure>\n\n\n\n<figure class=\"wp-block-image size-large\"><img loading=\"lazy\" decoding=\"async\" width=\"600\" height=\"600\" src=\"https:\/\/ecolecaritas.be\/new\/wp-content\/uploads\/2022\/10\/IMG-20221013-WA0027-600x600.jpg\" alt=\"\" class=\"wp-image-156193\" srcset=\"https:\/\/ecolecaritas.be\/new\/wp-content\/uploads\/2022\/10\/IMG-20221013-WA0027-600x600.jpg 600w, https:\/\/ecolecaritas.be\/new\/wp-content\/uploads\/2022\/10\/IMG-20221013-WA0027-300x300.jpg 300w, https:\/\/ecolecaritas.be\/new\/wp-content\/uploads\/2022\/10\/IMG-20221013-WA0027-150x150.jpg 150w, https:\/\/ecolecaritas.be\/new\/wp-content\/uploads\/2022\/10\/IMG-20221013-WA0027-768x768.jpg 768w, https:\/\/ecolecaritas.be\/new\/wp-content\/uploads\/2022\/10\/IMG-20221013-WA0027-500x500.jpg 500w, https:\/\/ecolecaritas.be\/new\/wp-content\/uploads\/2022\/10\/IMG-20221013-WA0027-400x400.jpg 400w, https:\/\/ecolecaritas.be\/new\/wp-content\/uploads\/2022\/10\/IMG-20221013-WA0027-1536x1536.jpg 1536w, https:\/\/ecolecaritas.be\/new\/wp-content\/uploads\/2022\/10\/IMG-20221013-WA0027-1320x1320.jpg 1320w, https:\/\/ecolecaritas.be\/new\/wp-content\/uploads\/2022\/10\/IMG-20221013-WA0027.jpg 1920w\" sizes=\"auto, (max-width: 600px) 100vw, 600px\" \/><\/figure>\n\n\n\n<figure class=\"wp-block-image size-large\"><img loading=\"lazy\" decoding=\"async\" width=\"450\" height=\"600\" src=\"https:\/\/ecolecaritas.be\/new\/wp-content\/uploads\/2022\/10\/IMG-20221013-WA0028-450x600.jpg\" alt=\"\" class=\"wp-image-156192\" srcset=\"https:\/\/ecolecaritas.be\/new\/wp-content\/uploads\/2022\/10\/IMG-20221013-WA0028-450x600.jpg 450w, https:\/\/ecolecaritas.be\/new\/wp-content\/uploads\/2022\/10\/IMG-20221013-WA0028-225x300.jpg 225w, https:\/\/ecolecaritas.be\/new\/wp-content\/uploads\/2022\/10\/IMG-20221013-WA0028-768x1024.jpg 768w, https:\/\/ecolecaritas.be\/new\/wp-content\/uploads\/2022\/10\/IMG-20221013-WA0028-600x800.jpg 600w, https:\/\/ecolecaritas.be\/new\/wp-content\/uploads\/2022\/10\/IMG-20221013-WA0028-1152x1536.jpg 1152w, https:\/\/ecolecaritas.be\/new\/wp-content\/uploads\/2022\/10\/IMG-20221013-WA0028-1320x1760.jpg 1320w, https:\/\/ecolecaritas.be\/new\/wp-content\/uploads\/2022\/10\/IMG-20221013-WA0028.jpg 1440w\" sizes=\"auto, (max-width: 450px) 100vw, 450px\" \/><\/figure>\n\n\n\n<figure class=\"wp-block-image size-large is-resized\"><img loading=\"lazy\" decoding=\"async\" src=\"https:\/\/ecolecaritas.be\/new\/wp-content\/uploads\/2022\/10\/IMG-20221014-WA0014-600x450.jpg\" alt=\"\" class=\"wp-image-156239\" width=\"528\" height=\"395\" srcset=\"https:\/\/ecolecaritas.be\/new\/wp-content\/uploads\/2022\/10\/IMG-20221014-WA0014-600x450.jpg 600w, https:\/\/ecolecaritas.be\/new\/wp-content\/uploads\/2022\/10\/IMG-20221014-WA0014-300x225.jpg 300w, https:\/\/ecolecaritas.be\/new\/wp-content\/uploads\/2022\/10\/IMG-20221014-WA0014-768x576.jpg 768w, https:\/\/ecolecaritas.be\/new\/wp-content\/uploads\/2022\/10\/IMG-20221014-WA0014-678x509.jpg 678w, https:\/\/ecolecaritas.be\/new\/wp-content\/uploads\/2022\/10\/IMG-20221014-WA0014-326x245.jpg 326w, https:\/\/ecolecaritas.be\/new\/wp-content\/uploads\/2022\/10\/IMG-20221014-WA0014-80x60.jpg 80w, https:\/\/ecolecaritas.be\/new\/wp-content\/uploads\/2022\/10\/IMG-20221014-WA0014.jpg 1024w\" sizes=\"auto, (max-width: 528px) 100vw, 528px\" \/><\/figure>\n\n\n\n<figure class=\"wp-block-image size-large\"><img loading=\"lazy\" decoding=\"async\" width=\"450\" height=\"600\" src=\"https:\/\/ecolecaritas.be\/new\/wp-content\/uploads\/2022\/10\/IMG-20221014-WA0022-450x600.jpg\" alt=\"\" class=\"wp-image-156231\" srcset=\"https:\/\/ecolecaritas.be\/new\/wp-content\/uploads\/2022\/10\/IMG-20221014-WA0022-450x600.jpg 450w, https:\/\/ecolecaritas.be\/new\/wp-content\/uploads\/2022\/10\/IMG-20221014-WA0022-225x300.jpg 225w, https:\/\/ecolecaritas.be\/new\/wp-content\/uploads\/2022\/10\/IMG-20221014-WA0022-600x800.jpg 600w, https:\/\/ecolecaritas.be\/new\/wp-content\/uploads\/2022\/10\/IMG-20221014-WA0022.jpg 768w\" sizes=\"auto, (max-width: 450px) 100vw, 450px\" \/><\/figure>\n\n\n\n<figure class=\"wp-block-image size-large is-resized\"><img loading=\"lazy\" decoding=\"async\" src=\"https:\/\/ecolecaritas.be\/new\/wp-content\/uploads\/2022\/10\/IMG-20221014-WA0021-450x600.jpg\" alt=\"\" class=\"wp-image-156232\" width=\"451\" height=\"601\" srcset=\"https:\/\/ecolecaritas.be\/new\/wp-content\/uploads\/2022\/10\/IMG-20221014-WA0021-450x600.jpg 450w, https:\/\/ecolecaritas.be\/new\/wp-content\/uploads\/2022\/10\/IMG-20221014-WA0021-225x300.jpg 225w, https:\/\/ecolecaritas.be\/new\/wp-content\/uploads\/2022\/10\/IMG-20221014-WA0021-600x800.jpg 600w, https:\/\/ecolecaritas.be\/new\/wp-content\/uploads\/2022\/10\/IMG-20221014-WA0021.jpg 768w\" sizes=\"auto, (max-width: 451px) 100vw, 451px\" \/><\/figure>\n\n\n\n<figure class=\"wp-block-image size-large\"><img loading=\"lazy\" decoding=\"async\" width=\"450\" height=\"600\" src=\"https:\/\/ecolecaritas.be\/new\/wp-content\/uploads\/2022\/10\/IMG-20221014-WA0020-450x600.jpg\" alt=\"\" class=\"wp-image-156233\" srcset=\"https:\/\/ecolecaritas.be\/new\/wp-content\/uploads\/2022\/10\/IMG-20221014-WA0020-450x600.jpg 450w, https:\/\/ecolecaritas.be\/new\/wp-content\/uploads\/2022\/10\/IMG-20221014-WA0020-225x300.jpg 225w, https:\/\/ecolecaritas.be\/new\/wp-content\/uploads\/2022\/10\/IMG-20221014-WA0020-600x800.jpg 600w, https:\/\/ecolecaritas.be\/new\/wp-content\/uploads\/2022\/10\/IMG-20221014-WA0020.jpg 768w\" sizes=\"auto, (max-width: 450px) 100vw, 450px\" \/><\/figure>\n\n\n\n<figure class=\"wp-block-image size-large is-resized\"><img loading=\"lazy\" decoding=\"async\" src=\"https:\/\/ecolecaritas.be\/new\/wp-content\/uploads\/2022\/10\/IMG-20221014-WA0019-600x450.jpg\" alt=\"\" class=\"wp-image-156234\" width=\"504\" height=\"376\" srcset=\"https:\/\/ecolecaritas.be\/new\/wp-content\/uploads\/2022\/10\/IMG-20221014-WA0019-300x225.jpg 300w, https:\/\/ecolecaritas.be\/new\/wp-content\/uploads\/2022\/10\/IMG-20221014-WA0019-80x60.jpg 80w\" sizes=\"auto, (max-width: 504px) 100vw, 504px\" \/><\/figure>\n\n\n\n<figure class=\"wp-block-image size-large\"><img loading=\"lazy\" decoding=\"async\" width=\"450\" height=\"600\" src=\"https:\/\/ecolecaritas.be\/new\/wp-content\/uploads\/2022\/10\/IMG-20221014-WA0018-450x600.jpg\" alt=\"\" class=\"wp-image-156235\" srcset=\"https:\/\/ecolecaritas.be\/new\/wp-content\/uploads\/2022\/10\/IMG-20221014-WA0018-450x600.jpg 450w, https:\/\/ecolecaritas.be\/new\/wp-content\/uploads\/2022\/10\/IMG-20221014-WA0018-225x300.jpg 225w, https:\/\/ecolecaritas.be\/new\/wp-content\/uploads\/2022\/10\/IMG-20221014-WA0018-600x800.jpg 600w, https:\/\/ecolecaritas.be\/new\/wp-content\/uploads\/2022\/10\/IMG-20221014-WA0018.jpg 768w\" sizes=\"auto, (max-width: 450px) 100vw, 450px\" \/><\/figure>\n\n\n\n<figure class=\"wp-block-image size-large\"><img loading=\"lazy\" decoding=\"async\" width=\"450\" height=\"600\" src=\"https:\/\/ecolecaritas.be\/new\/wp-content\/uploads\/2022\/10\/IMG-20221014-WA0017-450x600.jpg\" alt=\"\" class=\"wp-image-156236\" srcset=\"https:\/\/ecolecaritas.be\/new\/wp-content\/uploads\/2022\/10\/IMG-20221014-WA0017-450x600.jpg 450w, https:\/\/ecolecaritas.be\/new\/wp-content\/uploads\/2022\/10\/IMG-20221014-WA0017-225x300.jpg 225w, https:\/\/ecolecaritas.be\/new\/wp-content\/uploads\/2022\/10\/IMG-20221014-WA0017-600x800.jpg 600w, https:\/\/ecolecaritas.be\/new\/wp-content\/uploads\/2022\/10\/IMG-20221014-WA0017.jpg 768w\" sizes=\"auto, (max-width: 450px) 100vw, 450px\" \/><\/figure>\n\n\n\n<figure class=\"wp-block-image size-large\"><img loading=\"lazy\" decoding=\"async\" width=\"450\" height=\"600\" src=\"https:\/\/ecolecaritas.be\/new\/wp-content\/uploads\/2022\/10\/IMG-20221014-WA0016-450x600.jpg\" alt=\"\" class=\"wp-image-156237\" srcset=\"https:\/\/ecolecaritas.be\/new\/wp-content\/uploads\/2022\/10\/IMG-20221014-WA0016-450x600.jpg 450w, https:\/\/ecolecaritas.be\/new\/wp-content\/uploads\/2022\/10\/IMG-20221014-WA0016-225x300.jpg 225w, https:\/\/ecolecaritas.be\/new\/wp-content\/uploads\/2022\/10\/IMG-20221014-WA0016-600x800.jpg 600w, https:\/\/ecolecaritas.be\/new\/wp-content\/uploads\/2022\/10\/IMG-20221014-WA0016.jpg 768w\" sizes=\"auto, (max-width: 450px) 100vw, 450px\" \/><\/figure>\n\n\n\n<figure class=\"wp-block-image size-large is-resized\"><img loading=\"lazy\" decoding=\"async\" src=\"https:\/\/ecolecaritas.be\/new\/wp-content\/uploads\/2022\/10\/IMG-20221014-WA0015-600x450.jpg\" alt=\"\" class=\"wp-image-156238\" width=\"608\" height=\"451\"\/><\/figure>\n","protected":false},"excerpt":{"rendered":"<div class=\"mh-excerpt\"><p>Apr\u00e8s quelques vendredis de pr\u00e9paration, la classe de P3 est fi\u00e8re de vous pr\u00e9senter son Bookflix : un nouveau moyen de partager r\u00e9guli\u00e8rement leurs lectures <a class=\"mh-excerpt-more\" href=\"https:\/\/ecolecaritas.be\/new\/le-bookflix-des-p3\/\" title=\"Le Bookflix des P3&#x1f4d6;\">[&#8230;]<\/a><\/p>\n<\/div>","protected":false},"author":4,"featured_media":156223,"comment_status":"closed","ping_status":"closed","sticky":false,"template":"","format":"standard","meta":{"footnotes":""},"categories":[9],"tags":[],"class_list":["post-156205","post","type-post","status-publish","format-standard","has-post-thumbnail","hentry","category-p34"],"_links":{"self":[{"href":"https:\/\/ecolecaritas.be\/new\/wp-json\/wp\/v2\/posts\/156205","targetHints":{"allow":["GET"]}}],"collection":[{"href":"https:\/\/ecolecaritas.be\/new\/wp-json\/wp\/v2\/posts"}],"about":[{"href":"https:\/\/ecolecaritas.be\/new\/wp-json\/wp\/v2\/types\/post"}],"author":[{"embeddable":true,"href":"https:\/\/ecolecaritas.be\/new\/wp-json\/wp\/v2\/users\/4"}],"replies":[{"embeddable":true,"href":"https:\/\/ecolecaritas.be\/new\/wp-json\/wp\/v2\/comments?post=156205"}],"version-history":[{"count":11,"href":"https:\/\/ecolecaritas.be\/new\/wp-json\/wp\/v2\/posts\/156205\/revisions"}],"predecessor-version":[{"id":156261,"href":"https:\/\/ecolecaritas.be\/new\/wp-json\/wp\/v2\/posts\/156205\/revisions\/156261"}],"wp:featuredmedia":[{"embeddable":true,"href":"https:\/\/ecolecaritas.be\/new\/wp-json\/wp\/v2\/media\/156223"}],"wp:attachment":[{"href":"https:\/\/ecolecaritas.be\/new\/wp-json\/wp\/v2\/media?parent=156205"}],"wp:term":[{"taxonomy":"category","embeddable":true,"href":"https:\/\/ecolecaritas.be\/new\/wp-json\/wp\/v2\/categories?post=156205"},{"taxonomy":"post_tag","embeddable":true,"href":"https:\/\/ecolecaritas.be\/new\/wp-json\/wp\/v2\/tags?post=156205"}],"curies":[{"name":"wp","href":"https:\/\/api.w.org\/{rel}","templated":true}]}}