{"id":156825,"date":"2022-12-16T16:39:45","date_gmt":"2022-12-16T15:39:45","guid":{"rendered":"https:\/\/ecolecaritas.be\/new\/?p=156825"},"modified":"2022-12-16T22:19:17","modified_gmt":"2022-12-16T21:19:17","slug":"journee-du-pull-de-noel","status":"publish","type":"post","link":"https:\/\/ecolecaritas.be\/new\/journee-du-pull-de-noel\/","title":{"rendered":"Journ\u00e9e du pull de No\u00ebl !&#x1f936;&#x1f384;&#x1f385;"},"content":{"rendered":"\n<p>Ambiance No\u00ebl \u00e0 Caritas!!! Nous avons mis notre plus beau pull de No\u00ebl !!!&#x1f385;<\/p>\n\n\n\n<figure class=\"wp-block-image size-large\"><img loading=\"lazy\" decoding=\"async\" width=\"600\" height=\"600\" src=\"https:\/\/ecolecaritas.be\/new\/wp-content\/uploads\/2022\/12\/IMG-20221216-WA0012-600x600.jpg\" alt=\"\" class=\"wp-image-156827\" srcset=\"https:\/\/ecolecaritas.be\/new\/wp-content\/uploads\/2022\/12\/IMG-20221216-WA0012-600x600.jpg 600w, https:\/\/ecolecaritas.be\/new\/wp-content\/uploads\/2022\/12\/IMG-20221216-WA0012-300x300.jpg 300w, https:\/\/ecolecaritas.be\/new\/wp-content\/uploads\/2022\/12\/IMG-20221216-WA0012-150x150.jpg 150w, https:\/\/ecolecaritas.be\/new\/wp-content\/uploads\/2022\/12\/IMG-20221216-WA0012-768x768.jpg 768w, https:\/\/ecolecaritas.be\/new\/wp-content\/uploads\/2022\/12\/IMG-20221216-WA0012-500x500.jpg 500w, https:\/\/ecolecaritas.be\/new\/wp-content\/uploads\/2022\/12\/IMG-20221216-WA0012-400x400.jpg 400w, https:\/\/ecolecaritas.be\/new\/wp-content\/uploads\/2022\/12\/IMG-20221216-WA0012-1536x1536.jpg 1536w, https:\/\/ecolecaritas.be\/new\/wp-content\/uploads\/2022\/12\/IMG-20221216-WA0012.jpg 2048w, https:\/\/ecolecaritas.be\/new\/wp-content\/uploads\/2022\/12\/IMG-20221216-WA0012-1320x1320.jpg 1320w\" sizes=\"auto, (max-width: 600px) 100vw, 600px\" \/><\/figure>\n\n\n\n<figure class=\"wp-block-image size-large\"><img loading=\"lazy\" decoding=\"async\" width=\"600\" height=\"600\" src=\"https:\/\/ecolecaritas.be\/new\/wp-content\/uploads\/2022\/12\/IMG_20221216_102118-600x600.jpg\" alt=\"\" class=\"wp-image-156826\" srcset=\"https:\/\/ecolecaritas.be\/new\/wp-content\/uploads\/2022\/12\/IMG_20221216_102118-600x600.jpg 600w, https:\/\/ecolecaritas.be\/new\/wp-content\/uploads\/2022\/12\/IMG_20221216_102118-300x300.jpg 300w, https:\/\/ecolecaritas.be\/new\/wp-content\/uploads\/2022\/12\/IMG_20221216_102118-150x150.jpg 150w, https:\/\/ecolecaritas.be\/new\/wp-content\/uploads\/2022\/12\/IMG_20221216_102118-768x768.jpg 768w, https:\/\/ecolecaritas.be\/new\/wp-content\/uploads\/2022\/12\/IMG_20221216_102118-500x500.jpg 500w, https:\/\/ecolecaritas.be\/new\/wp-content\/uploads\/2022\/12\/IMG_20221216_102118-400x400.jpg 400w, https:\/\/ecolecaritas.be\/new\/wp-content\/uploads\/2022\/12\/IMG_20221216_102118-1536x1536.jpg 1536w, https:\/\/ecolecaritas.be\/new\/wp-content\/uploads\/2022\/12\/IMG_20221216_102118.jpg 2048w, https:\/\/ecolecaritas.be\/new\/wp-content\/uploads\/2022\/12\/IMG_20221216_102118-1320x1320.jpg 1320w\" sizes=\"auto, (max-width: 600px) 100vw, 600px\" \/><\/figure>\n\n\n\n<figure class=\"wp-block-image size-large\"><img loading=\"lazy\" decoding=\"async\" width=\"600\" height=\"289\" src=\"https:\/\/ecolecaritas.be\/new\/wp-content\/uploads\/2022\/12\/IMG_20221216_100241-600x289.jpg\" alt=\"\" class=\"wp-image-156828\" srcset=\"https:\/\/ecolecaritas.be\/new\/wp-content\/uploads\/2022\/12\/IMG_20221216_100241-600x289.jpg 600w, https:\/\/ecolecaritas.be\/new\/wp-content\/uploads\/2022\/12\/IMG_20221216_100241-300x144.jpg 300w, https:\/\/ecolecaritas.be\/new\/wp-content\/uploads\/2022\/12\/IMG_20221216_100241-768x370.jpg 768w, https:\/\/ecolecaritas.be\/new\/wp-content\/uploads\/2022\/12\/IMG_20221216_100241-1536x740.jpg 1536w, https:\/\/ecolecaritas.be\/new\/wp-content\/uploads\/2022\/12\/IMG_20221216_100241-1320x636.jpg 1320w, https:\/\/ecolecaritas.be\/new\/wp-content\/uploads\/2022\/12\/IMG_20221216_100241.jpg 2048w\" sizes=\"auto, (max-width: 600px) 100vw, 600px\" \/><\/figure>\n\n\n\n<figure class=\"wp-block-image size-large\"><img loading=\"lazy\" decoding=\"async\" width=\"600\" height=\"450\" src=\"https:\/\/ecolecaritas.be\/new\/wp-content\/uploads\/2022\/12\/IMG-20221216-WA0018-600x450.jpg\" alt=\"\" class=\"wp-image-156834\" srcset=\"https:\/\/ecolecaritas.be\/new\/wp-content\/uploads\/2022\/12\/IMG-20221216-WA0018-600x450.jpg 600w, https:\/\/ecolecaritas.be\/new\/wp-content\/uploads\/2022\/12\/IMG-20221216-WA0018-300x225.jpg 300w, https:\/\/ecolecaritas.be\/new\/wp-content\/uploads\/2022\/12\/IMG-20221216-WA0018-768x576.jpg 768w, https:\/\/ecolecaritas.be\/new\/wp-content\/uploads\/2022\/12\/IMG-20221216-WA0018-1536x1152.jpg 1536w, https:\/\/ecolecaritas.be\/new\/wp-content\/uploads\/2022\/12\/IMG-20221216-WA0018-678x509.jpg 678w, https:\/\/ecolecaritas.be\/new\/wp-content\/uploads\/2022\/12\/IMG-20221216-WA0018-326x245.jpg 326w, https:\/\/ecolecaritas.be\/new\/wp-content\/uploads\/2022\/12\/IMG-20221216-WA0018-80x60.jpg 80w, https:\/\/ecolecaritas.be\/new\/wp-content\/uploads\/2022\/12\/IMG-20221216-WA0018-1320x990.jpg 1320w, https:\/\/ecolecaritas.be\/new\/wp-content\/uploads\/2022\/12\/IMG-20221216-WA0018.jpg 2000w\" sizes=\"auto, (max-width: 600px) 100vw, 600px\" \/><\/figure>\n\n\n\n<figure class=\"wp-block-image size-large\"><img loading=\"lazy\" decoding=\"async\" width=\"600\" height=\"450\" src=\"https:\/\/ecolecaritas.be\/new\/wp-content\/uploads\/2022\/12\/IMG-20221216-WA0016-600x450.jpg\" alt=\"\" class=\"wp-image-156835\" srcset=\"https:\/\/ecolecaritas.be\/new\/wp-content\/uploads\/2022\/12\/IMG-20221216-WA0016-600x450.jpg 600w, https:\/\/ecolecaritas.be\/new\/wp-content\/uploads\/2022\/12\/IMG-20221216-WA0016-300x225.jpg 300w, https:\/\/ecolecaritas.be\/new\/wp-content\/uploads\/2022\/12\/IMG-20221216-WA0016-768x576.jpg 768w, https:\/\/ecolecaritas.be\/new\/wp-content\/uploads\/2022\/12\/IMG-20221216-WA0016-1536x1152.jpg 1536w, https:\/\/ecolecaritas.be\/new\/wp-content\/uploads\/2022\/12\/IMG-20221216-WA0016-678x509.jpg 678w, https:\/\/ecolecaritas.be\/new\/wp-content\/uploads\/2022\/12\/IMG-20221216-WA0016-326x245.jpg 326w, https:\/\/ecolecaritas.be\/new\/wp-content\/uploads\/2022\/12\/IMG-20221216-WA0016-80x60.jpg 80w, https:\/\/ecolecaritas.be\/new\/wp-content\/uploads\/2022\/12\/IMG-20221216-WA0016-1320x990.jpg 1320w, https:\/\/ecolecaritas.be\/new\/wp-content\/uploads\/2022\/12\/IMG-20221216-WA0016.jpg 2000w\" sizes=\"auto, (max-width: 600px) 100vw, 600px\" \/><\/figure>\n\n\n\n<figure class=\"wp-block-image size-large\"><img loading=\"lazy\" decoding=\"async\" width=\"600\" height=\"450\" src=\"https:\/\/ecolecaritas.be\/new\/wp-content\/uploads\/2022\/12\/IMG-20221216-WA0021-600x450.jpg\" alt=\"\" class=\"wp-image-156832\" srcset=\"https:\/\/ecolecaritas.be\/new\/wp-content\/uploads\/2022\/12\/IMG-20221216-WA0021-600x450.jpg 600w, https:\/\/ecolecaritas.be\/new\/wp-content\/uploads\/2022\/12\/IMG-20221216-WA0021-300x225.jpg 300w, https:\/\/ecolecaritas.be\/new\/wp-content\/uploads\/2022\/12\/IMG-20221216-WA0021-768x576.jpg 768w, https:\/\/ecolecaritas.be\/new\/wp-content\/uploads\/2022\/12\/IMG-20221216-WA0021-1536x1152.jpg 1536w, https:\/\/ecolecaritas.be\/new\/wp-content\/uploads\/2022\/12\/IMG-20221216-WA0021-678x509.jpg 678w, https:\/\/ecolecaritas.be\/new\/wp-content\/uploads\/2022\/12\/IMG-20221216-WA0021-326x245.jpg 326w, https:\/\/ecolecaritas.be\/new\/wp-content\/uploads\/2022\/12\/IMG-20221216-WA0021-80x60.jpg 80w, https:\/\/ecolecaritas.be\/new\/wp-content\/uploads\/2022\/12\/IMG-20221216-WA0021-1320x990.jpg 1320w, https:\/\/ecolecaritas.be\/new\/wp-content\/uploads\/2022\/12\/IMG-20221216-WA0021.jpg 2000w\" sizes=\"auto, (max-width: 600px) 100vw, 600px\" \/><\/figure>\n\n\n\n<figure class=\"wp-block-image size-large\"><img loading=\"lazy\" decoding=\"async\" width=\"600\" height=\"450\" src=\"https:\/\/ecolecaritas.be\/new\/wp-content\/uploads\/2022\/12\/IMG-20221216-WA0025-600x450.jpg\" alt=\"\" class=\"wp-image-156831\" srcset=\"https:\/\/ecolecaritas.be\/new\/wp-content\/uploads\/2022\/12\/IMG-20221216-WA0025-600x450.jpg 600w, https:\/\/ecolecaritas.be\/new\/wp-content\/uploads\/2022\/12\/IMG-20221216-WA0025-300x225.jpg 300w, https:\/\/ecolecaritas.be\/new\/wp-content\/uploads\/2022\/12\/IMG-20221216-WA0025-768x576.jpg 768w, https:\/\/ecolecaritas.be\/new\/wp-content\/uploads\/2022\/12\/IMG-20221216-WA0025-1536x1152.jpg 1536w, https:\/\/ecolecaritas.be\/new\/wp-content\/uploads\/2022\/12\/IMG-20221216-WA0025-678x509.jpg 678w, https:\/\/ecolecaritas.be\/new\/wp-content\/uploads\/2022\/12\/IMG-20221216-WA0025-326x245.jpg 326w, https:\/\/ecolecaritas.be\/new\/wp-content\/uploads\/2022\/12\/IMG-20221216-WA0025-80x60.jpg 80w, https:\/\/ecolecaritas.be\/new\/wp-content\/uploads\/2022\/12\/IMG-20221216-WA0025-1320x990.jpg 1320w, https:\/\/ecolecaritas.be\/new\/wp-content\/uploads\/2022\/12\/IMG-20221216-WA0025.jpg 2000w\" sizes=\"auto, (max-width: 600px) 100vw, 600px\" \/><\/figure>\n\n\n\n<figure class=\"wp-block-image size-large\"><img loading=\"lazy\" decoding=\"async\" width=\"450\" height=\"600\" src=\"https:\/\/ecolecaritas.be\/new\/wp-content\/uploads\/2022\/12\/IMG-20221216-WA0019-450x600.jpg\" alt=\"\" class=\"wp-image-156833\" srcset=\"https:\/\/ecolecaritas.be\/new\/wp-content\/uploads\/2022\/12\/IMG-20221216-WA0019-450x600.jpg 450w, https:\/\/ecolecaritas.be\/new\/wp-content\/uploads\/2022\/12\/IMG-20221216-WA0019-225x300.jpg 225w, https:\/\/ecolecaritas.be\/new\/wp-content\/uploads\/2022\/12\/IMG-20221216-WA0019-768x1024.jpg 768w, https:\/\/ecolecaritas.be\/new\/wp-content\/uploads\/2022\/12\/IMG-20221216-WA0019-600x800.jpg 600w, https:\/\/ecolecaritas.be\/new\/wp-content\/uploads\/2022\/12\/IMG-20221216-WA0019-1152x1536.jpg 1152w, https:\/\/ecolecaritas.be\/new\/wp-content\/uploads\/2022\/12\/IMG-20221216-WA0019-1320x1760.jpg 1320w, https:\/\/ecolecaritas.be\/new\/wp-content\/uploads\/2022\/12\/IMG-20221216-WA0019.jpg 1500w\" sizes=\"auto, (max-width: 450px) 100vw, 450px\" \/><\/figure>\n\n\n\n<figure class=\"wp-block-image size-large is-resized\"><img loading=\"lazy\" decoding=\"async\" src=\"https:\/\/ecolecaritas.be\/new\/wp-content\/uploads\/2022\/12\/IMG_20221216_114021-600x600.jpg\" alt=\"\" class=\"wp-image-156840\" width=\"377\" height=\"377\" srcset=\"https:\/\/ecolecaritas.be\/new\/wp-content\/uploads\/2022\/12\/IMG_20221216_114021-600x600.jpg 600w, https:\/\/ecolecaritas.be\/new\/wp-content\/uploads\/2022\/12\/IMG_20221216_114021-300x300.jpg 300w, https:\/\/ecolecaritas.be\/new\/wp-content\/uploads\/2022\/12\/IMG_20221216_114021-150x150.jpg 150w, https:\/\/ecolecaritas.be\/new\/wp-content\/uploads\/2022\/12\/IMG_20221216_114021-768x768.jpg 768w, https:\/\/ecolecaritas.be\/new\/wp-content\/uploads\/2022\/12\/IMG_20221216_114021-500x500.jpg 500w, https:\/\/ecolecaritas.be\/new\/wp-content\/uploads\/2022\/12\/IMG_20221216_114021-400x400.jpg 400w, https:\/\/ecolecaritas.be\/new\/wp-content\/uploads\/2022\/12\/IMG_20221216_114021.jpg 1245w\" sizes=\"auto, (max-width: 377px) 100vw, 377px\" \/><\/figure>\n\n\n\n<figure class=\"wp-block-video\"><video height=\"768\" style=\"aspect-ratio: 480 \/ 768;\" width=\"480\" controls src=\"https:\/\/ecolecaritas.be\/new\/wp-content\/uploads\/2022\/12\/VID-20221216-WA0039.mp4\"><\/video><\/figure>\n","protected":false},"excerpt":{"rendered":"<div class=\"mh-excerpt\"><p>Ambiance No\u00ebl \u00e0 Caritas!!! Nous avons mis notre plus beau pull de No\u00ebl !!!&#x1f385;<\/p>\n<\/div>","protected":false},"author":4,"featured_media":156843,"comment_status":"closed","ping_status":"closed","sticky":false,"template":"","format":"standard","meta":{"footnotes":""},"categories":[6],"tags":[],"class_list":["post-156825","post","type-post","status-publish","format-standard","has-post-thumbnail","hentry","category-general"],"_links":{"self":[{"href":"https:\/\/ecolecaritas.be\/new\/wp-json\/wp\/v2\/posts\/156825","targetHints":{"allow":["GET"]}}],"collection":[{"href":"https:\/\/ecolecaritas.be\/new\/wp-json\/wp\/v2\/posts"}],"about":[{"href":"https:\/\/ecolecaritas.be\/new\/wp-json\/wp\/v2\/types\/post"}],"author":[{"embeddable":true,"href":"https:\/\/ecolecaritas.be\/new\/wp-json\/wp\/v2\/users\/4"}],"replies":[{"embeddable":true,"href":"https:\/\/ecolecaritas.be\/new\/wp-json\/wp\/v2\/comments?post=156825"}],"version-history":[{"count":7,"href":"https:\/\/ecolecaritas.be\/new\/wp-json\/wp\/v2\/posts\/156825\/revisions"}],"predecessor-version":[{"id":156860,"href":"https:\/\/ecolecaritas.be\/new\/wp-json\/wp\/v2\/posts\/156825\/revisions\/156860"}],"wp:featuredmedia":[{"embeddable":true,"href":"https:\/\/ecolecaritas.be\/new\/wp-json\/wp\/v2\/media\/156843"}],"wp:attachment":[{"href":"https:\/\/ecolecaritas.be\/new\/wp-json\/wp\/v2\/media?parent=156825"}],"wp:term":[{"taxonomy":"category","embeddable":true,"href":"https:\/\/ecolecaritas.be\/new\/wp-json\/wp\/v2\/categories?post=156825"},{"taxonomy":"post_tag","embeddable":true,"href":"https:\/\/ecolecaritas.be\/new\/wp-json\/wp\/v2\/tags?post=156825"}],"curies":[{"name":"wp","href":"https:\/\/api.w.org\/{rel}","templated":true}]}}