{"id":156894,"date":"2022-12-20T17:41:50","date_gmt":"2022-12-20T16:41:50","guid":{"rendered":"https:\/\/ecolecaritas.be\/new\/?p=156894"},"modified":"2022-12-20T17:41:50","modified_gmt":"2022-12-20T16:41:50","slug":"journee-chaussettes-de-noel","status":"publish","type":"post","link":"https:\/\/ecolecaritas.be\/new\/journee-chaussettes-de-noel\/","title":{"rendered":"Journ\u00e9e chaussettes de No\u00ebl !!&#x1f936;&#x1f384;&#x1f385;&#x1f9e6;"},"content":{"rendered":"\n<p>Aujourd&rsquo;hui, les chaussettes de No\u00ebl \u00e9taient \u00e0 l&rsquo;honneur&#x1f9e6; Bravo \u00e0 tous d&rsquo;avoir jou\u00e9 les lutins jusqu&rsquo;au bout des pieds!&#x1f44f;&#x1f9b6;<\/p>\n\n\n\n<figure class=\"wp-block-image size-large is-resized\"><img loading=\"lazy\" decoding=\"async\" src=\"https:\/\/ecolecaritas.be\/new\/wp-content\/uploads\/2022\/12\/IMG_20221220_142136-338x600.jpg\" alt=\"\" class=\"wp-image-156895\" width=\"377\" height=\"669\" srcset=\"https:\/\/ecolecaritas.be\/new\/wp-content\/uploads\/2022\/12\/IMG_20221220_142136-338x600.jpg 338w, https:\/\/ecolecaritas.be\/new\/wp-content\/uploads\/2022\/12\/IMG_20221220_142136-169x300.jpg 169w, https:\/\/ecolecaritas.be\/new\/wp-content\/uploads\/2022\/12\/IMG_20221220_142136-768x1365.jpg 768w, https:\/\/ecolecaritas.be\/new\/wp-content\/uploads\/2022\/12\/IMG_20221220_142136-600x1067.jpg 600w, https:\/\/ecolecaritas.be\/new\/wp-content\/uploads\/2022\/12\/IMG_20221220_142136-864x1536.jpg 864w, https:\/\/ecolecaritas.be\/new\/wp-content\/uploads\/2022\/12\/IMG_20221220_142136-1152x2048.jpg 1152w, https:\/\/ecolecaritas.be\/new\/wp-content\/uploads\/2022\/12\/IMG_20221220_142136-1320x2347.jpg 1320w, https:\/\/ecolecaritas.be\/new\/wp-content\/uploads\/2022\/12\/IMG_20221220_142136-scaled.jpg 1440w\" sizes=\"auto, (max-width: 377px) 100vw, 377px\" \/><\/figure>\n\n\n\n<figure class=\"wp-block-image size-large is-resized\"><img loading=\"lazy\" decoding=\"async\" src=\"https:\/\/ecolecaritas.be\/new\/wp-content\/uploads\/2022\/12\/IMG_20221220_132002-600x450.jpg\" alt=\"\" class=\"wp-image-156888\" width=\"377\" height=\"282\" srcset=\"https:\/\/ecolecaritas.be\/new\/wp-content\/uploads\/2022\/12\/IMG_20221220_132002-600x450.jpg 600w, https:\/\/ecolecaritas.be\/new\/wp-content\/uploads\/2022\/12\/IMG_20221220_132002-300x225.jpg 300w, https:\/\/ecolecaritas.be\/new\/wp-content\/uploads\/2022\/12\/IMG_20221220_132002-768x576.jpg 768w, https:\/\/ecolecaritas.be\/new\/wp-content\/uploads\/2022\/12\/IMG_20221220_132002-678x509.jpg 678w, https:\/\/ecolecaritas.be\/new\/wp-content\/uploads\/2022\/12\/IMG_20221220_132002-326x245.jpg 326w, https:\/\/ecolecaritas.be\/new\/wp-content\/uploads\/2022\/12\/IMG_20221220_132002-80x60.jpg 80w, https:\/\/ecolecaritas.be\/new\/wp-content\/uploads\/2022\/12\/IMG_20221220_132002.jpg 1024w\" sizes=\"auto, (max-width: 377px) 100vw, 377px\" \/><\/figure>\n\n\n\n<figure class=\"wp-block-image size-large\"><img loading=\"lazy\" decoding=\"async\" width=\"450\" height=\"600\" src=\"https:\/\/ecolecaritas.be\/new\/wp-content\/uploads\/2022\/12\/IMG_20221220_132226-450x600.jpg\" alt=\"\" class=\"wp-image-156893\" srcset=\"https:\/\/ecolecaritas.be\/new\/wp-content\/uploads\/2022\/12\/IMG_20221220_132226-450x600.jpg 450w, https:\/\/ecolecaritas.be\/new\/wp-content\/uploads\/2022\/12\/IMG_20221220_132226-225x300.jpg 225w, https:\/\/ecolecaritas.be\/new\/wp-content\/uploads\/2022\/12\/IMG_20221220_132226-768x1024.jpg 768w, https:\/\/ecolecaritas.be\/new\/wp-content\/uploads\/2022\/12\/IMG_20221220_132226-600x800.jpg 600w, https:\/\/ecolecaritas.be\/new\/wp-content\/uploads\/2022\/12\/IMG_20221220_132226-1152x1536.jpg 1152w, https:\/\/ecolecaritas.be\/new\/wp-content\/uploads\/2022\/12\/IMG_20221220_132226-1320x1760.jpg 1320w, https:\/\/ecolecaritas.be\/new\/wp-content\/uploads\/2022\/12\/IMG_20221220_132226.jpg 1536w\" sizes=\"auto, (max-width: 450px) 100vw, 450px\" \/><\/figure>\n\n\n\n<figure class=\"wp-block-image size-large\"><img loading=\"lazy\" decoding=\"async\" width=\"450\" height=\"600\" src=\"https:\/\/ecolecaritas.be\/new\/wp-content\/uploads\/2022\/12\/IMG_20221220_132400-450x600.jpg\" alt=\"\" class=\"wp-image-156887\" srcset=\"https:\/\/ecolecaritas.be\/new\/wp-content\/uploads\/2022\/12\/IMG_20221220_132400-450x600.jpg 450w, https:\/\/ecolecaritas.be\/new\/wp-content\/uploads\/2022\/12\/IMG_20221220_132400-225x300.jpg 225w, https:\/\/ecolecaritas.be\/new\/wp-content\/uploads\/2022\/12\/IMG_20221220_132400-768x1024.jpg 768w, https:\/\/ecolecaritas.be\/new\/wp-content\/uploads\/2022\/12\/IMG_20221220_132400-600x800.jpg 600w, https:\/\/ecolecaritas.be\/new\/wp-content\/uploads\/2022\/12\/IMG_20221220_132400-1152x1536.jpg 1152w, https:\/\/ecolecaritas.be\/new\/wp-content\/uploads\/2022\/12\/IMG_20221220_132400-1320x1760.jpg 1320w, https:\/\/ecolecaritas.be\/new\/wp-content\/uploads\/2022\/12\/IMG_20221220_132400.jpg 1536w\" sizes=\"auto, (max-width: 450px) 100vw, 450px\" \/><\/figure>\n\n\n\n<figure class=\"wp-block-image size-large\"><img loading=\"lazy\" decoding=\"async\" width=\"450\" height=\"600\" src=\"https:\/\/ecolecaritas.be\/new\/wp-content\/uploads\/2022\/12\/IMG_20221220_142423-450x600.jpg\" alt=\"\" class=\"wp-image-156885\" srcset=\"https:\/\/ecolecaritas.be\/new\/wp-content\/uploads\/2022\/12\/IMG_20221220_142423-450x600.jpg 450w, https:\/\/ecolecaritas.be\/new\/wp-content\/uploads\/2022\/12\/IMG_20221220_142423-225x300.jpg 225w, https:\/\/ecolecaritas.be\/new\/wp-content\/uploads\/2022\/12\/IMG_20221220_142423-768x1024.jpg 768w, https:\/\/ecolecaritas.be\/new\/wp-content\/uploads\/2022\/12\/IMG_20221220_142423-600x800.jpg 600w, https:\/\/ecolecaritas.be\/new\/wp-content\/uploads\/2022\/12\/IMG_20221220_142423-1152x1536.jpg 1152w, https:\/\/ecolecaritas.be\/new\/wp-content\/uploads\/2022\/12\/IMG_20221220_142423-1320x1760.jpg 1320w, https:\/\/ecolecaritas.be\/new\/wp-content\/uploads\/2022\/12\/IMG_20221220_142423.jpg 1536w\" sizes=\"auto, (max-width: 450px) 100vw, 450px\" \/><\/figure>\n\n\n\n<figure class=\"wp-block-image size-large\"><img loading=\"lazy\" decoding=\"async\" width=\"450\" height=\"600\" src=\"https:\/\/ecolecaritas.be\/new\/wp-content\/uploads\/2022\/12\/IMG_20221220_132801-450x600.jpg\" alt=\"\" class=\"wp-image-156886\" srcset=\"https:\/\/ecolecaritas.be\/new\/wp-content\/uploads\/2022\/12\/IMG_20221220_132801-450x600.jpg 450w, https:\/\/ecolecaritas.be\/new\/wp-content\/uploads\/2022\/12\/IMG_20221220_132801-225x300.jpg 225w, https:\/\/ecolecaritas.be\/new\/wp-content\/uploads\/2022\/12\/IMG_20221220_132801-600x800.jpg 600w, https:\/\/ecolecaritas.be\/new\/wp-content\/uploads\/2022\/12\/IMG_20221220_132801.jpg 768w\" sizes=\"auto, (max-width: 450px) 100vw, 450px\" \/><\/figure>\n\n\n\n<figure class=\"wp-block-image size-large\"><img loading=\"lazy\" decoding=\"async\" width=\"600\" height=\"450\" src=\"https:\/\/ecolecaritas.be\/new\/wp-content\/uploads\/2022\/12\/IMG-20221220-WA0011-600x450.jpg\" alt=\"\" class=\"wp-image-156889\" srcset=\"https:\/\/ecolecaritas.be\/new\/wp-content\/uploads\/2022\/12\/IMG-20221220-WA0011-600x450.jpg 600w, https:\/\/ecolecaritas.be\/new\/wp-content\/uploads\/2022\/12\/IMG-20221220-WA0011-300x225.jpg 300w, https:\/\/ecolecaritas.be\/new\/wp-content\/uploads\/2022\/12\/IMG-20221220-WA0011-768x576.jpg 768w, https:\/\/ecolecaritas.be\/new\/wp-content\/uploads\/2022\/12\/IMG-20221220-WA0011-1536x1152.jpg 1536w, https:\/\/ecolecaritas.be\/new\/wp-content\/uploads\/2022\/12\/IMG-20221220-WA0011-678x509.jpg 678w, https:\/\/ecolecaritas.be\/new\/wp-content\/uploads\/2022\/12\/IMG-20221220-WA0011-326x245.jpg 326w, https:\/\/ecolecaritas.be\/new\/wp-content\/uploads\/2022\/12\/IMG-20221220-WA0011-80x60.jpg 80w, https:\/\/ecolecaritas.be\/new\/wp-content\/uploads\/2022\/12\/IMG-20221220-WA0011-1320x990.jpg 1320w, https:\/\/ecolecaritas.be\/new\/wp-content\/uploads\/2022\/12\/IMG-20221220-WA0011.jpg 2048w\" sizes=\"auto, (max-width: 600px) 100vw, 600px\" \/><\/figure>\n\n\n\n<p><\/p>\n\n\n\n<figure class=\"wp-block-image size-large\"><img loading=\"lazy\" decoding=\"async\" width=\"450\" height=\"600\" src=\"https:\/\/ecolecaritas.be\/new\/wp-content\/uploads\/2022\/12\/IMG-20221220-WA0001-450x600.jpg\" alt=\"\" class=\"wp-image-156891\" srcset=\"https:\/\/ecolecaritas.be\/new\/wp-content\/uploads\/2022\/12\/IMG-20221220-WA0001-450x600.jpg 450w, https:\/\/ecolecaritas.be\/new\/wp-content\/uploads\/2022\/12\/IMG-20221220-WA0001-225x300.jpg 225w, https:\/\/ecolecaritas.be\/new\/wp-content\/uploads\/2022\/12\/IMG-20221220-WA0001-768x1024.jpg 768w, https:\/\/ecolecaritas.be\/new\/wp-content\/uploads\/2022\/12\/IMG-20221220-WA0001-600x800.jpg 600w, https:\/\/ecolecaritas.be\/new\/wp-content\/uploads\/2022\/12\/IMG-20221220-WA0001-1152x1536.jpg 1152w, https:\/\/ecolecaritas.be\/new\/wp-content\/uploads\/2022\/12\/IMG-20221220-WA0001-1320x1760.jpg 1320w, https:\/\/ecolecaritas.be\/new\/wp-content\/uploads\/2022\/12\/IMG-20221220-WA0001.jpg 1500w\" sizes=\"auto, (max-width: 450px) 100vw, 450px\" \/><\/figure>\n\n\n\n<figure class=\"wp-block-image size-large is-resized\"><img loading=\"lazy\" decoding=\"async\" src=\"https:\/\/ecolecaritas.be\/new\/wp-content\/uploads\/2022\/12\/IMG-20221220-WA0000-450x600.jpg\" alt=\"\" class=\"wp-image-156890\" width=\"446\" height=\"594\" srcset=\"https:\/\/ecolecaritas.be\/new\/wp-content\/uploads\/2022\/12\/IMG-20221220-WA0000-450x600.jpg 450w, https:\/\/ecolecaritas.be\/new\/wp-content\/uploads\/2022\/12\/IMG-20221220-WA0000-225x300.jpg 225w, https:\/\/ecolecaritas.be\/new\/wp-content\/uploads\/2022\/12\/IMG-20221220-WA0000-600x800.jpg 600w, https:\/\/ecolecaritas.be\/new\/wp-content\/uploads\/2022\/12\/IMG-20221220-WA0000.jpg 768w\" sizes=\"auto, (max-width: 446px) 100vw, 446px\" \/><\/figure>\n\n\n\n<figure class=\"wp-block-image size-large\"><img loading=\"lazy\" decoding=\"async\" width=\"600\" height=\"600\" src=\"https:\/\/ecolecaritas.be\/new\/wp-content\/uploads\/2022\/12\/IMG_20221220_165652-600x600.jpg\" alt=\"\" class=\"wp-image-156901\" srcset=\"https:\/\/ecolecaritas.be\/new\/wp-content\/uploads\/2022\/12\/IMG_20221220_165652-600x601.jpg 600w, https:\/\/ecolecaritas.be\/new\/wp-content\/uploads\/2022\/12\/IMG_20221220_165652-300x300.jpg 300w, https:\/\/ecolecaritas.be\/new\/wp-content\/uploads\/2022\/12\/IMG_20221220_165652-150x150.jpg 150w, https:\/\/ecolecaritas.be\/new\/wp-content\/uploads\/2022\/12\/IMG_20221220_165652-768x769.jpg 768w, https:\/\/ecolecaritas.be\/new\/wp-content\/uploads\/2022\/12\/IMG_20221220_165652-500x500.jpg 500w, https:\/\/ecolecaritas.be\/new\/wp-content\/uploads\/2022\/12\/IMG_20221220_165652-400x400.jpg 400w, https:\/\/ecolecaritas.be\/new\/wp-content\/uploads\/2022\/12\/IMG_20221220_165652-1536x1536.jpg 1536w, https:\/\/ecolecaritas.be\/new\/wp-content\/uploads\/2022\/12\/IMG_20221220_165652-2046x2048.jpg 2046w, https:\/\/ecolecaritas.be\/new\/wp-content\/uploads\/2022\/12\/IMG_20221220_165652-1320x1321.jpg 1320w\" sizes=\"auto, (max-width: 600px) 100vw, 600px\" \/><\/figure>\n\n\n\n<figure class=\"wp-block-image size-large\"><img loading=\"lazy\" decoding=\"async\" width=\"600\" height=\"600\" src=\"https:\/\/ecolecaritas.be\/new\/wp-content\/uploads\/2022\/12\/IMG_20221220_165516-600x600.jpg\" alt=\"\" class=\"wp-image-156902\" srcset=\"https:\/\/ecolecaritas.be\/new\/wp-content\/uploads\/2022\/12\/IMG_20221220_165516-600x601.jpg 600w, https:\/\/ecolecaritas.be\/new\/wp-content\/uploads\/2022\/12\/IMG_20221220_165516-300x300.jpg 300w, https:\/\/ecolecaritas.be\/new\/wp-content\/uploads\/2022\/12\/IMG_20221220_165516-150x150.jpg 150w, https:\/\/ecolecaritas.be\/new\/wp-content\/uploads\/2022\/12\/IMG_20221220_165516-768x769.jpg 768w, https:\/\/ecolecaritas.be\/new\/wp-content\/uploads\/2022\/12\/IMG_20221220_165516-500x500.jpg 500w, https:\/\/ecolecaritas.be\/new\/wp-content\/uploads\/2022\/12\/IMG_20221220_165516-400x400.jpg 400w, https:\/\/ecolecaritas.be\/new\/wp-content\/uploads\/2022\/12\/IMG_20221220_165516-1536x1536.jpg 1536w, https:\/\/ecolecaritas.be\/new\/wp-content\/uploads\/2022\/12\/IMG_20221220_165516-2046x2048.jpg 2046w, https:\/\/ecolecaritas.be\/new\/wp-content\/uploads\/2022\/12\/IMG_20221220_165516-1320x1321.jpg 1320w\" sizes=\"auto, (max-width: 600px) 100vw, 600px\" \/><\/figure>\n","protected":false},"excerpt":{"rendered":"<div class=\"mh-excerpt\"><p>Aujourd&rsquo;hui, les chaussettes de No\u00ebl \u00e9taient \u00e0 l&rsquo;honneur&#x1f9e6; Bravo \u00e0 tous d&rsquo;avoir jou\u00e9 les lutins jusqu&rsquo;au bout des pieds!&#x1f44f;&#x1f9b6;<\/p>\n<\/div>","protected":false},"author":4,"featured_media":156898,"comment_status":"closed","ping_status":"closed","sticky":false,"template":"","format":"standard","meta":{"footnotes":""},"categories":[6],"tags":[],"class_list":["post-156894","post","type-post","status-publish","format-standard","has-post-thumbnail","hentry","category-general"],"_links":{"self":[{"href":"https:\/\/ecolecaritas.be\/new\/wp-json\/wp\/v2\/posts\/156894","targetHints":{"allow":["GET"]}}],"collection":[{"href":"https:\/\/ecolecaritas.be\/new\/wp-json\/wp\/v2\/posts"}],"about":[{"href":"https:\/\/ecolecaritas.be\/new\/wp-json\/wp\/v2\/types\/post"}],"author":[{"embeddable":true,"href":"https:\/\/ecolecaritas.be\/new\/wp-json\/wp\/v2\/users\/4"}],"replies":[{"embeddable":true,"href":"https:\/\/ecolecaritas.be\/new\/wp-json\/wp\/v2\/comments?post=156894"}],"version-history":[{"count":4,"href":"https:\/\/ecolecaritas.be\/new\/wp-json\/wp\/v2\/posts\/156894\/revisions"}],"predecessor-version":[{"id":156909,"href":"https:\/\/ecolecaritas.be\/new\/wp-json\/wp\/v2\/posts\/156894\/revisions\/156909"}],"wp:featuredmedia":[{"embeddable":true,"href":"https:\/\/ecolecaritas.be\/new\/wp-json\/wp\/v2\/media\/156898"}],"wp:attachment":[{"href":"https:\/\/ecolecaritas.be\/new\/wp-json\/wp\/v2\/media?parent=156894"}],"wp:term":[{"taxonomy":"category","embeddable":true,"href":"https:\/\/ecolecaritas.be\/new\/wp-json\/wp\/v2\/categories?post=156894"},{"taxonomy":"post_tag","embeddable":true,"href":"https:\/\/ecolecaritas.be\/new\/wp-json\/wp\/v2\/tags?post=156894"}],"curies":[{"name":"wp","href":"https:\/\/api.w.org\/{rel}","templated":true}]}}