{"id":156918,"date":"2022-12-21T09:13:26","date_gmt":"2022-12-21T08:13:26","guid":{"rendered":"https:\/\/ecolecaritas.be\/new\/?p=156918"},"modified":"2022-12-21T09:13:26","modified_gmt":"2022-12-21T08:13:26","slug":"les-p6-visitent-lexposition-plus-jamais-ca-une-journee-pleine-demotions","status":"publish","type":"post","link":"https:\/\/ecolecaritas.be\/new\/les-p6-visitent-lexposition-plus-jamais-ca-une-journee-pleine-demotions\/","title":{"rendered":"Les P6 visitent l&rsquo;exposition \u00ab\u00a0Plus jamais \u00e7a\u00a0\u00bb : une journ\u00e9e pleine d&rsquo;\u00e9motions."},"content":{"rendered":"\n<p>Ce mardi 20\/12, les P6 se sont rendus \u00e0 Li\u00e8ge et ont pu d\u00e9couvrir l&rsquo;exposition permanente qui explique la Deuxi\u00e8me Guerre Mondiale, la mont\u00e9e du nazisme et les camps de concentration.<br>Ils termineront cette visite avec un mot en t\u00eate : R\u00c9SISTANCE.<br>Cette sortie est organis\u00e9e tous les ans par le centre culturel de Beauvechain pour les \u00e9l\u00e8ves de P6 de la Commune. Une tr\u00e8s belle initiative salu\u00e9e par les \u00e9coles, les professeurs et les \u00e9l\u00e8ves.&#x1f917;<\/p>\n\n\n\n<figure class=\"wp-block-image size-large\"><img loading=\"lazy\" decoding=\"async\" width=\"600\" height=\"450\" src=\"https:\/\/ecolecaritas.be\/new\/wp-content\/uploads\/2022\/12\/IMG-20221220-WA0022-600x450.jpg\" alt=\"\" class=\"wp-image-156915\" srcset=\"https:\/\/ecolecaritas.be\/new\/wp-content\/uploads\/2022\/12\/IMG-20221220-WA0022-600x450.jpg 600w, https:\/\/ecolecaritas.be\/new\/wp-content\/uploads\/2022\/12\/IMG-20221220-WA0022-300x225.jpg 300w, https:\/\/ecolecaritas.be\/new\/wp-content\/uploads\/2022\/12\/IMG-20221220-WA0022-768x576.jpg 768w, https:\/\/ecolecaritas.be\/new\/wp-content\/uploads\/2022\/12\/IMG-20221220-WA0022-1536x1152.jpg 1536w, https:\/\/ecolecaritas.be\/new\/wp-content\/uploads\/2022\/12\/IMG-20221220-WA0022-678x509.jpg 678w, https:\/\/ecolecaritas.be\/new\/wp-content\/uploads\/2022\/12\/IMG-20221220-WA0022-326x245.jpg 326w, https:\/\/ecolecaritas.be\/new\/wp-content\/uploads\/2022\/12\/IMG-20221220-WA0022-80x60.jpg 80w, https:\/\/ecolecaritas.be\/new\/wp-content\/uploads\/2022\/12\/IMG-20221220-WA0022-1320x990.jpg 1320w, https:\/\/ecolecaritas.be\/new\/wp-content\/uploads\/2022\/12\/IMG-20221220-WA0022.jpg 2048w\" sizes=\"auto, (max-width: 600px) 100vw, 600px\" \/><\/figure>\n\n\n\n<figure class=\"wp-block-image size-large\"><img loading=\"lazy\" decoding=\"async\" width=\"600\" height=\"450\" src=\"https:\/\/ecolecaritas.be\/new\/wp-content\/uploads\/2022\/12\/IMG-20221220-WA0021-600x450.jpg\" alt=\"\" class=\"wp-image-156914\" srcset=\"https:\/\/ecolecaritas.be\/new\/wp-content\/uploads\/2022\/12\/IMG-20221220-WA0021-600x450.jpg 600w, https:\/\/ecolecaritas.be\/new\/wp-content\/uploads\/2022\/12\/IMG-20221220-WA0021-300x225.jpg 300w, https:\/\/ecolecaritas.be\/new\/wp-content\/uploads\/2022\/12\/IMG-20221220-WA0021-768x576.jpg 768w, https:\/\/ecolecaritas.be\/new\/wp-content\/uploads\/2022\/12\/IMG-20221220-WA0021-1536x1152.jpg 1536w, https:\/\/ecolecaritas.be\/new\/wp-content\/uploads\/2022\/12\/IMG-20221220-WA0021-678x509.jpg 678w, https:\/\/ecolecaritas.be\/new\/wp-content\/uploads\/2022\/12\/IMG-20221220-WA0021-326x245.jpg 326w, https:\/\/ecolecaritas.be\/new\/wp-content\/uploads\/2022\/12\/IMG-20221220-WA0021-80x60.jpg 80w, https:\/\/ecolecaritas.be\/new\/wp-content\/uploads\/2022\/12\/IMG-20221220-WA0021-1320x990.jpg 1320w, https:\/\/ecolecaritas.be\/new\/wp-content\/uploads\/2022\/12\/IMG-20221220-WA0021.jpg 2048w\" sizes=\"auto, (max-width: 600px) 100vw, 600px\" \/><\/figure>\n\n\n\n<figure class=\"wp-block-image size-large\"><img loading=\"lazy\" decoding=\"async\" width=\"600\" height=\"238\" src=\"https:\/\/ecolecaritas.be\/new\/wp-content\/uploads\/2022\/12\/IMG-20221220-WA0024-600x238.jpg\" alt=\"\" class=\"wp-image-156913\" srcset=\"https:\/\/ecolecaritas.be\/new\/wp-content\/uploads\/2022\/12\/IMG-20221220-WA0024-600x238.jpg 600w, https:\/\/ecolecaritas.be\/new\/wp-content\/uploads\/2022\/12\/IMG-20221220-WA0024-300x119.jpg 300w, https:\/\/ecolecaritas.be\/new\/wp-content\/uploads\/2022\/12\/IMG-20221220-WA0024-768x305.jpg 768w, https:\/\/ecolecaritas.be\/new\/wp-content\/uploads\/2022\/12\/IMG-20221220-WA0024-1536x609.jpg 1536w, https:\/\/ecolecaritas.be\/new\/wp-content\/uploads\/2022\/12\/IMG-20221220-WA0024-1320x523.jpg 1320w, https:\/\/ecolecaritas.be\/new\/wp-content\/uploads\/2022\/12\/IMG-20221220-WA0024.jpg 2048w\" sizes=\"auto, (max-width: 600px) 100vw, 600px\" \/><\/figure>\n\n\n\n<figure class=\"wp-block-image size-large\"><img loading=\"lazy\" decoding=\"async\" width=\"450\" height=\"600\" src=\"https:\/\/ecolecaritas.be\/new\/wp-content\/uploads\/2022\/12\/IMG-20221220-WA0025-450x600.jpg\" alt=\"\" class=\"wp-image-156912\" srcset=\"https:\/\/ecolecaritas.be\/new\/wp-content\/uploads\/2022\/12\/IMG-20221220-WA0025-450x600.jpg 450w, https:\/\/ecolecaritas.be\/new\/wp-content\/uploads\/2022\/12\/IMG-20221220-WA0025-225x300.jpg 225w, https:\/\/ecolecaritas.be\/new\/wp-content\/uploads\/2022\/12\/IMG-20221220-WA0025-600x800.jpg 600w, https:\/\/ecolecaritas.be\/new\/wp-content\/uploads\/2022\/12\/IMG-20221220-WA0025.jpg 768w\" sizes=\"auto, (max-width: 450px) 100vw, 450px\" \/><\/figure>\n\n\n\n<figure class=\"wp-block-image size-large\"><img loading=\"lazy\" decoding=\"async\" width=\"600\" height=\"450\" src=\"https:\/\/ecolecaritas.be\/new\/wp-content\/uploads\/2022\/12\/IMG-20221220-WA0026-600x450.jpg\" alt=\"\" class=\"wp-image-156911\" srcset=\"https:\/\/ecolecaritas.be\/new\/wp-content\/uploads\/2022\/12\/IMG-20221220-WA0026-600x450.jpg 600w, https:\/\/ecolecaritas.be\/new\/wp-content\/uploads\/2022\/12\/IMG-20221220-WA0026-300x225.jpg 300w, https:\/\/ecolecaritas.be\/new\/wp-content\/uploads\/2022\/12\/IMG-20221220-WA0026-768x576.jpg 768w, https:\/\/ecolecaritas.be\/new\/wp-content\/uploads\/2022\/12\/IMG-20221220-WA0026-678x509.jpg 678w, https:\/\/ecolecaritas.be\/new\/wp-content\/uploads\/2022\/12\/IMG-20221220-WA0026-326x245.jpg 326w, https:\/\/ecolecaritas.be\/new\/wp-content\/uploads\/2022\/12\/IMG-20221220-WA0026-80x60.jpg 80w, https:\/\/ecolecaritas.be\/new\/wp-content\/uploads\/2022\/12\/IMG-20221220-WA0026.jpg 1024w\" sizes=\"auto, (max-width: 600px) 100vw, 600px\" \/><\/figure>\n\n\n\n<figure class=\"wp-block-image size-large is-resized\"><img loading=\"lazy\" decoding=\"async\" src=\"https:\/\/ecolecaritas.be\/new\/wp-content\/uploads\/2022\/12\/IMG-20221220-WA0027-600x450.jpg\" alt=\"\" class=\"wp-image-156910\" width=\"377\" height=\"282\" srcset=\"https:\/\/ecolecaritas.be\/new\/wp-content\/uploads\/2022\/12\/IMG-20221220-WA0027-600x450.jpg 600w, https:\/\/ecolecaritas.be\/new\/wp-content\/uploads\/2022\/12\/IMG-20221220-WA0027-300x225.jpg 300w, https:\/\/ecolecaritas.be\/new\/wp-content\/uploads\/2022\/12\/IMG-20221220-WA0027-768x576.jpg 768w, https:\/\/ecolecaritas.be\/new\/wp-content\/uploads\/2022\/12\/IMG-20221220-WA0027-678x509.jpg 678w, https:\/\/ecolecaritas.be\/new\/wp-content\/uploads\/2022\/12\/IMG-20221220-WA0027-326x245.jpg 326w, https:\/\/ecolecaritas.be\/new\/wp-content\/uploads\/2022\/12\/IMG-20221220-WA0027-80x60.jpg 80w, https:\/\/ecolecaritas.be\/new\/wp-content\/uploads\/2022\/12\/IMG-20221220-WA0027.jpg 1024w\" sizes=\"auto, (max-width: 377px) 100vw, 377px\" \/><\/figure>\n\n\n\n<figure class=\"wp-block-image size-large\"><img loading=\"lazy\" decoding=\"async\" width=\"600\" height=\"450\" src=\"https:\/\/ecolecaritas.be\/new\/wp-content\/uploads\/2022\/12\/IMG-20221220-WA0028-600x450.jpg\" alt=\"\" class=\"wp-image-156917\" srcset=\"https:\/\/ecolecaritas.be\/new\/wp-content\/uploads\/2022\/12\/IMG-20221220-WA0028-600x450.jpg 600w, https:\/\/ecolecaritas.be\/new\/wp-content\/uploads\/2022\/12\/IMG-20221220-WA0028-300x225.jpg 300w, https:\/\/ecolecaritas.be\/new\/wp-content\/uploads\/2022\/12\/IMG-20221220-WA0028-768x576.jpg 768w, https:\/\/ecolecaritas.be\/new\/wp-content\/uploads\/2022\/12\/IMG-20221220-WA0028-1536x1152.jpg 1536w, https:\/\/ecolecaritas.be\/new\/wp-content\/uploads\/2022\/12\/IMG-20221220-WA0028-678x509.jpg 678w, https:\/\/ecolecaritas.be\/new\/wp-content\/uploads\/2022\/12\/IMG-20221220-WA0028-326x245.jpg 326w, https:\/\/ecolecaritas.be\/new\/wp-content\/uploads\/2022\/12\/IMG-20221220-WA0028-80x60.jpg 80w, https:\/\/ecolecaritas.be\/new\/wp-content\/uploads\/2022\/12\/IMG-20221220-WA0028-1320x990.jpg 1320w, https:\/\/ecolecaritas.be\/new\/wp-content\/uploads\/2022\/12\/IMG-20221220-WA0028.jpg 2048w\" sizes=\"auto, (max-width: 600px) 100vw, 600px\" \/><\/figure>\n","protected":false},"excerpt":{"rendered":"<div class=\"mh-excerpt\"><p>Ce mardi 20\/12, les P6 se sont rendus \u00e0 Li\u00e8ge et ont pu d\u00e9couvrir l&rsquo;exposition permanente qui explique la Deuxi\u00e8me Guerre Mondiale, la mont\u00e9e du <a class=\"mh-excerpt-more\" href=\"https:\/\/ecolecaritas.be\/new\/les-p6-visitent-lexposition-plus-jamais-ca-une-journee-pleine-demotions\/\" title=\"Les P6 visitent l&rsquo;exposition \u00ab\u00a0Plus jamais \u00e7a\u00a0\u00bb : une journ\u00e9e pleine d&rsquo;\u00e9motions.\">[&#8230;]<\/a><\/p>\n<\/div>","protected":false},"author":4,"featured_media":156916,"comment_status":"closed","ping_status":"closed","sticky":false,"template":"","format":"standard","meta":{"footnotes":""},"categories":[10],"tags":[],"class_list":["post-156918","post","type-post","status-publish","format-standard","has-post-thumbnail","hentry","category-p56"],"_links":{"self":[{"href":"https:\/\/ecolecaritas.be\/new\/wp-json\/wp\/v2\/posts\/156918","targetHints":{"allow":["GET"]}}],"collection":[{"href":"https:\/\/ecolecaritas.be\/new\/wp-json\/wp\/v2\/posts"}],"about":[{"href":"https:\/\/ecolecaritas.be\/new\/wp-json\/wp\/v2\/types\/post"}],"author":[{"embeddable":true,"href":"https:\/\/ecolecaritas.be\/new\/wp-json\/wp\/v2\/users\/4"}],"replies":[{"embeddable":true,"href":"https:\/\/ecolecaritas.be\/new\/wp-json\/wp\/v2\/comments?post=156918"}],"version-history":[{"count":4,"href":"https:\/\/ecolecaritas.be\/new\/wp-json\/wp\/v2\/posts\/156918\/revisions"}],"predecessor-version":[{"id":156924,"href":"https:\/\/ecolecaritas.be\/new\/wp-json\/wp\/v2\/posts\/156918\/revisions\/156924"}],"wp:featuredmedia":[{"embeddable":true,"href":"https:\/\/ecolecaritas.be\/new\/wp-json\/wp\/v2\/media\/156916"}],"wp:attachment":[{"href":"https:\/\/ecolecaritas.be\/new\/wp-json\/wp\/v2\/media?parent=156918"}],"wp:term":[{"taxonomy":"category","embeddable":true,"href":"https:\/\/ecolecaritas.be\/new\/wp-json\/wp\/v2\/categories?post=156918"},{"taxonomy":"post_tag","embeddable":true,"href":"https:\/\/ecolecaritas.be\/new\/wp-json\/wp\/v2\/tags?post=156918"}],"curies":[{"name":"wp","href":"https:\/\/api.w.org\/{rel}","templated":true}]}}