{"id":156937,"date":"2022-12-21T19:51:56","date_gmt":"2022-12-21T18:51:56","guid":{"rendered":"https:\/\/ecolecaritas.be\/new\/?p=156937"},"modified":"2022-12-21T19:51:56","modified_gmt":"2022-12-21T18:51:56","slug":"chacun-son-accessoire-de-noel-%f0%9f%8e%85%f0%9f%8e%84","status":"publish","type":"post","link":"https:\/\/ecolecaritas.be\/new\/chacun-son-accessoire-de-noel-%f0%9f%8e%85%f0%9f%8e%84\/","title":{"rendered":"Chacun son accessoire de No\u00ebl !&#x1f385;&#x1f384;"},"content":{"rendered":"\n<p>No\u00ebl est aussi dans les d\u00e9tails. Bravo \u00e0 tous pour la vari\u00e9t\u00e9 des accessoires aux couleurs de No\u00ebl port\u00e9s aujourd&rsquo;hui. La magie s&rsquo;installe \u00e0 Caritas. Ho ho ho&#x1f384;<\/p>\n\n\n\n<figure class=\"wp-block-image size-large\"><img loading=\"lazy\" decoding=\"async\" width=\"600\" height=\"338\" src=\"https:\/\/ecolecaritas.be\/new\/wp-content\/uploads\/2022\/12\/IMG_20221221_103548-600x338.jpg\" alt=\"\" class=\"wp-image-156936\" srcset=\"https:\/\/ecolecaritas.be\/new\/wp-content\/uploads\/2022\/12\/IMG_20221221_103548-600x338.jpg 600w, https:\/\/ecolecaritas.be\/new\/wp-content\/uploads\/2022\/12\/IMG_20221221_103548-300x169.jpg 300w, https:\/\/ecolecaritas.be\/new\/wp-content\/uploads\/2022\/12\/IMG_20221221_103548-768x432.jpg 768w, https:\/\/ecolecaritas.be\/new\/wp-content\/uploads\/2022\/12\/IMG_20221221_103548-1536x864.jpg 1536w, https:\/\/ecolecaritas.be\/new\/wp-content\/uploads\/2022\/12\/IMG_20221221_103548-2048x1152.jpg 2048w, https:\/\/ecolecaritas.be\/new\/wp-content\/uploads\/2022\/12\/IMG_20221221_103548-678x381.jpg 678w, https:\/\/ecolecaritas.be\/new\/wp-content\/uploads\/2022\/12\/IMG_20221221_103548-1320x743.jpg 1320w\" sizes=\"auto, (max-width: 600px) 100vw, 600px\" \/><\/figure>\n\n\n\n<figure class=\"wp-block-image size-large\"><img loading=\"lazy\" decoding=\"async\" width=\"600\" height=\"338\" src=\"https:\/\/ecolecaritas.be\/new\/wp-content\/uploads\/2022\/12\/IMG_20221221_094210-600x338.jpg\" alt=\"\" class=\"wp-image-156935\" srcset=\"https:\/\/ecolecaritas.be\/new\/wp-content\/uploads\/2022\/12\/IMG_20221221_094210-600x338.jpg 600w, https:\/\/ecolecaritas.be\/new\/wp-content\/uploads\/2022\/12\/IMG_20221221_094210-300x169.jpg 300w, https:\/\/ecolecaritas.be\/new\/wp-content\/uploads\/2022\/12\/IMG_20221221_094210-768x432.jpg 768w, https:\/\/ecolecaritas.be\/new\/wp-content\/uploads\/2022\/12\/IMG_20221221_094210-1536x864.jpg 1536w, https:\/\/ecolecaritas.be\/new\/wp-content\/uploads\/2022\/12\/IMG_20221221_094210-2048x1152.jpg 2048w, https:\/\/ecolecaritas.be\/new\/wp-content\/uploads\/2022\/12\/IMG_20221221_094210-678x381.jpg 678w, https:\/\/ecolecaritas.be\/new\/wp-content\/uploads\/2022\/12\/IMG_20221221_094210-1320x743.jpg 1320w\" sizes=\"auto, (max-width: 600px) 100vw, 600px\" \/><\/figure>\n\n\n\n<figure class=\"wp-block-image size-large\"><img loading=\"lazy\" decoding=\"async\" width=\"600\" height=\"338\" src=\"https:\/\/ecolecaritas.be\/new\/wp-content\/uploads\/2022\/12\/IMG_20221221_104128-600x338.jpg\" alt=\"\" class=\"wp-image-156933\" srcset=\"https:\/\/ecolecaritas.be\/new\/wp-content\/uploads\/2022\/12\/IMG_20221221_104128-600x338.jpg 600w, https:\/\/ecolecaritas.be\/new\/wp-content\/uploads\/2022\/12\/IMG_20221221_104128-300x169.jpg 300w, https:\/\/ecolecaritas.be\/new\/wp-content\/uploads\/2022\/12\/IMG_20221221_104128-768x432.jpg 768w, https:\/\/ecolecaritas.be\/new\/wp-content\/uploads\/2022\/12\/IMG_20221221_104128-1536x864.jpg 1536w, https:\/\/ecolecaritas.be\/new\/wp-content\/uploads\/2022\/12\/IMG_20221221_104128-2048x1152.jpg 2048w, https:\/\/ecolecaritas.be\/new\/wp-content\/uploads\/2022\/12\/IMG_20221221_104128-678x381.jpg 678w, https:\/\/ecolecaritas.be\/new\/wp-content\/uploads\/2022\/12\/IMG_20221221_104128-1320x743.jpg 1320w\" sizes=\"auto, (max-width: 600px) 100vw, 600px\" \/><\/figure>\n\n\n\n<figure class=\"wp-block-image size-large\"><img loading=\"lazy\" decoding=\"async\" width=\"600\" height=\"338\" src=\"https:\/\/ecolecaritas.be\/new\/wp-content\/uploads\/2022\/12\/IMG_20221221_104110-600x338.jpg\" alt=\"\" class=\"wp-image-156934\" srcset=\"https:\/\/ecolecaritas.be\/new\/wp-content\/uploads\/2022\/12\/IMG_20221221_104110-600x338.jpg 600w, https:\/\/ecolecaritas.be\/new\/wp-content\/uploads\/2022\/12\/IMG_20221221_104110-300x169.jpg 300w, https:\/\/ecolecaritas.be\/new\/wp-content\/uploads\/2022\/12\/IMG_20221221_104110-768x432.jpg 768w, https:\/\/ecolecaritas.be\/new\/wp-content\/uploads\/2022\/12\/IMG_20221221_104110-1536x864.jpg 1536w, https:\/\/ecolecaritas.be\/new\/wp-content\/uploads\/2022\/12\/IMG_20221221_104110-2048x1152.jpg 2048w, https:\/\/ecolecaritas.be\/new\/wp-content\/uploads\/2022\/12\/IMG_20221221_104110-678x381.jpg 678w, https:\/\/ecolecaritas.be\/new\/wp-content\/uploads\/2022\/12\/IMG_20221221_104110-1320x743.jpg 1320w\" sizes=\"auto, (max-width: 600px) 100vw, 600px\" \/><\/figure>\n\n\n\n<p><\/p>\n\n\n\n<figure class=\"wp-block-image size-large\"><img loading=\"lazy\" decoding=\"async\" width=\"600\" height=\"450\" src=\"https:\/\/ecolecaritas.be\/new\/wp-content\/uploads\/2022\/12\/IMG_20221221_141202-600x450.jpg\" alt=\"\" class=\"wp-image-156925\" srcset=\"https:\/\/ecolecaritas.be\/new\/wp-content\/uploads\/2022\/12\/IMG_20221221_141202-600x450.jpg 600w, https:\/\/ecolecaritas.be\/new\/wp-content\/uploads\/2022\/12\/IMG_20221221_141202-300x225.jpg 300w, https:\/\/ecolecaritas.be\/new\/wp-content\/uploads\/2022\/12\/IMG_20221221_141202-768x576.jpg 768w, https:\/\/ecolecaritas.be\/new\/wp-content\/uploads\/2022\/12\/IMG_20221221_141202-1536x1152.jpg 1536w, https:\/\/ecolecaritas.be\/new\/wp-content\/uploads\/2022\/12\/IMG_20221221_141202-678x509.jpg 678w, https:\/\/ecolecaritas.be\/new\/wp-content\/uploads\/2022\/12\/IMG_20221221_141202-326x245.jpg 326w, https:\/\/ecolecaritas.be\/new\/wp-content\/uploads\/2022\/12\/IMG_20221221_141202-80x60.jpg 80w, https:\/\/ecolecaritas.be\/new\/wp-content\/uploads\/2022\/12\/IMG_20221221_141202-1320x990.jpg 1320w, https:\/\/ecolecaritas.be\/new\/wp-content\/uploads\/2022\/12\/IMG_20221221_141202.jpg 1600w\" sizes=\"auto, (max-width: 600px) 100vw, 600px\" \/><\/figure>\n\n\n\n<figure class=\"wp-block-image size-large\"><img loading=\"lazy\" decoding=\"async\" width=\"600\" height=\"450\" src=\"https:\/\/ecolecaritas.be\/new\/wp-content\/uploads\/2022\/12\/IMG-20221221-WA0027-600x450.jpg\" alt=\"\" class=\"wp-image-156926\" srcset=\"https:\/\/ecolecaritas.be\/new\/wp-content\/uploads\/2022\/12\/IMG-20221221-WA0027-600x450.jpg 600w, https:\/\/ecolecaritas.be\/new\/wp-content\/uploads\/2022\/12\/IMG-20221221-WA0027-300x225.jpg 300w, https:\/\/ecolecaritas.be\/new\/wp-content\/uploads\/2022\/12\/IMG-20221221-WA0027-768x576.jpg 768w, https:\/\/ecolecaritas.be\/new\/wp-content\/uploads\/2022\/12\/IMG-20221221-WA0027-1536x1152.jpg 1536w, https:\/\/ecolecaritas.be\/new\/wp-content\/uploads\/2022\/12\/IMG-20221221-WA0027-678x509.jpg 678w, https:\/\/ecolecaritas.be\/new\/wp-content\/uploads\/2022\/12\/IMG-20221221-WA0027-326x245.jpg 326w, https:\/\/ecolecaritas.be\/new\/wp-content\/uploads\/2022\/12\/IMG-20221221-WA0027-80x60.jpg 80w, https:\/\/ecolecaritas.be\/new\/wp-content\/uploads\/2022\/12\/IMG-20221221-WA0027-1320x990.jpg 1320w, https:\/\/ecolecaritas.be\/new\/wp-content\/uploads\/2022\/12\/IMG-20221221-WA0027.jpg 2048w\" sizes=\"auto, (max-width: 600px) 100vw, 600px\" \/><\/figure>\n\n\n\n<figure class=\"wp-block-image size-large is-resized\"><img loading=\"lazy\" decoding=\"async\" src=\"https:\/\/ecolecaritas.be\/new\/wp-content\/uploads\/2022\/12\/IMG-20221221-WA0025-600x450.jpg\" alt=\"\" class=\"wp-image-156927\" width=\"377\" height=\"282\" srcset=\"https:\/\/ecolecaritas.be\/new\/wp-content\/uploads\/2022\/12\/IMG-20221221-WA0025-600x450.jpg 600w, https:\/\/ecolecaritas.be\/new\/wp-content\/uploads\/2022\/12\/IMG-20221221-WA0025-300x225.jpg 300w, https:\/\/ecolecaritas.be\/new\/wp-content\/uploads\/2022\/12\/IMG-20221221-WA0025-768x576.jpg 768w, https:\/\/ecolecaritas.be\/new\/wp-content\/uploads\/2022\/12\/IMG-20221221-WA0025-1536x1152.jpg 1536w, https:\/\/ecolecaritas.be\/new\/wp-content\/uploads\/2022\/12\/IMG-20221221-WA0025-678x509.jpg 678w, https:\/\/ecolecaritas.be\/new\/wp-content\/uploads\/2022\/12\/IMG-20221221-WA0025-326x245.jpg 326w, https:\/\/ecolecaritas.be\/new\/wp-content\/uploads\/2022\/12\/IMG-20221221-WA0025-80x60.jpg 80w, https:\/\/ecolecaritas.be\/new\/wp-content\/uploads\/2022\/12\/IMG-20221221-WA0025-1320x990.jpg 1320w, https:\/\/ecolecaritas.be\/new\/wp-content\/uploads\/2022\/12\/IMG-20221221-WA0025.jpg 2048w\" sizes=\"auto, (max-width: 377px) 100vw, 377px\" \/><\/figure>\n\n\n\n<figure class=\"wp-block-image size-large\"><img loading=\"lazy\" decoding=\"async\" width=\"600\" height=\"450\" src=\"https:\/\/ecolecaritas.be\/new\/wp-content\/uploads\/2022\/12\/IMG-20221221-WA0003-600x450.jpg\" alt=\"\" class=\"wp-image-156932\" srcset=\"https:\/\/ecolecaritas.be\/new\/wp-content\/uploads\/2022\/12\/IMG-20221221-WA0003-600x450.jpg 600w, https:\/\/ecolecaritas.be\/new\/wp-content\/uploads\/2022\/12\/IMG-20221221-WA0003-300x225.jpg 300w, https:\/\/ecolecaritas.be\/new\/wp-content\/uploads\/2022\/12\/IMG-20221221-WA0003-768x576.jpg 768w, https:\/\/ecolecaritas.be\/new\/wp-content\/uploads\/2022\/12\/IMG-20221221-WA0003-1536x1152.jpg 1536w, https:\/\/ecolecaritas.be\/new\/wp-content\/uploads\/2022\/12\/IMG-20221221-WA0003-678x509.jpg 678w, https:\/\/ecolecaritas.be\/new\/wp-content\/uploads\/2022\/12\/IMG-20221221-WA0003-326x245.jpg 326w, https:\/\/ecolecaritas.be\/new\/wp-content\/uploads\/2022\/12\/IMG-20221221-WA0003-80x60.jpg 80w, https:\/\/ecolecaritas.be\/new\/wp-content\/uploads\/2022\/12\/IMG-20221221-WA0003-1320x990.jpg 1320w, https:\/\/ecolecaritas.be\/new\/wp-content\/uploads\/2022\/12\/IMG-20221221-WA0003.jpg 2000w\" sizes=\"auto, (max-width: 600px) 100vw, 600px\" \/><\/figure>\n\n\n\n<figure class=\"wp-block-image size-large is-resized\"><img loading=\"lazy\" decoding=\"async\" src=\"https:\/\/ecolecaritas.be\/new\/wp-content\/uploads\/2022\/12\/IMG-20221221-WA0021-600x450.jpg\" alt=\"\" class=\"wp-image-156928\" width=\"370\" height=\"277\" srcset=\"https:\/\/ecolecaritas.be\/new\/wp-content\/uploads\/2022\/12\/IMG-20221221-WA0021-600x450.jpg 600w, https:\/\/ecolecaritas.be\/new\/wp-content\/uploads\/2022\/12\/IMG-20221221-WA0021-300x225.jpg 300w, https:\/\/ecolecaritas.be\/new\/wp-content\/uploads\/2022\/12\/IMG-20221221-WA0021-768x576.jpg 768w, https:\/\/ecolecaritas.be\/new\/wp-content\/uploads\/2022\/12\/IMG-20221221-WA0021-678x509.jpg 678w, https:\/\/ecolecaritas.be\/new\/wp-content\/uploads\/2022\/12\/IMG-20221221-WA0021-326x245.jpg 326w, https:\/\/ecolecaritas.be\/new\/wp-content\/uploads\/2022\/12\/IMG-20221221-WA0021-80x60.jpg 80w, https:\/\/ecolecaritas.be\/new\/wp-content\/uploads\/2022\/12\/IMG-20221221-WA0021.jpg 1024w\" sizes=\"auto, (max-width: 370px) 100vw, 370px\" \/><\/figure>\n\n\n\n<figure class=\"wp-block-image size-large is-resized\"><img loading=\"lazy\" decoding=\"async\" src=\"https:\/\/ecolecaritas.be\/new\/wp-content\/uploads\/2022\/12\/IMG_20221221_144602-420x600.jpg\" alt=\"\" class=\"wp-image-156939\" width=\"194\" height=\"276\" srcset=\"https:\/\/ecolecaritas.be\/new\/wp-content\/uploads\/2022\/12\/IMG_20221221_144602-420x600.jpg 420w, https:\/\/ecolecaritas.be\/new\/wp-content\/uploads\/2022\/12\/IMG_20221221_144602-210x300.jpg 210w, https:\/\/ecolecaritas.be\/new\/wp-content\/uploads\/2022\/12\/IMG_20221221_144602-768x1096.jpg 768w, https:\/\/ecolecaritas.be\/new\/wp-content\/uploads\/2022\/12\/IMG_20221221_144602-600x856.jpg 600w, https:\/\/ecolecaritas.be\/new\/wp-content\/uploads\/2022\/12\/IMG_20221221_144602-1076x1536.jpg 1076w, https:\/\/ecolecaritas.be\/new\/wp-content\/uploads\/2022\/12\/IMG_20221221_144602-1320x1884.jpg 1320w, https:\/\/ecolecaritas.be\/new\/wp-content\/uploads\/2022\/12\/IMG_20221221_144602.jpg 1330w\" sizes=\"auto, (max-width: 194px) 100vw, 194px\" \/><\/figure>\n\n\n\n<figure class=\"wp-block-video\"><video height=\"480\" style=\"aspect-ratio: 528 \/ 480;\" width=\"528\" controls src=\"https:\/\/ecolecaritas.be\/new\/wp-content\/uploads\/2022\/12\/VID-20221221-WA0028.mp4\"><\/video><\/figure>\n","protected":false},"excerpt":{"rendered":"<div class=\"mh-excerpt\"><p>No\u00ebl est aussi dans les d\u00e9tails. Bravo \u00e0 tous pour la vari\u00e9t\u00e9 des accessoires aux couleurs de No\u00ebl port\u00e9s aujourd&rsquo;hui. La magie s&rsquo;installe \u00e0 Caritas. <a class=\"mh-excerpt-more\" href=\"https:\/\/ecolecaritas.be\/new\/chacun-son-accessoire-de-noel-%f0%9f%8e%85%f0%9f%8e%84\/\" title=\"Chacun son accessoire de No\u00ebl !&#x1f385;&#x1f384;\">[&#8230;]<\/a><\/p>\n<\/div>","protected":false},"author":4,"featured_media":0,"comment_status":"closed","ping_status":"closed","sticky":false,"template":"","format":"standard","meta":{"footnotes":""},"categories":[1],"tags":[],"class_list":["post-156937","post","type-post","status-publish","format-standard","hentry","category-uncategorized"],"_links":{"self":[{"href":"https:\/\/ecolecaritas.be\/new\/wp-json\/wp\/v2\/posts\/156937","targetHints":{"allow":["GET"]}}],"collection":[{"href":"https:\/\/ecolecaritas.be\/new\/wp-json\/wp\/v2\/posts"}],"about":[{"href":"https:\/\/ecolecaritas.be\/new\/wp-json\/wp\/v2\/types\/post"}],"author":[{"embeddable":true,"href":"https:\/\/ecolecaritas.be\/new\/wp-json\/wp\/v2\/users\/4"}],"replies":[{"embeddable":true,"href":"https:\/\/ecolecaritas.be\/new\/wp-json\/wp\/v2\/comments?post=156937"}],"version-history":[{"count":7,"href":"https:\/\/ecolecaritas.be\/new\/wp-json\/wp\/v2\/posts\/156937\/revisions"}],"predecessor-version":[{"id":156947,"href":"https:\/\/ecolecaritas.be\/new\/wp-json\/wp\/v2\/posts\/156937\/revisions\/156947"}],"wp:attachment":[{"href":"https:\/\/ecolecaritas.be\/new\/wp-json\/wp\/v2\/media?parent=156937"}],"wp:term":[{"taxonomy":"category","embeddable":true,"href":"https:\/\/ecolecaritas.be\/new\/wp-json\/wp\/v2\/categories?post=156937"},{"taxonomy":"post_tag","embeddable":true,"href":"https:\/\/ecolecaritas.be\/new\/wp-json\/wp\/v2\/tags?post=156937"}],"curies":[{"name":"wp","href":"https:\/\/api.w.org\/{rel}","templated":true}]}}